{"id":10263,"date":"2026-04-28T05:49:14","date_gmt":"2026-04-28T08:49:14","guid":{"rendered":"https:\/\/saeeg.org\/?p=10263"},"modified":"2026-04-28T05:51:07","modified_gmt":"2026-04-28T08:51:07","slug":"la-inteligencia-argentina-sin-rumbo-y-sumando-fracasos-algunas-propuestas-para-su-reconstruccion","status":"publish","type":"post","link":"https:\/\/saeeg.org\/index.php\/2026\/04\/28\/la-inteligencia-argentina-sin-rumbo-y-sumando-fracasos-algunas-propuestas-para-su-reconstruccion\/","title":{"rendered":"LA INTELIGENCIA ARGENTINA SIN RUMBO Y SUMANDO FRACASOS. ALGUNAS PROPUESTAS PARA SU RECONSTRUCCI\u00d3N."},"content":{"rendered":"\n<p style=\"text-align: center;\"><em><strong><span style=\"font-family: tahoma, arial, helvetica, sans-serif;\">Marcelo Javier de los Reyes*<\/span><\/strong><\/em><\/p>\n\n\n<div class=\"wp-block-image\">\n<figure class=\"aligncenter size-full\"><img loading=\"lazy\" decoding=\"async\" width=\"503\" height=\"340\" src=\"https:\/\/saeeg.org\/wp-content\/uploads\/2026\/04\/MJR-INTELIGENCIA-MILEI-PROPUESTAS-2.png\" alt=\"\" class=\"wp-image-10264\" srcset=\"https:\/\/saeeg.org\/wp-content\/uploads\/2026\/04\/MJR-INTELIGENCIA-MILEI-PROPUESTAS-2.png 503w, https:\/\/saeeg.org\/wp-content\/uploads\/2026\/04\/MJR-INTELIGENCIA-MILEI-PROPUESTAS-2-300x203.png 300w\" sizes=\"auto, (max-width: 503px) 100vw, 503px\" \/><\/figure>\n<\/div>\n\n\n<h5 style=\"text-align: justify;\"><span style=\"font-family: tahoma, arial, helvetica, sans-serif;\"><strong>Una ruptura m\u00e1s del sistema republicano<\/strong><\/span><\/h5>\n<p style=\"text-align: justify;\"><span style=\"font-family: tahoma, arial, helvetica, sans-serif;\">La Camara de Diputados y el Senado ha sancionado la denominada \u00abLey de Bases y Puntos de Partida para la Libertad de los Argentinos\u00bb \u2015Ley 27.742 publicada en el Bolet\u00edn Oficial el 8 de julio de 2024\u2015 por la cual el Poder Legislativo le cedi\u00f3 al Poder Ejecutivo funciones legislativas que le corresponden. No es la primera vez que los miembros del Congreso le otorgan esta potestad excepcional al Ejecutivo, una pr\u00e1ctica que precisamente ha dejado de ser excepcional desde la presidencia de Eduardo Duhalde. Claramente, la situaci\u00f3n en 2002 podr\u00eda ameritar esa cesi\u00f3n pero de ninguna manera debi\u00f3 haberse procedido con ese temperamento con los gobiernos que le sucedieron.<\/span><\/p>\n<p style=\"text-align: justify;\"><span style=\"font-family: tahoma, arial, helvetica, sans-serif;\">Cuando Montesquieu formul\u00f3 la divisi\u00f3n de poderes en <em>El esp\u00edritu de las leyes<\/em> (1748) consider\u00f3 que era apropiada la distribuci\u00f3n de las funciones del Estado en tres poderes independientes \u2014legislativo, ejecutivo y judicial\u2014 para evitar la concentraci\u00f3n del poder, garantizar la libertad pol\u00edtica y prevenir la tiran\u00eda mediante un sistema de contrapesos. A pesar de ello y aunque no se proceda a esa cesi\u00f3n, el sistema de contrapesos no funciona en nuestra Argentina, toda vez que los miembros del Poder Judicial suelen ser demasiado ben\u00e9volos con los gobiernos de turno, \u00abbenevolencia\u00bb que le cuesta muy cara al Estado Nacional y a los argentinos.<\/span><\/p>\n<p style=\"text-align: justify;\"><span style=\"font-family: tahoma, arial, helvetica, sans-serif;\">Como se ha mencionado, la concepci\u00f3n de la divisi\u00f3n de poderes formulada por Montesquieu busca prevenir la tiran\u00eda y como se puede apreciar en las reformas del Sistema de Inteligencia Nacional, las modificaciones son absolutamente anticonstitucionales y muestran una peligrosa deriva autoritaria del gobierno.<\/span><\/p>\n<p style=\"text-align: justify;\"><span style=\"font-family: tahoma, arial, helvetica, sans-serif;\">Al asumir la presidencia Javier Milei no exist\u00eda una situaci\u00f3n de emergencia p\u00fablica que justificara esa cesi\u00f3n de poderes. Las recurrentes crisis econ\u00f3micas que sufre nuestro pa\u00eds no son m\u00e1s que una crisis que la dirigencia pol\u00edtica ha convertido en una problem\u00e1tica estructural ocasionada por la mala administraci\u00f3n de la cosa p\u00fablica pero sobre todo por la corrupci\u00f3n, en la cual el Poder Judicial tiene la mayor responsabilidad, aunque eso no libera de la misma al Poder Legislativo.<\/span><\/p>\n<h5 style=\"text-align: justify;\"><span style=\"font-family: tahoma, arial, helvetica, sans-serif;\"><strong>Desentendi\u00e9ndose de la Inteligencia <\/strong><\/span><\/h5>\n<p style=\"text-align: justify;\"><span style=\"font-family: tahoma, arial, helvetica, sans-serif;\">Desde el primer d\u00eda, el presidente \u2015quien se autopercib\u00eda como \u00abespecialista en temas de crecimiento econ\u00f3mico con o sin dinero\u00bb y que afirmaba que sab\u00eda \u00abc\u00f3mo terminar con la pobreza y la indigencia\u00bb\u2015 no s\u00f3lo no manej\u00f3 la econom\u00eda nacional sino que la puso en manos Luis \u00abToto\u00bb Caputo, de quien afirmaba: \u00abRecuerdo que, por ejemplo, Caputo se fum\u00f3 m\u00e1s de US$ 15.000 millones. Se termin\u00f3 en el Fondo Monetario Internacional (FMI), lo echaron a Sturzenegger acus\u00e1ndolo de manejar mal la mesa, vino Caputo y se fum\u00f3 US$ 15.000 millones de reservas irresponsablemente, ineficientemente. Y nos deja este despiole de la Leliq\u00bb<a href=\"#_edn1\" name=\"_ednref1\">[1]<\/a>. Si el \u00abespecialista\u00bb no se ocupaba de lo que sab\u00eda y eligi\u00f3 a qui\u00e9n poco antes consideraba un incapaz, mal pod\u00eda hacerse cargo de la Inteligencia Nacional, \u00e1rea de la que ninguno de los que llega al gobierno tiene una m\u00ednima idea y que suelen confundir con \u00abSeguridad\u00bb.<\/span><\/p>\n<p style=\"text-align: justify;\"><span style=\"font-family: tahoma, arial, helvetica, sans-serif;\">Desconociendo y contrariando la Ley de Inteligencia Nacional 25.520, cuyo Art\u00edculo 12 expresa que \u00abEl Presidente de la Naci\u00f3n fijar\u00e1 los lineamientos estrat\u00e9gicos y objetivos generales de la pol\u00edtica de Inteligencia Nacional\u00bb, puso <em>de facto<\/em> el Sistema de Inteligencia Nacional bajo control del entonces Jefe de Gabinete de Ministros, Nicol\u00e1s Posse, quien asumi\u00f3 el 10 de diciembre de 2023 y que renunci\u00f3 en mayo de 2024, en buena medida porque se lo responsabiliz\u00f3 de realizar tareas de espionaje interno sobre funcionarios de su propio gobierno y opositores. Durante ese breve per\u00edodo la Inteligencia Nacional estuvo operada por militares que, al parecer, no eran del \u00e1mbito de la inteligencia y que adem\u00e1s debe tenerse presente que la Inteligencia Estrat\u00e9gica Militar difiere considerablemente de la Inteligencia Estrat\u00e9gica Nacional que es, vale recordar, de car\u00e1cter civil.<\/span><\/p>\n<p style=\"text-align: justify;\"><span style=\"font-family: tahoma, arial, helvetica, sans-serif;\">Tras la salida de Posse, la Inteligencia Nacional est\u00e1 \u00abinformalmente\u00bb en manos del \u00abmonotributista\u00bb Santiago Caputo, asesor presidencial que no cumple ning\u00fan cargo de funcionario dentro del organigrama oficial. De tal manera que la irresponsabilidad de Milei en materia de Inteligencia llega a un grado que es dif\u00edcil de caracterizar en t\u00e9rminos negativos.<\/span><\/p>\n<h5 style=\"text-align: justify;\"><span style=\"font-family: tahoma, arial, helvetica, sans-serif;\"><strong>Reformas del Sistema de Inteligencia Nacional<\/strong><\/span><\/h5>\n<p style=\"text-align: justify;\"><span style=\"font-family: tahoma, arial, helvetica, sans-serif;\">Dicho esto, cabe se\u00f1alar que en ning\u00fan p\u00e1rrafo de la llamada \u00abLey Bases\u00bb se menciona la necesidad de modificar, una vez m\u00e1s, el Sistema de Inteligencia Nacional (SIN). No obstante, quienes detentan el Poder Ejecutivo podr\u00e1n arg\u00fcir que mediante el T\u00edtulo II referido a la Reforma del Estado podr\u00eda implementar modificaciones en el mencionado sistema.<\/span><\/p>\n<p style=\"text-align: justify;\"><span style=\"font-family: tahoma, arial, helvetica, sans-serif;\">Desde que asumi\u00f3 este gobierno \u00ablibertario\u00bb \u2015pero enemigo de la libertad\u2015 se procedi\u00f3 a las siguientes modificaciones en materia de Inteligencia:<\/span><\/p>\n<ul>\n<li style=\"list-style-type: none;\">\n<ul style=\"text-align: justify;\">\n<li><span style=\"font-family: tahoma, arial, helvetica, sans-serif;\">En julio de 2024, a trav\u00e9s del Decreto n\u00b0 614\/2024 se procedi\u00f3 a una reestructuraci\u00f3n profunda del SIN, mediante el cual se disolvi\u00f3 la Agencia Federal de Inteligencia (AFI) y se cre\u00f3 nuevamente la Secretar\u00eda de Inteligencia del Estado (SIDE), conformada por cuatro agencias: el Servicio de Inteligencia Argentino (SIA), la Agencia de Seguridad Nacional (ASN), la Agencia Federal de Ciberseguridad (AFC) y la Divisi\u00f3n de Asuntos Internos (DAI).<\/span><\/li>\n<li><span style=\"font-family: tahoma, arial, helvetica, sans-serif;\">Mediante el controvertido Decreto de Necesidad y Urgencia (DNU) n\u00b0 656\/2024 se le otorgaron a la SIDE $ 100.000 millones adicionales en car\u00e1cter de fondos reservados, lo cual fue rechazado por la C\u00e1mara de Diputados (Resoluci\u00f3n n\u00b0 76\/2024 del 21 de agosto de 2024) y por el Senado (Resoluci\u00f3n 32\/2024 del 12\/09\/2024), por lo cual \u00abSantiago Caputo, el asesor presidencial que reestructur\u00f3 la Secretar\u00eda de Inteligencia del Estado (SIDE), avis\u00f3 que el organismo que en los papeles dirige Sergio Neiffert devolver\u00e1 cada uno de los $100 mil millones\u00bb<a href=\"#_edn2\" name=\"_ednref2\">[2]<\/a>. Sin embargo, algunos medios informaron por entonces que ya se hab\u00eda ejecutado el 80% de ese monto.<\/span><\/li>\n<li><span style=\"font-family: tahoma, arial, helvetica, sans-serif;\">El 1\u00b0 de enero de 2026 Infobae dio a conocer el DNU-2025-941-\u00abAPN-PTE &#8211; Modificaci\u00f3n de la Ley de Inteligencia Nacional N\u00b0 25.520\u00bb<a href=\"#_edn3\" name=\"_ednref3\">[3]<\/a>, que fue publicado en el Bolet\u00edn Oficial con fecha 2 de enero, firmado el 31 de diciembre de 2025 por el presidente Javier Milei y todo el gabinete, el cual reordena la estructura de toda el \u00e1rea, crea agencias, disuelve otras y unifica tareas supuestamente para facilitar el intercambio de datos y le otorga a la SIDE un poder que emula a la \u00abSecuritate\u00bb (oficialmente Departamentul Securit\u0103\u021bii Statului, \u00abDepartamento de Seguridad del Estado\u00bb), la polic\u00eda secreta rumana del r\u00e9gimen comunista. Al fin y al cabo, siempre se afirma que los extremos se tocan.<\/span><\/li>\n<\/ul>\n<\/li>\n<\/ul>\n<p style=\"text-align: justify;\"><span style=\"font-family: tahoma, arial, helvetica, sans-serif;\">Lo \u00fanico positivo es volver a la denominaci\u00f3n SIDE para recordar que la Inteligencia le corresponde al Estado Nacional, aunque en los hechos los libertarios siguen manejando una Inteligencia \u00abde gobierno\u00bb, como han hecho todos los gobiernos de esta partidocracia.<\/span><\/p>\n<h5 style=\"text-align: justify;\"><span style=\"font-family: tahoma, arial, helvetica, sans-serif;\"><strong>\u00bfEra necesario reformar la Inteligencia?<\/strong><\/span><\/h5>\n<p style=\"text-align: justify;\"><span style=\"font-family: tahoma, arial, helvetica, sans-serif;\">Mediante la sanci\u00f3n de la Ley 27.126, el 25 de febrero de 2015, el gobierno de Cristina Fern\u00e1ndez de Kirchner se propuso desmantelar la estructura de la ex Secretar\u00eda de Inteligencia, aumentar la transparencia, fortalecer la democracia, profesionalizar el servicio de inteligencia, limitar los fondos reservados y separar la inteligencia de la investigaci\u00f3n judicial.<\/span><\/p>\n<p style=\"text-align: justify;\"><span style=\"font-family: tahoma, arial, helvetica, sans-serif;\">A ello cabe agregar la \u00abintenci\u00f3n\u00bb de poner fin al espionaje ilegal, la compra de jueces y la financiaci\u00f3n ilegal de la pol\u00edtica. Claro que no tuvo mucho tiempo para demostrar si esa transformaci\u00f3n ser\u00eda posible porque su gobierno termin\u00f3 en diciembre de 2015.<\/span><\/p>\n<p style=\"text-align: justify;\"><span style=\"font-family: tahoma, arial, helvetica, sans-serif;\">Luego del gobierno de Mauricio Macri (2015 \u2013 2019), quien hizo un uso discrecional de la Inteligencia y de sus recursos \u2015quiz\u00e1s sea suficiente con mencionar la operaci\u00f3n de la Inteligencia sobre el Poder Judicial, la banda \u00abS\u00faper Mario Bros\u00bb, y el espionaje ilegal a los familiares de los tripulantes del ARA San Juan\u2015, el 10 diciembre de 2019, asumi\u00f3 la presidencia Alberto Fern\u00e1ndez, quien en su primer discurso anunci\u00f3 la intervenci\u00f3n de la Agencia Federal de Inteligencia (AFI) y prometi\u00f3 terminar con los \u00abs\u00f3tanos de la democracia\u00bb. En esa oportunidad declar\u00f3 el \u00abnunca m\u00e1s\u00bb a una justicia contaminada por servicios de inteligencia y operadores judiciales. El gatopardismo sigui\u00f3 mostrando su vigencia.<\/span><\/p>\n<p style=\"text-align: justify;\"><span style=\"font-family: tahoma, arial, helvetica, sans-serif;\">Durante su gobierno, la entonces interventora de la AFI, la abogada Cristina Caama\u00f1o estuvo trabajando en una nueva ley de Inteligencia. Ya me refer\u00ed a ese tema en un art\u00edculo titulado <a href=\"https:\/\/saeeg.org\/index.php\/2021\/01\/26\/mas-innovaciones-en-materia-de-inteligencia\/\">\u00abM\u00e1s \u201cinnovaciones\u201d en materia de Inteligencia\u00bb<\/a> (publicado el 26 de enero de 2021), en el cual expuse que \u00abno parece serio cambiar nuevamente la Ley de Inteligencia, cuya \u00faltima ley, la 27.126 fue llevada a cabo por la actual vicepresidente, en ese momento en ejercicio de la Presidencia de la Naci\u00f3n\u00bb.<\/span><span style=\"font-family: tahoma, arial, helvetica, sans-serif;\"><strong>&nbsp;<\/strong><\/span><\/p>\n<h5 style=\"text-align: justify;\"><span style=\"font-family: tahoma, arial, helvetica, sans-serif;\"><strong>Esc\u00e1ndalos en la SIDE libertaria<\/strong><\/span><\/h5>\n<p style=\"text-align: justify;\"><span style=\"font-family: tahoma, arial, helvetica, sans-serif;\">Como no pod\u00eda ser de otro modo, la corrupci\u00f3n libertaria tambi\u00e9n alcanz\u00f3 a la SIDE y una vez m\u00e1s se hizo una propaganda a la \u00abprofesionalizaci\u00f3n\u00bb del organismo. El resultado: m\u00e1s de lo mismo. Sin embargo, estos han empleado hasta la IA para hacer dise\u00f1os de pat\u00e9ticos logos que parecen m\u00e1s propios de las agencias de inteligencia estadounidenses y de sociedades secretas.<\/span><\/p>\n<p style=\"text-align: justify;\"><span style=\"font-family: tahoma, arial, helvetica, sans-serif;\">Nuevamente se recurre a purgas, las que se vienen llevando a cabo desde hace d\u00e9cadas impidiendo una transferencia de conocimientos y la pr\u00e1ctica desaparici\u00f3n de personal de carrera dentro del organismo. Eso s\u00ed, ingresa personal sin experiencia y algunos por amiguismo y contin\u00faa la cl\u00e1sica lucha de poder por los puestos de la SIDE, como oportunamente se denunci\u00f3 la puja entre Santiago Caputo y el Secretario de Asuntos Estrat\u00e9gicos, Jos\u00e9 Luis Vila \u2015un radical, funcionario \u00abtransversal\u00bb a los diferentes gobiernos ya que forma parte del <em>establishment<\/em> por su relaci\u00f3n con Enrique \u00abCoti\u00bb Nosiglia\u2015, para quedarse con una parte de la estructura de la agencia<a href=\"#_edn4\" name=\"_ednref4\">[4]<\/a>.<\/span><\/p>\n<p style=\"text-align: justify;\"><span style=\"font-family: tahoma, arial, helvetica, sans-serif;\">No pod\u00eda faltar el seguimiento a ciertas figuras de la pol\u00edtica que parecen haber sido \u00abcaminados\u00bb \u2015para emplear la jerga de inteligencia\u2015 por agentes de la SIDE, lo que implicar\u00eda una ilegalidad y, a\u00fan peor, al servicio del lobby pol\u00edtico y empresarial bajo la \u00f3rbita de Caputo. Nada de cuestiones de seguridad de Estado.<\/span><\/p>\n<p style=\"text-align: justify;\"><span style=\"font-family: tahoma, arial, helvetica, sans-serif;\">Desde que lleg\u00f3 este gobierno la gesti\u00f3n no estuvo exenta de esc\u00e1ndalos y desde fines del a\u00f1o 2025 se produjeron renuncias y cambios que dejaron de lado toda la discreci\u00f3n que requiere un organismo de Inteligencia. Luego de algunos casos sonoros que llegaron a los medios, el entonces titular Sergio Neiffert renunci\u00f3 al cargo, evidentemente forzado para que lo hiciera luego de denuncias por mal uso de fondos reservados, por el caso de dos funcionarios que viajaron a ver la carrera de F\u00f3rmula 1 en Bak\u00fa, Azerbaiy\u00e1n, seg\u00fan denunciaron los diputados Esteban Paul\u00f3n y M\u00f3nica Fein. Los funcionarios de la SIDE habr\u00edan utilizado cerca de $ 20 millones de pesos de fondos p\u00fablicos reservados para viajar a ver al piloto Franco Colapinto<a href=\"#_edn5\" name=\"_ednref5\">[5]<\/a>.<\/span><\/p>\n<p style=\"text-align: justify;\"><span style=\"font-family: tahoma, arial, helvetica, sans-serif;\">Para reemplazar a Neiffert nombraron a Cristian Auguadra que, al igual que su antecesor y tantos otros que llegaron a ese destino, no cuentan con una experiencia m\u00ednima para ocupar el cargo. En el caso de Auguadra, la informaci\u00f3n period\u00edstica no le es favorable.<\/span><\/p>\n<p style=\"text-align: justify;\"><span style=\"font-family: tahoma, arial, helvetica, sans-serif;\">Uno de los hechos recientes tuvo como objetivo la AFA, la Asociaci\u00f3n del F\u00fatbol Argentino. A mediados de abril de este a\u00f1o, estall\u00f3 una denuncia sobre una presunta operaci\u00f3n de inteligencia para intervenir o desestabilizar a la AFA con la denominada \u00abOperaci\u00f3n Pendrive\u00bb<a href=\"#_edn6\" name=\"_ednref6\">[6]<\/a>. Tambi\u00e9n se detectaron c\u00e1maras de seguridad orientadas hacia la ex sede de la AFA desde un edificio lindero, propiedad del jefe de la SIDE, Cristian Auguadra<a href=\"#_edn7\" name=\"_ednref7\">[7]<\/a>.<\/span><\/p>\n<p style=\"text-align: justify;\"><span style=\"font-family: tahoma, arial, helvetica, sans-serif;\">La falta de control dentro y fuera de la SIDE es absoluta, pues la Comisi\u00f3n Bicameral de Inteligencia parece que, como pasa habitualmente, no llega a nada. Recordemos el famoso caso de la \u00abBanelco\u00bb y tantos otros esc\u00e1ndalos que pasaron sin m\u00e1s. \u00bfDe d\u00f3nde salen los fondos para \u00abconvencer\u00bb que algunos legisladores voten las leyes que pide este gobierno para avanzar en la entrega de la Naci\u00f3n?<\/span><\/p>\n<p style=\"text-align: justify;\"><span style=\"font-family: tahoma, arial, helvetica, sans-serif;\">Todo sigue como entonces\u2026<\/span><\/p>\n<h5 style=\"text-align: justify;\"><span style=\"font-family: tahoma, arial, helvetica, sans-serif;\"><strong>Palantir y los periodistas fuera de la Casa Rosada<\/strong><\/span><\/h5>\n<p style=\"text-align: justify;\"><span style=\"font-family: tahoma, arial, helvetica, sans-serif;\">El video que unos periodistas realizaron de los conocidos pasillos de la Casa Rosada y de las puertas de algunos despachos le sirvi\u00f3 al gobierno para prohibir el ingreso a la Casa Rosada a todos los periodistas acreditados, decisi\u00f3n tomada por la Casa Militar con el \u00fanico fin de garantizar la seguridad nacional. Seg\u00fan la presentaci\u00f3n realizada por la Casa Militar, el material grabado habr\u00eda \u00abvulnerado la seguridad de las instalaciones y expuesto informaci\u00f3n considerada estrat\u00e9gica para el funcionamiento del Poder Ejecutivo\u00bb.<\/span><\/p>\n<p style=\"text-align: justify;\"><span style=\"font-family: tahoma, arial, helvetica, sans-serif;\">Sin embargo, no hubo tanto celo por la seguridad, ni siquiera de la del presidente \u2015quien al momento de la difusi\u00f3n de esa filmaci\u00f3n se encontraba de festejos en Israel, en una zona en guerra\u2015, en oportunidad de que lo visitaran en la Casa Rosada Hayden Davis, el criptoempresario que lanz\u00f3 $LIBRA, o \u00abJulian Peh\u00bb, quien no se llamaba as\u00ed ni exist\u00edan registros de su ingreso al pa\u00eds. No volver\u00e9 sobre este tema, el cual lo abord\u00e9 profusamente en otro art\u00edculo titulado \u00ab<a href=\"https:\/\/saeeg.org\/index.php\/2025\/08\/17\/la-relevancia-de-conocer-la-politica-internacional-y-de-emplear-la-inteligencia-de-estado-el-caso-libra\/\">La relevancia de conocer la pol\u00edtica internacional y de emplear la Inteligencia de Estado. El caso $Libra<\/a>\u00bb, publicado el 17\/08\/2025.<\/span><\/p>\n<p style=\"text-align: justify;\"><span style=\"font-family: tahoma, arial, helvetica, sans-serif;\">A buena parte de la prensa, como ser\u00eda l\u00f3gico, no se le escap\u00f3 el hecho de que la prohibici\u00f3n a los periodistas coincidi\u00f3 con la visita de Peter Thiel, cofundador de la corporaci\u00f3n <em>Palantir Technologies Inc<\/em>. \u2015empresa estadounidense que cotiza en bolsa y desarrolla plataformas de integraci\u00f3n y an\u00e1lisis de datos\u2015 a la Casa Rosada. Evidentemente, se procedi\u00f3 a un blindaje de la Casa de Gobierno a los medios.<\/span><\/p>\n<p style=\"text-align: justify;\"><span style=\"font-family: tahoma, arial, helvetica, sans-serif;\"><em>Palantir<\/em> fue fundada en 2003 con apoyo de la CIA. Palantir desarrolla software especializados en el <strong>an\u00e1lisis de grandes vol\u00famenes de datos (big data) e inteligencia artificial<\/strong> y desarrolla plataformas que integran, gestionan y aseguran datos complejos para gobiernos, agencias de inteligencia y grandes empresas, permitiendo tomar decisiones basadas en informaci\u00f3n en tiempo real<a href=\"#_edn8\" name=\"_ednref8\">[8]<\/a>.<\/span><\/p>\n<p style=\"text-align: justify;\"><span style=\"font-family: tahoma, arial, helvetica, sans-serif;\">La corporaci\u00f3n ha desarrollado \u00abPalantir Gotham\u00bb (utilizado principalmente por agencias de defensa e inteligencia como la CIA y el FBI para identificar patrones ocultos en conjuntos de datos masivos, \u00fatil para seguridad nacional y antiterrorismo), \u00abPalantir Foundry\u00bb (enfocado en el sector privado para integrar datos corporativos y optimizar operaciones, decisiones y detecci\u00f3n de fraudes), \u00abPalantir Apollo\u00bb (herramienta que permite el despliegue autom\u00e1tico de software en cualquier entorno, ya sea en la nube o en sistemas clasificados) y \u00abPalantir AIP (Artificial Intelligence Platform) (plataforma m\u00e1s reciente, dise\u00f1ada para aplicar modelos de lenguaje y IA avanzada a datos complejos de forma segura).<\/span><\/p>\n<p style=\"text-align: justify;\"><span style=\"font-family: tahoma, arial, helvetica, sans-serif;\">\u00abCreamos productos para el an\u00e1lisis humano de datos del mundo real\u00bb, seg\u00fan informa la propia empresa en su sitio web<a href=\"#_edn9\" name=\"_ednref9\">[9]<\/a>. Agrega tambi\u00e9n: \u00abDise\u00f1amos tecnolog\u00eda para ayudar a las instituciones a proteger la libertad. La tecnolog\u00eda anal\u00edtica, especialmente en manos de instituciones poderosas que manejan grandes vol\u00famenes de datos, puede suponer graves riesgos para la privacidad y las libertades civiles\u00bb. Sin embargo, parece que no es precisamente la \u00ablibertad\u00bb a la que defienden sino m\u00e1s bien que la vulneran y lo que muestra como una \u00abvirtud\u00bb resulta contradictoria porque esta corporaci\u00f3n \u00abpoderosa\u00bb se apodera de una impresionante cantidad de datos de los ciudadanos poniendo precisamente en riesgo la privacidad y las libertades civiles. Recordemos la manipulaci\u00f3n llevada a cabo por <em>Cambridge Analytica<\/em>.<\/span><\/p>\n<p style=\"text-align: justify;\"><span style=\"font-family: tahoma, arial, helvetica, sans-serif;\"><em>Palantir<\/em> obtuvo contratos gubernamentales multimillonarios y \u00abha contribuido a prevenir atentados terroristas, planificar misiones ultrasecretas de la CIA y gestionar la distribuci\u00f3n de vacunas. Sin embargo, ha recibido cr\u00edticas por ayudar a funcionarios de inmigraci\u00f3n a identificar y localizar a inmigrantes indocumentados\u00bb<a href=\"#_edn10\" name=\"_ednref10\">[10]<\/a>. Vemos aqu\u00ed algunos puntos a considerar como el t\u00e9rmino \u00abterrorista\u00bb, el cual no se puede aplicar a quien defiende a su pa\u00eds de un invasor extranjero, la planificaci\u00f3n de \u00abmisiones ultrasecretas\u00bb, la identificaci\u00f3n y localizaci\u00f3n de inmigrantes indocumentados nada menos que por parte del ICE, una fuerza que recurre a m\u00e9todos ilegales y violatorios de los derechos humanos. En s\u00edntesis, <strong><em>Palantir<\/em> es un \u00abEstado\u00bb dentro del Estado que le paga contratos multimillonarios y que se hace due\u00f1o de ese Estado que le brinda el acceso a todas sus bases de datos.<\/strong><\/span><\/p>\n<p style=\"text-align: justify;\"><span style=\"font-family: tahoma, arial, helvetica, sans-serif;\">\u00bfQu\u00e9 podemos decir de otro de los socios y fundador de <em>Palantir<\/em>, Alex Karp? Karp es licenciado en Derecho y doctor en teor\u00eda social neocl\u00e1sica y se ha manifestado sobre la superioridad de Occidente y su desd\u00e9n por las protestas antiisrael\u00edes. Karp calific\u00f3 las protestas antiisrael\u00edes en la Universidad de Columbia de \u00abpaganas\u00bb y afirm\u00f3 haber so\u00f1ado con atacar a sus enemigos con drones. \u00abEn una conversaci\u00f3n entre Karp y Jacob Helberg, asesor principal de pol\u00edticas del director ejecutivo de Palantir, sobre el impacto de la IA en la guerra en Ucrania e Israel, Helberg dijo que se estaban coreando \u201cconsignas a favor de Ham\u00e1s\u201d en \u201cuniversidades muy prestigiosas\u201d\u00bb<a href=\"#_edn11\" name=\"_ednref11\">[11]<\/a>. Todo un alegato en favor del racismo y en detrimento de la libertad de expresi\u00f3n y de la democracia.<\/span><\/p>\n<p style=\"text-align: justify;\"><span style=\"font-family: tahoma, arial, helvetica, sans-serif;\"><em>Palantir <\/em>tambi\u00e9n ha recibido fuertes cuestionamientos por su participaci\u00f3n en el genocidio en Gaza por la firma de una \u00abalianza estrat\u00e9gica\u00bb con el Ministerio de Defensa israel\u00ed. Desde octubre de 2023, el ej\u00e9rcito israel\u00ed ha incorporado las herramientas y el software de <em>Palantir<\/em> para su ofensiva en la Franja de Gaza<a href=\"#_edn12\" name=\"_ednref12\">[12]<\/a>.<\/span><\/p>\n<p style=\"text-align: justify;\"><span style=\"font-family: tahoma, arial, helvetica, sans-serif;\">James Bamford en un art\u00edculo publicado en <em>The Nation<\/em> afirma que <em>Palantir<\/em> ha proporcionado al ej\u00e9rcito y a las agencias de inteligencia israel\u00edes \u00abcapacidades de localizaci\u00f3n avanzadas y potentes\u00bb utilizadas en el marco de su guerra en Gaza<a href=\"#_edn13\" name=\"_ednref13\">[13]<\/a>.<\/span><\/p>\n<p style=\"text-align: justify;\"><span style=\"font-family: tahoma, arial, helvetica, sans-serif;\">La corporaci\u00f3n abri\u00f3 sus oficinas en Tel Aviv en 2015 y fue en Israel donde la junta directiva de Palantir se reuni\u00f3 por primera vez en 2024, solo unos meses despu\u00e9s del inicio de la guerra, en un gesto de solidaridad y debido a que Alex Karp es un importante partidario del gobierno de Netanyahu<a href=\"#_edn14\" name=\"_ednref14\">[14]<\/a>.<\/span><\/p>\n<p style=\"text-align: justify;\"><span style=\"font-family: tahoma, arial, helvetica, sans-serif;\">Nada m\u00e1s en sinton\u00eda con el \u00abpensamiento\u00bb o ideolog\u00eda de Milei. Aqu\u00ed cabe destacar que Peter Thiel compr\u00f3 una gran mansi\u00f3n en Barrio Parque, uno de los barrios m\u00e1s caros de Buenos Aires \u2015si no el m\u00e1s caro\u2015, frente a la casa de Susana Gim\u00e9nez, por la que pag\u00f3 US$ 12 millones. Es evidente que Thiel no ha venido de vacaciones porque tendr\u00eda pensado permanecer en la Argentina al menos dos meses. \u00bfAlg\u00fan millonario contrato con el gobierno de Milei? \u00bfTendr\u00e1 la Argentina el mismo destino que Palestina con el presidente \u00abm\u00e1s sionista del mundo\u00bb?<\/span><\/p>\n<p style=\"text-align: justify;\"><span style=\"font-family: tahoma, arial, helvetica, sans-serif;\">Todo est\u00e1 sobre la mesa y la presencia de Thiel y de su empresa, con una motosierra presidiendo el encuentro con Milei en la Casa Rosada nos son buenos augurios para los argentinos.<\/span><\/p>\n<p style=\"text-align: justify;\"><span style=\"font-family: tahoma, arial, helvetica, sans-serif;\">El 25 de abril, en un posteo en X, el ingeniero en Electr\u00f3nica y en Telecomunicaciones Ariel Garbarz escribi\u00f3:<\/span><\/p>\n<p style=\"text-align: justify; padding-left: 40px;\"><span style=\"font-family: tahoma, arial, helvetica, sans-serif;\"><em>\u00abPeter Thiel le ofreci\u00f3 a Milei una arquitectura de poder para gobernar con los datos de la SIDE y otros organismos p\u00fablicos, perfilando y luego controlando y manipulando a los votantes, tal como hizo en Estados Unidos, Reino Unido e Israel\u00bb<\/em>.<\/span><\/p>\n\n\n<div class=\"wp-block-image\">\n<figure class=\"aligncenter size-full\"><img loading=\"lazy\" decoding=\"async\" width=\"669\" height=\"594\" src=\"https:\/\/saeeg.org\/wp-content\/uploads\/2026\/04\/MJR-INTELIGENCIA-MILEI-TUIT-DE-GARBARZ.png\" alt=\"\" class=\"wp-image-10265\" srcset=\"https:\/\/saeeg.org\/wp-content\/uploads\/2026\/04\/MJR-INTELIGENCIA-MILEI-TUIT-DE-GARBARZ.png 669w, https:\/\/saeeg.org\/wp-content\/uploads\/2026\/04\/MJR-INTELIGENCIA-MILEI-TUIT-DE-GARBARZ-300x266.png 300w\" sizes=\"auto, (max-width: 669px) 100vw, 669px\" \/><\/figure>\n<\/div>\n\n\n<p style=\"text-align: justify;\"><span style=\"font-family: tahoma, arial, helvetica, sans-serif;\">A prop\u00f3sito de la vigilancia tecnol\u00f3gica, ser\u00e1 fundamental rever todo el sistema de vigilancia por c\u00e1maras en el territorio nacional y, particularmente, en la Capital Federal, teniendo en cuenta las empresas proveedoras de los equipos, las que las instalaron y las que las monitorean, a\u00fan de aquellas que son monitoreadas por las provincias, los municipios y el Estado Nacional. En general deber\u00e1 recurrirse a la ingenier\u00eda inversa y en adelante deber\u00edan establecerse algunas cl\u00e1usulas para su instalaci\u00f3n.<\/span><\/p>\n<h5 style=\"text-align: justify;\"><span style=\"font-family: tahoma, arial, helvetica, sans-serif;\"><strong>Algunas reflexiones finales<\/strong><\/span><\/h5>\n<p style=\"text-align: justify;\"><span style=\"font-family: tahoma, arial, helvetica, sans-serif;\">Milei no s\u00f3lo destruye lo que he denominado \u00ab<a href=\"https:\/\/saeeg.org\/index.php\/2022\/12\/07\/el-sistema-inmunologico-de-la-nacion-en-peligro-situacion-de-la-inteligencia-de-estado-en-la-argentina\/\"><strong>el sistema inmunol\u00f3gico de la Naci\u00f3n<\/strong><\/a>\u00bb, siguiendo el rumbo de sus predecesores, sino que agrava la posibilidad de que nuestra Argentina \u2015siguiendo la met\u00e1fora de la medicina\u2015 <strong>padezca una sepsis irreversible<\/strong>.<\/span><\/p>\n<p style=\"text-align: justify;\"><span style=\"font-family: tahoma, arial, helvetica, sans-serif;\">Esto es evidente cuando Milei se saca una foto con un criminal de guerra, con el \u00abcarnicero de Medio Oriente\u00bb, provoca un industricidio del que dif\u00edcilmente nuestro pa\u00eds pueda recuperarse, deja a la Argentina sin una pol\u00edtica exterior propia aline\u00e1ndose con Estados Unidos e Israel \u2015aisl\u00e1ndola de los pa\u00edses que respaldan los derechos soberanos sobre las islas Malvinas, Georgias y Sandwich del Sur as\u00ed como de sus principales socios comerciales, miembros estos de los BRICS\u2015, ingreso de militares y de aeronaves extranjeros a la Argentina sin autorizaci\u00f3n del Congreso de la Naci\u00f3n, declara irresponsablemente que nuestro pa\u00eds est\u00e1 \u00aben guerra con Ir\u00e1n\u00bb \u2015toda declaraci\u00f3n de guerra precisa que sea aprobada por el Congreso Nacional\u2015, contin\u00faa con la pol\u00edtica de desarticular el territorio nacional cerrando definitivamente ramales ferroviarios y abandonando el mantenimiento de las rutas nacionales, abriendo la puerta a que empresas como <em>Palantir<\/em> u otras de Israel \u2015recuerden el discurso que pronunci\u00f3 en su reciente visita al ente sionista\u2015 accedan a la informaci\u00f3n privada de los argentinos y a la informaci\u00f3n estrat\u00e9gica del Estado Nacional, acuerda con el empresario brit\u00e1nico Joe Lewis de manera secreta para que el tambi\u00e9n amigo de Mauricio Macri pueda sortear los litigios a los que est\u00e1 siendo sometido por sus operaciones en una zona de \u00abseguridad nacional\u00bb, y un sinf\u00edn de medidas que revelan que \u00abel topo que vino a destruir el Estado desde adentro\u00bb verdaderamente est\u00e1 en guerra con la Argentina. En un pa\u00eds serio ya habr\u00eda sido destituido y sometido a juicio.<\/span><\/p>\n<p style=\"text-align: justify;\"><span style=\"font-family: tahoma, arial, helvetica, sans-serif;\">La presencia de Thiel pondr\u00eda la certeza de que la deriva autoritaria de este gobierno que aglutina lo peor de la casta pol\u00edtica y de las corporaciones econ\u00f3micas del pa\u00eds y del mundo (no nos olvidemos del JP Morgan), estar\u00eda operando para convertir esta cleptocracia en una tecnocracia que ejerza una vigilancia minuciosa sobre cada uno de los argentinos con el objetivo de neutralizar toda expresi\u00f3n o manifestaci\u00f3n en contra de los abusos de su gobierno. Cada d\u00eda que transcurre, el peligro es mayor y el Poder Judicial y el Poder Legislativo \u2015excepci\u00f3n hecha de algunos de sus miembros\u2015 no est\u00e1n a la altura de las circunstancias, por decirlo eufem\u00edsticamente.<\/span><\/p>\n<p style=\"text-align: justify;\"><span style=\"font-family: tahoma, arial, helvetica, sans-serif;\">Todos esos temas en los que el gobierno avanza sin frenos ser\u00edan prioritarios para la Inteligencia Estrat\u00e9gica del Estado Nacional, la que no casualmente ha terminado de destruir Milei.<\/span><\/p>\n<p style=\"text-align: justify;\"><span style=\"font-family: tahoma, arial, helvetica, sans-serif;\"><strong>La primera pregunta clave es, \u00bfse puede reconstruir la Inteligencia Nacional en un futuro gobierno nacional? Si la respuesta es afirmativa, habr\u00eda una segunda pregunta, \u00bfc\u00f3mo?<\/strong><\/span><\/p>\n<p style=\"text-align: justify;\"><span style=\"font-family: tahoma, arial, helvetica, sans-serif;\">A la primera pregunta respondo afirmativamente, aunque ser\u00e1 un proceso largo por las capacidades destruidas, la falta de personal profesional apropiado para esas tareas y la necesidad de reconstruir la confianza con otros organismos de inteligencia de otros pa\u00edses. Como he expresado m\u00e1s de una vez, \u00abla confianza es como la virginidad, se pierde una sola vez\u00bb y en materia de inteligencia requiere una ardua labor, sustentada en buena parte en v\u00ednculos personales. De ah\u00ed la necesidad de mostrar una verdadera recuperaci\u00f3n de esas capacidades recurriendo a personal retirado, pero no a aquellos que han sido parte de su destrucci\u00f3n. Esto ser\u00eda un claro mensaje hacia las agencias extranjeras.<\/span><\/p>\n<p style=\"text-align: justify;\"><span style=\"font-family: tahoma, arial, helvetica, sans-serif;\"><strong>\u00bfC\u00f3mo?<\/strong> Obviamente, y es claro que as\u00ed sea, el jefe de la Inteligencia Nacional \u2015el \u00abSe\u00f1or 5\u00bb\u2015 debe ser una persona de extrema confianza del presidente de la Naci\u00f3n, a quien se debe de manera casi incondicional. \u00bfPor qu\u00e9 \u00abcasi\u00bb? Porque no deber\u00e1 decirle \u00abs\u00ed\u00bb a todo, sino que deber\u00e1 advertirle acerca de determinadas cuestiones y a veces decirle que \u00abno\u00bb cuando los Intereses Nacionales o su seguridad o su imagen est\u00e9n en riesgo ante determinadas decisiones que desee tomar. Sin embargo, el \u00abSe\u00f1or 8\u00bb deber\u00eda ser un agente de carrera con experiencia, conocedor de los resortes del sistema de Inteligencia.<\/span><\/p>\n<p style=\"text-align: justify;\"><span style=\"font-family: tahoma, arial, helvetica, sans-serif;\">Los pasos a tomar para esa reconstrucci\u00f3n requieren:<\/span><\/p>\n<ul>\n<li style=\"list-style-type: none;\">\n<ul style=\"text-align: justify;\">\n<li><span style=\"font-family: tahoma, arial, helvetica, sans-serif;\">lograr que el Congreso derogue la Ley 27.126 y volver plenamente a la vigencia de la Ley 25.520, aunque se vuelva a la denominaci\u00f3n de \u00abSecretar\u00eda de Inteligencia\u00bb, sin que especifique que es \u00abde Estado\u00bb; al fin y al cabo, este gobierno s\u00f3lo le ha cambiado el nombre para que todo siga igual;<\/span><\/li>\n<li><span style=\"font-family: tahoma, arial, helvetica, sans-serif;\">poner en vigencia, nuevamente, el decreto 1.088, mediante el cual se aprob\u00f3 el Estatuto para el Personal de la Secretar\u00eda de Inteligencia y para el Personal Civil de Inteligencia de los Organismos de Inteligencia de las Fuerzas Armadas;<\/span><\/li>\n<li><span style=\"font-family: tahoma, arial, helvetica, sans-serif;\">derogar los decretos del gobierno de Milei, los cuales constituyen un verdadero adefesio en materia de Inteligencia;<\/span><\/li>\n<li><span style=\"font-family: tahoma, arial, helvetica, sans-serif;\">reconstruir la Contrainteligencia, \u00e1rea vital de la Secretar\u00eda de Inteligencia;<\/span><\/li>\n<li><span style=\"font-family: tahoma, arial, helvetica, sans-serif;\">recrear nuevamente la Central Nacional de Inteligencia, en el marco de la Secretar\u00eda de Inteligencia, para coordinar las funciones y operaciones de todos los servicios de inteligencia de la Argentina, a la cual todos los servicios de inteligencia de las Fuerzas de Seguridad, las Fuerzas Armadas, el Ministerio de Relaciones Exteriores y el Ministerio de Econom\u00eda, deber\u00e1n destinar delegados para favorecer una coordinaci\u00f3n eficaz y eficiente entre los diferentes organismos;<\/span><\/li>\n<li><span style=\"font-family: tahoma, arial, helvetica, sans-serif;\">dise\u00f1ar una nueva Doctrina de Inteligencia Nacional conforme a una agenda que contemple los \u00abIntereses Nacionales\u00bb y no a una agenda impuesta desde el exterior;<\/span><\/li>\n<li><span style=\"font-family: tahoma, arial, helvetica, sans-serif;\">cerrar la Secretar\u00eda de Asuntos Estrat\u00e9gicos de la Casa Rosada y transferir sus funciones a la Subsecretar\u00eda de Inteligencia, es decir que las mismas recaer\u00edan sobre el \u00abSe\u00f1or 8\u00bb, a quien debe llegarle la informaci\u00f3n estrat\u00e9gica, de tal manera que se evitar\u00eda la duplicaci\u00f3n de funciones y se eliminar\u00edan puestos oficiales que no han demostrado mayor utilidad para el Estado Nacional;<\/span><\/li>\n<li><span style=\"font-family: tahoma, arial, helvetica, sans-serif;\">contar con un cuerpo de abogados altamente calificados para llevar a cabo un exhaustivo estudio para la recuperaci\u00f3n de organismos y tierras que los diferentes gobiernos han entregado discrecionalmente a sujetos privados;<\/span><\/li>\n<li><span style=\"font-family: tahoma, arial, helvetica, sans-serif;\">iniciar las acciones legales correspondientes para llevar a los tribunales a todos los funcionarios que se desempe\u00f1aron en el \u00e1rea de Inteligencia por causas de malversaci\u00f3n de fondos e incumplimiento de los deberes de funcionario p\u00fablico;<\/span><\/li>\n<li><span style=\"font-family: tahoma, arial, helvetica, sans-serif;\">poner el acento en el reclutamiento de los profesionales y en su formaci\u00f3n, para lo cual ser\u00e1 fundamental que la Escuela Nacional de Inteligencia recupere el prestigio que supo tener en la d\u00e9cada del 90 del siglo pasado, recurriendo a destacados profesores en funci\u00f3n de los programas de estudio que se establezcan. Un punto esencial ser\u00e1 el nombramiento de un director que no provenga de la pol\u00edtica, sino que sea alg\u00fan profesional con trayectoria en las \u00e1reas de Inteligencia;<\/span><\/li>\n<li><span style=\"font-family: tahoma, arial, helvetica, sans-serif;\">implementar en el marco de la Escuela Nacional de Inteligencia los Cursos B\u00e1sicos de Inteligencia para Funcionarios del Estado, lo cual permite impartir nociones b\u00e1sicas a los funcionarios estatales adem\u00e1s de favorecer la construcci\u00f3n de una comunidad informal de Inteligencia;<\/span><\/li>\n<li><span style=\"font-family: tahoma, arial, helvetica, sans-serif;\">establecer, al menos, una base del organismo en cada provincia pero en algunas de ellas \u2015por ejemplo, C\u00f3rdoba y en la regi\u00f3n de la Patagonia\u2015 puede que las necesidades requieran que haya m\u00e1s de una;<\/span><\/li>\n<li><span style=\"font-family: tahoma, arial, helvetica, sans-serif;\">desarrollo de bases regionales para implementar la Inteligencia Competitiva para favorecer el desarrollo de las econom\u00edas regionales;<\/span><\/li>\n<li><span style=\"font-family: tahoma, arial, helvetica, sans-serif;\">fortalecer la presencia de delegados en nuestras embajadas y reconsiderar los pa\u00edses en los cuales tendr\u00e1n sede;<\/span><\/li>\n<li><span style=\"font-family: tahoma, arial, helvetica, sans-serif;\">reestablecer los v\u00ednculos con los servicios de Inteligencia extranjeros, con la mayor parte posible de ellos y no limit\u00e1ndolos a los \u00abhabituales\u00bb de los \u00faltimos gobiernos.<\/span><\/li>\n<\/ul>\n<\/li>\n<\/ul>\n<p style=\"text-align: justify;\"><span style=\"font-family: tahoma, arial, helvetica, sans-serif;\">La plena vigencia de la Ley 25.520 no implica el ideal para la conducci\u00f3n y coordinaci\u00f3n de una Inteligencia Estrat\u00e9gica de Estado pero podr\u00e1, por un lado, establecer un punto de partida para su reorganizaci\u00f3n y coordinaci\u00f3n con otros organismos nacionales y extranjeros, as\u00ed como cerrar un ciclo de improvisaciones que s\u00f3lo han terminado por destruirla.<\/span><\/p>\n<p style=\"text-align: justify;\"><span style=\"font-family: tahoma, arial, helvetica, sans-serif;\">Estas medidas podr\u00e1n, realmente, poner la conducci\u00f3n estrat\u00e9gica y la coordinaci\u00f3n del Sistema de Inteligencia Nacional bajo el control de la Secretar\u00eda de Inteligencia y, especialmente, de la Presidencia de la Naci\u00f3n, a la cual pertenece.<\/span><\/p>\n<p style=\"text-align: justify;\"><span style=\"font-family: tahoma, arial, helvetica, sans-serif;\"><strong>&nbsp;<\/strong><\/span><\/p>\n<p style=\"text-align: justify;\"><span style=\"font-family: tahoma, arial, helvetica, sans-serif; font-size: 10pt;\"><strong><em>* Licenciado en Historia (UBA). Doctor en Relaciones Internacionales (AIU, Estados Unidos). Director ejecutivo de la Sociedad Argentina de Estudios Estrat\u00e9gicos y Globales (SAEEG). Profesor de Inteligencia de la Maestr\u00eda en Inteligencia Estrat\u00e9gica Nacional de la Universidad Nacional de La Plata.<\/em><\/strong><\/span><\/p>\n<p style=\"text-align: justify;\"><span style=\"font-family: tahoma, arial, helvetica, sans-serif; font-size: 10pt;\"><strong><em>Autor del libro \u00abInteligencia y Relaciones Internacionales. Un v\u00ednculo antiguo y su revalorizaci\u00f3n actual para la toma de decisiones\u00bb, Buenos Aires: Editorial Almaluz, 1\u00aa edici\u00f3n 2019, 2da edici\u00f3n 2024. En edici\u00f3n: \u00abEl arte de pensar. Su aplicaci\u00f3n en un mundo incierto\u00bb (Editorial Almaluz).<\/em><\/strong><\/span><\/p>\n<p style=\"text-align: justify;\"><span style=\"font-family: tahoma, arial, helvetica, sans-serif; font-size: 10pt;\"><strong><em>Investigador Senior del IGADI, Instituto Galego de An\u00e1lise e Documentaci\u00f3n Internacional, Pontevedra, Espa\u00f1a.<\/em><\/strong><\/span><\/p>\n<p>&nbsp;<\/p>\n<p style=\"text-align: justify;\"><span style=\"font-family: tahoma, arial, helvetica, sans-serif; font-size: 10pt;\"><strong>Referencias<\/strong><\/span><\/p>\n\n\n\n<p style=\"text-align: justify;\"><span style=\"font-family: tahoma, arial, helvetica, sans-serif; font-size: 10pt;\"><a href=\"#_ednref1\">[1]<\/a> \u00ab\u00bfRESISTE ARCHIVO?: Lo que dec\u00eda Milei sobre Caputo, el que \u201cse fum\u00f3 15 mil millones de d\u00f3lares\u201d\u00bb. El Cronista, 28\/11\/2023, <a href=\"https:\/\/www.elcronista.ar\/resiste-archivo-lo-que-decia-milei-sobre-caputo-el-que-se-fumo-15-mil-millones-de-dolares\">https:\/\/www.elcronista.ar\/resiste-archivo-lo-que-decia-milei-sobre-caputo-el-que-se-fumo-15-mil-millones-de-dolares<\/a>, [consulta: 13\/04\/2026].<\/span><\/p>\n<p style=\"text-align: justify;\"><span style=\"font-family: tahoma, arial, helvetica, sans-serif; font-size: 10pt;\"><a href=\"#_ednref2\">[2]<\/a> Pablo Lapuente. \u00abSantiago Caputo promete devolver los $100 mil millones de la SIDE\u00bb. <em>Letra P<\/em>, 13\/09\/2024, <a href=\"https:\/\/www.letrap.com.ar\/politica\/santiago-caputo-promete-devolver-los-100-mil-millones-la-side-n5411167\">https:\/\/www.letrap.com.ar\/politica\/santiago-caputo-promete-devolver-los-100-mil-millones-la-side-n5411167<\/a>, [consulta: 13\/04\/2026].<\/span><\/p>\n<p style=\"text-align: justify;\"><span style=\"font-family: tahoma, arial, helvetica, sans-serif; font-size: 10pt;\"><a href=\"#_ednref3\">[3]<\/a> DNU-2025-941-\u00abAPN-PTE &#8211; Modificaci\u00f3n de la Ley de Inteligencia Nacional N\u00b0 25.520\u00bb, <a href=\"https:\/\/www.boletinoficial.gob.ar\/detalleAviso\/primera\/337032\/20260102\">https:\/\/www.boletinoficial.gob.ar\/detalleAviso\/primera\/337032\/20260102<\/a>.<\/span><\/p>\n<p style=\"text-align: justify;\"><span style=\"font-family: tahoma, arial, helvetica, sans-serif; font-size: 10pt;\"><a href=\"#_ednref4\">[4]<\/a> \u00abBronca en la SIDE con Santiago Caputo porque lleva adelante una purga de agentes, pero meti\u00f3 a su instructor de tiro\u00bb. <em>La Pol\u00edtica Online<\/em>, 07\/11\/2024, <a href=\"https:\/\/www.lapoliticaonline.com\/politica\/bronca-en-la-side-con-santiago-caputo-porque-hizo-una-purga-pero-metio-a-su-instructor-de-tiro\/\">https:\/\/www.lapoliticaonline.com\/politica\/bronca-en-la-side-con-santiago-caputo-porque-hizo-una-purga-pero-metio-a-su-instructor-de-tiro\/<\/a>, [consulta: 06\/12\/2025].<\/span><\/p>\n<p style=\"text-align: justify;\"><span style=\"font-family: tahoma, arial, helvetica, sans-serif; font-size: 10pt;\"><a href=\"#_ednref5\">[5]<\/a> \u00abDiputados denuncian un viaje &#8216;VIP&#8217; de la SIDE a la F\u00f3rmula 1 con fondos p\u00fablicos que cost\u00f3 $19 millones\u00bb. Urgente24, 04\/12\/2025, <a href=\"https:\/\/urgente24.com\/actualidad\/politica\/diputados-denuncian-un-viaje-vip-la-side-la-formula-1-fondos-publicos-que-costo-19-millones-n614628\">https:\/\/urgente24.com\/actualidad\/politica\/diputados-denuncian-un-viaje-vip-la-side-la-formula-1-fondos-publicos-que-costo-19-millones-n614628<\/a>, [consulta: 06\/12\/2025].<\/span><\/p>\n<p style=\"text-align: justify;\"><span style=\"font-family: tahoma, arial, helvetica, sans-serif; font-size: 10pt;\"><a href=\"#_ednref6\">[6]<\/a> \u00abC\u00f3mo se arm\u00f3 la operaci\u00f3n \u201cpendrive\u201d trucho contra AFA: la trama que incluye a un ex ministro, la SIDE, empresarios y hasta el directivo de un importante medio\u00bb. <em>Data Clave<\/em>, 10\/04\/2026, <a href=\"https:\/\/www.dataclave.com.ar\/poder\/la-salida-menos-pensada--alejandro-kim-se-fue-del-espacio-de-guillermo-moreno_a69d92b3b1d2d404fa6dfcfc5\">https:\/\/www.dataclave.com.ar\/poder\/la-salida-menos-pensada&#8211;alejandro-kim-se-fue-del-espacio-de-guillermo-moreno_a69d92b3b1d2d404fa6dfcfc5<\/a>, [consulta: 17\/04\/2026].<\/span><\/p>\n<p style=\"text-align: justify;\"><span style=\"font-family: tahoma, arial, helvetica, sans-serif; font-size: 10pt;\"><a href=\"#_ednref7\">[7]<\/a> \u00ab\u00bfEl jefe de la SIDE puso c\u00e1maras apuntando a la AFA para espiar los movimientos de los dirigentes?\u00bb. <em>Data Clave<\/em>, 10\/04\/2026, <a href=\"https:\/\/www.dataclave.com.ar\/poder\/-el-jefe-de-la-side-puso-camaras-apuntando-a-la-afa-para-espiar-los-movimientos-de-los-dirigentes-_a69d977011d2d404fa6e9f8be\">https:\/\/www.dataclave.com.ar\/poder\/-el-jefe-de-la-side-puso-camaras-apuntando-a-la-afa-para-espiar-los-movimientos-de-los-dirigentes-_a69d977011d2d404fa6e9f8be<\/a>, [consulta: 17\/04\/2026].<\/span><\/p>\n<p style=\"text-align: justify;\"><span style=\"font-family: tahoma, arial, helvetica, sans-serif; font-size: 10pt;\"><a href=\"%5b8%5d\">[8]<\/a> Sitio oficial de <em>Palantir<\/em>, <a href=\"https:\/\/www.palantir.com\/about\/\">https:\/\/www.palantir.com\/about\/<\/a>.<\/span><\/p>\n<p style=\"text-align: justify;\"><span style=\"font-family: tahoma, arial, helvetica, sans-serif; font-size: 10pt;\"><a href=\"#_ednref9\">[9]<\/a> <em>\u00cddem<\/em>.<\/span><\/p>\n<p style=\"text-align: justify;\"><span style=\"font-family: tahoma, arial, helvetica, sans-serif; font-size: 10pt;\"><a href=\"#_ednref10\">[10]<\/a> Jeff Rumage. \u00abInside Palantir: The Tech Giant Powering Government Intelligence\u00bb. <em>Buit In<\/em>, 22\/04\/2026, <a href=\"https:\/\/builtin.com\/articles\/what-is-palantir\">https:\/\/builtin.com\/articles\/what-is-palantir<\/a>, [consulta: 24\/04\/2026].<\/span><\/p>\n<p style=\"text-align: justify;\"><span style=\"font-family: tahoma, arial, helvetica, sans-serif; font-size: 10pt;\"><a href=\"#_ednref11\">[11]<\/a> Madison Hall. \u00abPalantir CEO calls Columbia anti-Israel protests &#8216;pagan&#8217; and says he&#8217;s dreamed of drone striking his enemies\u00bb. <em>Bussiness Insider<\/em>, 02\/05\/2024, <a href=\"https:\/\/www.businessinsider.com\/palantir-ceo-alex-karp-columbia-anti-protests-pagan-north-korea-2024-5\">https:\/\/www.businessinsider.com\/palantir-ceo-alex-karp-columbia-anti-protests-pagan-north-korea-2024-5<\/a>, [consulta: 14\/04\/2026].<\/span><\/p>\n<p style=\"text-align: justify;\"><span style=\"font-family: tahoma, arial, helvetica, sans-serif; font-size: 10pt;\"><a href=\"#_ednref12\">[12]<\/a> \u00ab\u00bfQu\u00e9 se sabe sobre el papel desempe\u00f1ado por Palantir en Gaza?\u00bb <em>Le Grand Continent<\/em>, 04\/10\/2025, <a href=\"https:\/\/legrandcontinent.eu\/es\/2025\/10\/04\/que-se-sabe-sobre-el-papel-desempenado-por-palantir-en-gaza\/\">https:\/\/legrandcontinent.eu\/es\/2025\/10\/04\/que-se-sabe-sobre-el-papel-desempenado-por-palantir-en-gaza\/<\/a>, [consulta: 14\/04\/2026]<\/span><\/p>\n<p style=\"text-align: justify;\"><span style=\"font-family: tahoma, arial, helvetica, sans-serif; font-size: 10pt;\"><a href=\"#_ednref13\">[13]<\/a> James Bamford. \u00abHow US Intelligence and an American Company Feed Israel\u2019s Killing Machine in Gaza\u00bb. <em>The Nation<\/em>, 12\/04\/2024, <a href=\"https:\/\/www.thenation.com\/article\/world\/nsa-palantir-israel-gaza-ai\/\">https:\/\/www.thenation.com\/article\/world\/nsa-palantir-israel-gaza-ai\/<\/a>, [consulta: 12\/12\/2025].<\/span><\/p>\n<p style=\"text-align: justify;\"><span style=\"font-family: tahoma, arial, helvetica, sans-serif; font-size: 10pt;\"><a href=\"#_ednref14\">[14]<\/a> Sharon Wrobel. \u00abUS tech giant Palantir decides to hold first board meeting of new year in Tel Aviv\u00bb. <em>The Times of Israel<\/em>, 02\/01\/2024, <a href=\"https:\/\/www.timesofisrael.com\/us-tech-giant-palantir-decides-to-hold-first-board-meeting-of-new-year-in-tel-aviv\/\">https:\/\/www.timesofisrael.com\/us-tech-giant-palantir-decides-to-hold-first-board-meeting-of-new-year-in-tel-aviv\/<\/a>, [consulta: 12\/12\/2025].<\/span><\/p>\n<p style=\"text-align: justify;\">\u00a0<\/p>\n<p style=\"text-align: justify;\"><span style=\"font-family: tahoma, arial, helvetica, sans-serif; font-size: 10pt;\"><strong><em>\u00a92026-saeeg\u00ae<\/em><\/strong><\/span><\/p>\n","protected":false},"excerpt":{"rendered":"<p>Marcelo Javier de los Reyes* Una ruptura m\u00e1s del sistema republicano La Camara de Diputados y el Senado ha sancionado la denominada \u00abLey de Bases y Puntos de Partida para la Libertad de los Argentinos\u00bb \u2015Ley 27.742 publicada en el Bolet\u00edn Oficial el 8 de julio de 2024\u2015 por la cual el Poder Legislativo le &hellip; <a href=\"https:\/\/saeeg.org\/index.php\/2026\/04\/28\/la-inteligencia-argentina-sin-rumbo-y-sumando-fracasos-algunas-propuestas-para-su-reconstruccion\/\" class=\"more-link\">Seguir leyendo <span class=\"screen-reader-text\">LA INTELIGENCIA ARGENTINA SIN RUMBO Y SUMANDO FRACASOS. ALGUNAS PROPUESTAS PARA SU RECONSTRUCCI\u00d3N.<\/span> <span class=\"meta-nav\">&rarr;<\/span><\/a><\/p>\n","protected":false},"author":4,"featured_media":0,"comment_status":"open","ping_status":"closed","sticky":false,"template":"","format":"standard","meta":{"footnotes":""},"categories":[1849,39,559],"tags":[27,1816,203,250,47,395,113,320,103,1197,170,523,1652,19,446,568],"class_list":["post-10263","post","type-post","status-publish","format-standard","hentry","category-argentina-3","category-inteligencia","category-inteligencia-estrategica","tag-argentina","tag-autoritarismo","tag-corporaciones","tag-corrupcion","tag-democracia","tag-derechos-civiles","tag-estado","tag-gobierno","tag-inteligencia","tag-inteligencia-competitiva","tag-inteligencia-estrategica","tag-libertad","tag-libertad-de-expresion","tag-politica","tag-politica-internacional","tag-soberania-nacional"],"_links":{"self":[{"href":"https:\/\/saeeg.org\/index.php\/wp-json\/wp\/v2\/posts\/10263","targetHints":{"allow":["GET"]}}],"collection":[{"href":"https:\/\/saeeg.org\/index.php\/wp-json\/wp\/v2\/posts"}],"about":[{"href":"https:\/\/saeeg.org\/index.php\/wp-json\/wp\/v2\/types\/post"}],"author":[{"embeddable":true,"href":"https:\/\/saeeg.org\/index.php\/wp-json\/wp\/v2\/users\/4"}],"replies":[{"embeddable":true,"href":"https:\/\/saeeg.org\/index.php\/wp-json\/wp\/v2\/comments?post=10263"}],"version-history":[{"count":2,"href":"https:\/\/saeeg.org\/index.php\/wp-json\/wp\/v2\/posts\/10263\/revisions"}],"predecessor-version":[{"id":10267,"href":"https:\/\/saeeg.org\/index.php\/wp-json\/wp\/v2\/posts\/10263\/revisions\/10267"}],"wp:attachment":[{"href":"https:\/\/saeeg.org\/index.php\/wp-json\/wp\/v2\/media?parent=10263"}],"wp:term":[{"taxonomy":"category","embeddable":true,"href":"https:\/\/saeeg.org\/index.php\/wp-json\/wp\/v2\/categories?post=10263"},{"taxonomy":"post_tag","embeddable":true,"href":"https:\/\/saeeg.org\/index.php\/wp-json\/wp\/v2\/tags?post=10263"}],"curies":[{"name":"wp","href":"https:\/\/api.w.org\/{rel}","templated":true}]}}