{"id":10352,"date":"2026-09-01T19:24:00","date_gmt":"2026-09-01T22:24:00","guid":{"rendered":"https:\/\/saeeg.org\/?p=10352"},"modified":"2026-09-02T02:46:27","modified_gmt":"2026-09-02T05:46:27","slug":"los-intereses-geopoliticos-de-israel-en-america-latina","status":"publish","type":"post","link":"https:\/\/saeeg.org\/index.php\/2026\/09\/01\/los-intereses-geopoliticos-de-israel-en-america-latina\/","title":{"rendered":"LOS INTERESES GEOPOL\u00cdTICOS DE ISRAEL EN AM\u00c9RICA LATINA"},"content":{"rendered":"\n<p style=\"text-align: center;\"><span style=\"font-family: tahoma, arial, helvetica, sans-serif;\"><strong><em>Roberto Mansilla Blanco*<\/em><\/strong><\/span><\/p>\n\n\n<div class=\"wp-block-image\">\n<figure class=\"aligncenter size-large\"><img loading=\"lazy\" decoding=\"async\" width=\"1024\" height=\"559\" src=\"https:\/\/saeeg.org\/wp-content\/uploads\/2026\/09\/MANSILLA-BLANCO-ISRAEL-EN-AMERICA-LATINA-2-1024x559.jpg\" alt=\"\" class=\"wp-image-10353\" srcset=\"https:\/\/saeeg.org\/wp-content\/uploads\/2026\/09\/MANSILLA-BLANCO-ISRAEL-EN-AMERICA-LATINA-2-1024x559.jpg 1024w, https:\/\/saeeg.org\/wp-content\/uploads\/2026\/09\/MANSILLA-BLANCO-ISRAEL-EN-AMERICA-LATINA-2-766x418.jpg 766w, https:\/\/saeeg.org\/wp-content\/uploads\/2026\/09\/MANSILLA-BLANCO-ISRAEL-EN-AMERICA-LATINA-2-300x164.jpg 300w, https:\/\/saeeg.org\/wp-content\/uploads\/2026\/09\/MANSILLA-BLANCO-ISRAEL-EN-AMERICA-LATINA-2.jpg 1408w\" sizes=\"auto, (max-width: 1024px) 100vw, 1024px\" \/><\/figure>\n<\/div>\n\n\n<p style=\"text-align: justify;\"><span style=\"font-family: tahoma, arial, helvetica, sans-serif;\">El <strong>descr\u00e9dito de la imagen internacional de Israel<\/strong> tras el genocidio en Gaza y el conflicto que se libra desde hace seis meses entre <strong>EEUU e Ir\u00e1n<\/strong> son algunos factores que han persuadido a Tel Aviv a <strong>ampliar sus alianzas<\/strong> y esferas de influencia, en este caso hacia <strong>Am\u00e9rica Latina<\/strong>, un escenario donde Israel posee directas conexiones pol\u00edticas, culturales y de di\u00e1spora.<\/span><\/p>\n<p style=\"text-align: justify;\"><span style=\"font-family: tahoma, arial, helvetica, sans-serif;\">El <strong>precedente<\/strong> m\u00e1s inmediato de este reposicionamiento geopol\u00edtico de Israel en la regi\u00f3n tiene un epicentro clave: la llegada de <strong>Javier Milei a la presidencia argentina en 2023<\/strong>. Desde entonces, Milei ha manejado una <strong>agenda directamente ligada a los intereses israel\u00edes,<\/strong> ampliados por su conexi\u00f3n con el presidente estadounidense <strong>Donald Trump<\/strong>, y que cobra cada vez m\u00e1s amplitud hemisf\u00e9rica ante el actual calendario electoral regional.<\/span><\/p>\n<p style=\"text-align: justify;\"><span style=\"font-family: tahoma, arial, helvetica, sans-serif;\"><em>Grosso modo<\/em>, cuatro variables definen las herramientas de actuaci\u00f3n de la geopol\u00edtica israel\u00ed en el hemisferio occidental.<\/span><\/p>\n<ul>\n<li style=\"list-style-type: none;\">\n<ul style=\"text-align: justify;\">\n<li><span style=\"font-family: tahoma, arial, helvetica, sans-serif;\">La necesidad de ampliar alianzas exteriores ante la <strong>inestabilidad en Oriente Medio<\/strong> con las guerras de Gaza e Ir\u00e1n y el <strong>declive de la imagen internacional israel\u00ed<\/strong> ante el predominio del proyecto supremacista del \u00abGran Israel\u00bb impulsado por el gobierno de Benjam\u00edn Netanyahu.<\/span><\/li>\n<li><span style=\"font-family: tahoma, arial, helvetica, sans-serif;\">La <strong>captura por parte de EEUU del ex presidente Nicol\u00e1s Maduro en Venezuela<\/strong>, pa\u00eds considerado como el <strong>principal aliado de Ir\u00e1n y los movimientos islamistas Ham\u00e1s y Hizbul\u00e1<\/strong> en Am\u00e9rica Latina. Este suceso, adem\u00e1s de la guerra que actualmente libra con EEUU e Israel alter\u00f3 abruptamente la implicaci\u00f3n en Am\u00e9rica Latina de Teher\u00e1n, el enemigo estrat\u00e9gico israel\u00ed.<\/span><\/li>\n<li><span style=\"font-family: tahoma, arial, helvetica, sans-serif;\">El <strong>viraje pol\u00edtico presentado desde 2023 en Am\u00e9rica Latina hacia gobiernos de derechas alineados con el ideario pol\u00edtico e ideol\u00f3gico del presidente estadounidense Donald Trump y con los intereses israel\u00edes. <\/strong>Esto ha provocado un inesperado giro geopol\u00edtico hemisf\u00e9rico: el <strong>retorno de Israel a la regi\u00f3n<\/strong> a trav\u00e9s de diversas alianzas pol\u00edticas, principalmente en <strong>Argentina, Chile, Bolivia, Per\u00fa, Colombia, Ecuador e incluso la Venezuela post-Maduro.<\/strong><\/span><\/li>\n<li><span style=\"font-family: tahoma, arial, helvetica, sans-serif;\">La <strong>asistencia humanitaria israel\u00ed ante los terremotos en Venezuela y Colombia<\/strong>, que le ha permitido a Israel activar un nuevo campo de actuaci\u00f3n que, al mismo tiempo, ha generado <strong>fuertes controversias<\/strong> en las redes sociales por su posible implicaci\u00f3n pol\u00edtica.<\/span><\/li>\n<\/ul>\n<\/li>\n<\/ul>\n<p style=\"text-align: justify;\"><span style=\"font-family: tahoma, arial, helvetica, sans-serif;\">A estas variables debe a\u00f1adirse una importante herramienta de <em>soft power<\/em> como es la <strong>di\u00e1spora jud\u00eda en Am\u00e9rica Latina<\/strong>, su tejido asociacionista y su influencia pol\u00edtica, econ\u00f3mica y cultural principalmente en pa\u00edses como Argentina, Brasil y M\u00e9xico. Se estima en aproximadamente 300.000 las personas de origen jud\u00edo en Am\u00e9rica Latina.<\/span><\/p>\n<p style=\"text-align: justify;\"><span style=\"font-family: tahoma, arial, helvetica, sans-serif;\"><strong>Israel celebrar\u00e1 elecciones parlamentarias el pr\u00f3ximo 27 de octubre<\/strong>. Si bien la legislaci\u00f3n israel\u00ed establece que su di\u00e1spora no puede votar directamente salvo en el caso de aquellos ciudadanos con pasaporte israel\u00ed que puedan desplazarse f\u00edsicamente hasta Israel para ejercer el sufragio, <strong>estas elecciones implican otro factor colateral para el proyecto israel\u00ed en la regi\u00f3n<\/strong>, enfocado en la <strong>atracci\u00f3n de apoyos pol\u00edticos<\/strong> a trav\u00e9s de la di\u00e1spora jud\u00eda en pa\u00edses como Argentina, Uruguay, Chile, Colombia, Per\u00fa, M\u00e9xico y Brasil.<strong>\u00a0<\/strong><\/span><\/p>\n<h5 style=\"text-align: justify;\"><span style=\"font-family: tahoma, arial, helvetica, sans-serif;\"><strong>Am\u00e9rica Latina en 2026: \u00bfla nueva \u00abTierra Prometida\u00bb para Israel?<\/strong><\/span><\/h5>\n<p style=\"text-align: justify;\"><span style=\"font-family: tahoma, arial, helvetica, sans-serif;\">A continuaci\u00f3n, se observar\u00e1n los principales escenarios y puntos de conexi\u00f3n de Israel con diversos pa\u00edses latinoamericanos, en gran medida traducidos en una coyuntura pol\u00edtica de cambios a nivel electoral en la regi\u00f3n.<\/span><\/p>\n<p style=\"text-align: justify;\"><span style=\"font-family: tahoma, arial, helvetica, sans-serif;\"><strong><em>Argentina, Uruguay y Paraguay<\/em><\/strong><\/span><\/p>\n<p style=\"text-align: justify;\"><span style=\"font-family: tahoma, arial, helvetica, sans-serif;\">Como se explic\u00f3 con anterioridad, <strong>la llegada de Milei al poder implic\u00f3 un giro copernicano en cuanto a las relaciones exteriores de Argentina con Israel<\/strong>, diametralmente opuesto al de gobiernos anteriores, especialmente durante la etapa del <em>\u00ab<\/em><em>kirchnerismo\u00bb<\/em> (2003-2015), m\u00e1s proclive a la multipolaridad y las relaciones con el mundo \u00e1rabe-isl\u00e1mico.<\/span><\/p>\n<p style=\"text-align: justify;\"><span style=\"font-family: tahoma, arial, helvetica, sans-serif;\"><strong>La afinidad pol\u00edtica, cultural y religiosa de Milei hacia el Estado de Israel<\/strong> ha sido p\u00fablicamente notoria, alcanzando incluso el nivel de <strong>alianza incondicional<\/strong>. Entre diversas medidas el mandatario anunci\u00f3 el cambio de la embajada argentina de Tel Aviv a Jerusal\u00e9n y abri\u00f3 vuelos directos con Israel. Esta afinidad ha llegado incluso al mundo del f\u00fatbol. Argumentando su amistad personal con Milei, <strong>el primer ministro israel\u00ed Benjam\u00edn Netanyahu lleg\u00f3 a manifestar p\u00fablicamente <a href=\"https:\/\/www.escenariomundial.com\/2026\/07\/09\/no-por-messi-sino-por-milei-netanyahu-afirmo-que-sigue-a-la-seleccion-argentina-en-el-mundial-por-su-vinculo-con-el-presidente-argentino\/#google_vignette\">su preferencia por Argentina en la final del Mundial 2026<\/a><\/strong> recientemente realizada en EEUU.<\/span><\/p>\n<p style=\"text-align: justify;\"><span style=\"font-family: tahoma, arial, helvetica, sans-serif;\">En <strong>Argentina existe una poblaci\u00f3n estimada de 250.000 jud\u00edos<\/strong>, considerada la <strong>mayor en Am\u00e9rica Latina<\/strong>. Desde 2023, <strong>Milei ha visitado Israel en tres ocasiones<\/strong>, la \u00faltima en abril pasado, donde lleg\u00f3 a proclamar la <strong>\u00abuni\u00f3n moral, espiritual y pol\u00edtica\u00bb entre<\/strong> Argentina e Israel tras una reuni\u00f3n con Netanyahu en Jerusal\u00e9n.\u00a0En esa visita ambos gobiernos firmaron los denominados <strong>\u00abAcuerdos de Isaac\u00bb<\/strong> en defensa de la libertad, la democracia y la lucha contra el terrorismo y el antisemitismo.<\/span><\/p>\n<p style=\"text-align: justify;\"><span style=\"font-family: tahoma, arial, helvetica, sans-serif;\">No obstante, la relaci\u00f3n entre Milei e Israel ha procreado toda serie de informaciones y reacciones medi\u00e1ticas y en las redes sociales, en particular ante la cada vez m\u00e1s <strong>activa presencia de israel\u00edes en las regiones de la Patagonia argentina<\/strong> <strong>y del sur de Chile, tal y como se explicar\u00e1 m\u00e1s adelante.<\/strong><\/span><\/p>\n<p style=\"text-align: justify;\"><span style=\"font-family: tahoma, arial, helvetica, sans-serif;\">Otras informaciones retratan la supuesta sinton\u00eda de Milei con la comunidad <strong><u><a href=\"https:\/\/prensaobrera.com\/sociedad\/milei-y-los-lubavitch-o-el-oscurantismo-religioso-de-los-hombres-de-negocios\">Jabab Lubavitch<\/a><\/u><\/strong><u>, una de las organizaciones y movimientos del juda\u00edsmo<\/u> ortodoxo y jas\u00eddico m\u00e1s din\u00e1micos e importantes del mundo creado en Rusia a finales del siglo XVIII. En algunas de sus visitas a Nueva York, Milei habr\u00eda participado en actos realizados con esta comunidad.<\/span><\/p>\n<p style=\"text-align: justify;\"><span style=\"font-family: tahoma, arial, helvetica, sans-serif;\">Con menor incidencia desde el punto de vista pol\u00edtico que el caso argentino<strong>, la presencia jud\u00eda en Uruguay<\/strong> es igualmente importante, estimada en aproximadamente <strong>20.000 personas.<\/strong><\/span><\/p>\n<p style=\"text-align: justify;\"><span style=\"font-family: tahoma, arial, helvetica, sans-serif;\">El gobierno de <strong>Yamand\u00fa Orsi<\/strong> (Frente Amplio) ha mostrado su <strong>apoyo a Palestina<\/strong>, con importantes cr\u00edticas hacia la actuaci\u00f3n israel\u00ed en Gaza. Al mismo tiempo, Orsi ha dejado <strong>en pausa el acuerdo entre la Agencia Nacional de Investigaci\u00f3n e Innovaci\u00f3n y la Universidad Hebrea<\/strong>, a pesar de las presiones de legisladores opositores, principalmente de partidos conservadores y de derechas, que piden retomar el v\u00ednculo.<\/span><\/p>\n<p style=\"text-align: justify;\"><span style=\"font-family: tahoma, arial, helvetica, sans-serif;\">Un reciente caso ha provocado fricciones entre los gobiernos de Uruguay e Israel a ra\u00edz de las\u00a0declaraciones\u00a0de la\u00a0subsecretaria de Relaciones Exteriores, <strong>Valeria Csukasi<\/strong>, sobre la eventual\u00a0detenci\u00f3n de Netanyahu en caso de que \u00e9ste pisara territorio uruguayo en cumplimiento de la orden de detenci\u00f3n emitida por la\u00a0Corte Penal Internacional (CPI), del cual Uruguay es parte.<\/span><\/p>\n<p style=\"text-align: justify;\"><span style=\"font-family: tahoma, arial, helvetica, sans-serif;\">Han sido igualmente prol\u00edficas en las redes sociales las informaciones sobre la actuaci\u00f3n durante las labores de rescate del terremoto en Colombia de <strong>Ronnie Kaplan<\/strong>, ciudadano uruguayo de origen jud\u00edo, quien ha sido se\u00f1alado como un supuesto propagandista del FDI, as\u00ed como de presunto justificador del genocidio en Gaza.<\/span><\/p>\n<p style=\"text-align: justify;\"><span style=\"font-family: tahoma, arial, helvetica, sans-serif;\">En el caso paraguayo, el gobierno de centro derecha de <strong>Santiago Pe\u00f1a<\/strong> mantiene un nivel de firme respaldo, alianza estrat\u00e9gica y cooperaci\u00f3n bilateral prioritaria con Israel, impulsando el retorno de la embajada paraguaya a la ciudad de <strong>Jerusal\u00e9n<\/strong>. Paraguay ha promovido cumbres virtuales de alto nivel entre ministros de Relaciones Exteriores de Am\u00e9rica Latina y el canciller israel\u00ed <strong>Gideon Sa&#8217;ar<\/strong> para analizar la situaci\u00f3n de seguridad en el Medio Oriente.<\/span><\/p>\n<p style=\"text-align: justify;\"><span style=\"font-family: tahoma, arial, helvetica, sans-serif;\">No se debe olvidar que, especialmente tras los atentados del 11-S de 2001 en EEUU, la denominada <strong><a href=\"https:\/\/www.dw.com\/es\/la-red-de-hezbol%C3%A1-en-latinoam%C3%A9rica-desde-la-triple-frontera\/a-67567617\">Triple Frontera<\/a><\/strong> entre Paraguay, Argentina y Brasil fue se\u00f1alada por la inteligencia estadounidense e israel\u00ed como un epicentro de actuaci\u00f3n del <strong>grupo islamista liban\u00e9s Hizbul\u00e1<\/strong>, aliado estrat\u00e9gico de Ir\u00e1n. Con no menos controversias, esta perspectiva ha reforzado el inter\u00e9s de Tel Aviv en la regi\u00f3n.<\/span><\/p>\n<p style=\"text-align: justify;\"><span style=\"font-family: tahoma, arial, helvetica, sans-serif;\"><strong><em>Colombia y Venezuela<\/em><\/strong><\/span><\/p>\n<p style=\"text-align: justify;\"><span style=\"font-family: tahoma, arial, helvetica, sans-serif;\">Los cambios pol\u00edticos presentados en Venezuela y Colombia durante este 2026 as\u00ed como <strong>la tragedia humanitaria<\/strong> determinada por <strong>sendos terremotos<\/strong> en estos pa\u00edses presentados entre junio y julio ha provocado una inesperada presencia israel\u00ed, en este caso a trav\u00e9s de labores de ayuda humanitaria que igualmente ha generado cr\u00edticas y controversias por una presunta implicaci\u00f3n pol\u00edtica por parte de Tel Aviv.<\/span><\/p>\n<p style=\"text-align: justify;\"><span style=\"font-family: tahoma, arial, helvetica, sans-serif;\">En <strong>Colombia viven aproximadamente 4.000 jud\u00edos<\/strong>, toda vez que <strong>Venezuela acoge una poblaci\u00f3n de origen jud\u00edo calculada entre 20.000 y 45.000 personas.<\/strong> No obstante, la llegada del \u00abchavismo\u00bb al poder en 1999 implic\u00f3 un giro geopol\u00edtico absoluto para la pol\u00edtica exterior venezolana hacia el mundo \u00e1rabe-isl\u00e1mico, con particular incidencia con respecto a la Rep\u00fablica Isl\u00e1mica de Ir\u00e1n y de apoyo al pueblo palestino que deriv\u00f3 en la pr\u00e1ctica suspensi\u00f3n de relaciones diplom\u00e1ticas con Israel desde 2009.<\/span><\/p>\n<p style=\"text-align: justify;\"><span style=\"font-family: tahoma, arial, helvetica, sans-serif;\"><strong>Las tensiones entre Caracas y Tel Aviv derivaron en un notable \u00e9xodo de jud\u00edos venezolanos hacia EEUU, Europa e Israel<\/strong>. Por su apoyo al pueblo palestino, sus cr\u00edticas a Israel y su acercamiento a Ir\u00e1n y movimientos islamistas como el Hizbul\u00e1 liban\u00e9s, el Comit\u00e9 Jud\u00edo Americano y otros centros sionistas llegaron incluso a acusar de antisemitismo al entonces presidente Hugo Ch\u00e1vez y a su sucesor Nicol\u00e1s Maduro, de conocido origen jud\u00edo sefardita proveniente de emigrantes establecidos en Curazao.<\/span><\/p>\n<p style=\"text-align: justify;\"><span style=\"font-family: tahoma, arial, helvetica, sans-serif;\">En el <strong>caso colombiano<\/strong>, el nuevo presidente <strong>Abelardo De la Espriella<\/strong> reconoci\u00f3 inmediatamente la soberan\u00eda israel\u00ed sobre los Altos del Gol\u00e1n, disputada con Siria. Un d\u00eda despu\u00e9s de ganar las elecciones presidenciales el pasado 7 de agosto, el presidente colombiano se reuni\u00f3 con el embajador israel\u00ed en Bogot\u00e1 toda vez que le ha otorgado a Israel un papel preferente en la ayuda humanitaria tras el reciente terremoto. As\u00ed como hizo Milei, <strong>De la Espriella tambi\u00e9n anunci\u00f3 el cambio de la <a href=\"https:\/\/www.dw.com\/es\/de-la-espriella-abrir%C3%A1-una-embajada-de-colombia-en-jerusal%C3%A9n\/a-77995864\">embajada colombiana a Jerusal\u00e9n.<\/a><\/strong><\/span><\/p>\n<p style=\"text-align: justify;\"><span style=\"font-family: tahoma, arial, helvetica, sans-serif;\">No obstante, existen <strong>fantasmas del pasado<\/strong> que retrotraen la implicaci\u00f3n israel\u00ed en Colombia, particularmente desde la d\u00e9cada de 1980 en medio del conflicto armado que vivi\u00f3 el pa\u00eds sudamericano durante varias d\u00e9cadas. Destaca aqu\u00ed el caso del exmilitar y mercenario israel\u00ed Yair Klein<strong>, <\/strong>principal asesor extranjero que entren\u00f3 a los primeros grupos paramilitares en Colombia durante la d\u00e9cada de 1980, en particular las <strong>Autodefensas Unidas de Colombia (AUC)<\/strong> as\u00ed como narcotraficantes y ganaderos. Investigaciones y sentencias del programa de Justicia y Paz han confirmado que estos entrenamientos contaron con la tolerancia y el apoyo de ciertos sectores de miembros del Ej\u00e9rcito y oficiales colombianos de la \u00e9poca.<\/span><\/p>\n<p style=\"text-align: justify;\"><span style=\"font-family: tahoma, arial, helvetica, sans-serif;\">Por su parte, <strong>la ca\u00edda de Maduro en Venezuela y la guerra entre EEUU e Ir\u00e1n han desplazado la presencia iran\u00ed en el hemisferio occidental,<\/strong> principalmente v\u00eda Venezuela. En este contexto, <strong>Israel ha aprovechado la situaci\u00f3n<\/strong> para fijar sus piezas y ejes de transmisi\u00f3n en Am\u00e9rica Latina. Mientras Washington condiciona el futuro pol\u00edtico de Venezuela pr\u00e1cticamente hacia un protectorado en la medida en que se trabaja en una agenda de transici\u00f3n pol\u00edtica y electoral, Israel intenta <strong>recuperar terreno en este contexto de \u00abpost-chavismo\u00bb y \u00abpost-madurismo\u00bb.<\/strong><\/span><\/p>\n<p style=\"text-align: justify;\"><span style=\"font-family: tahoma, arial, helvetica, sans-serif;\">La <strong>Plataforma Internacional de Solidaridad con la Causa Palestina en Venezuela<\/strong> alert\u00f3 en un comunicado sobre la \u00abpresencia de factores sionistas\u00bb en el pa\u00eds sudamericano. A comienzos de julio medios venezolanos e israel\u00edes informaron sobre la decisi\u00f3n de Netanyahu de enviar a Venezuela a una delegaci\u00f3n de 30 personas formadas por militares y otros especialistas para labores humanitarias tras el terremoto.<\/span><\/p>\n<p style=\"text-align: justify;\"><span style=\"font-family: tahoma, arial, helvetica, sans-serif;\">Se inform\u00f3 que la <a href=\"https:\/\/www.eluniversal.com\/internacional\/237024\/netanyahu-destaca-mision-israeli-en-venezuela-reconstruyen-ruinas-y-tambien-relaciones\">delegaci\u00f3n<\/a> estaba encabezada por un jefe del Estado mayor del Comando del Frente Interior, general Elad Edri, secundado por el embajador israel\u00ed para M\u00e9xico Yoed Magen y el rabino jefe de la organizaci\u00f3n ZAKA, Yosef Garm\u00f3n. De acuerdo con fuentes israel\u00edes, la presidente encargada <strong><a href=\"https:\/\/www.caracaschronicles.com\/2026\/08\/12\/how-delcy-rodriguez-is-rewriting-venezuelas-foreign-policy\/\">Delcy Rodr\u00edguez<\/a><\/strong> habr\u00eda aprobado el plan de reconstrucci\u00f3n presentado por dicha delegaci\u00f3n, con la que se reuni\u00f3 en Caracas tras supuestamente haber solicitado esta ayuda <strong>al ministro israel\u00ed de Asuntos Exteriores, Gideon Sa\u2019ar.<\/strong><\/span><\/p>\n<p style=\"text-align: justify;\"><span style=\"font-family: tahoma, arial, helvetica, sans-serif;\"><strong>Diversos colectivos sociales del \u00abchavismo\u00bb han denunciado la inherencia israel\u00ed en Venezuela v\u00eda terremoto y la complacencia del gobierno provisional de Delcy Rodr\u00edguez.<\/strong> Bajo este contexto se especula con que el gobierno interino est\u00e9 preparando la <strong><a href=\"https:\/\/www.caracaschronicles.com\/2026\/08\/12\/chavismo-quietly-reopens-the-door-to-israel-after-the-earthquake\/\">reapertura de las relaciones diplom\u00e1ticas con Israel<\/a><\/strong>. En una reciente puesta en escena que refleja la distensi\u00f3n en las relaciones entre Caracas y Tel Aviv, el hijo de Maduro, Nicol\u00e1s Maduro Guerra, visit\u00f3 la principal sinagoga en la capital venezolana, la de la Asociaci\u00f3n Israelita de Venezuela.<\/span><\/p>\n\n\n<div class=\"wp-block-image\">\n<figure class=\"aligncenter size-full\"><img loading=\"lazy\" decoding=\"async\" width=\"598\" height=\"412\" src=\"https:\/\/saeeg.org\/wp-content\/uploads\/2026\/09\/MANSILLA-BLANCO-ISRAEL-EN-AMERICA-LATINA-MADURO-HIJO.jpg\" alt=\"\" class=\"wp-image-10354\" srcset=\"https:\/\/saeeg.org\/wp-content\/uploads\/2026\/09\/MANSILLA-BLANCO-ISRAEL-EN-AMERICA-LATINA-MADURO-HIJO.jpg 598w, https:\/\/saeeg.org\/wp-content\/uploads\/2026\/09\/MANSILLA-BLANCO-ISRAEL-EN-AMERICA-LATINA-MADURO-HIJO-300x207.jpg 300w\" sizes=\"auto, (max-width: 598px) 100vw, 598px\" \/><\/figure>\n<\/div>\n\n\n<p style=\"text-align: justify;\"><span style=\"font-family: tahoma, arial, helvetica, sans-serif; font-size: 8pt;\"><strong>En agosto de 2026, Nicol\u00e1s Maduro Guerra, conocido como \u00abNicolasito\u00bb, visit\u00f3 la sinagoga Tif\u00e9ret Israel en Caracas y us\u00f3 una kip\u00e1.<\/strong><\/span><\/p>\n<p style=\"text-align: justify;\">\u00a0<\/p>\n<p style=\"text-align: justify;\"><span style=\"font-family: tahoma, arial, helvetica, sans-serif;\"><strong><em>Chile<\/em><\/strong><\/span><\/p>\n<p style=\"text-align: justify;\"><span style=\"font-family: tahoma, arial, helvetica, sans-serif;\"><strong>Con una comunidad jud\u00eda de aproximadamente 20.000 personas,<\/strong> Chile tambi\u00e9n ha entrado en la \u00f3rbita de influencia de Israel. En contraposici\u00f3n con la posici\u00f3n m\u00e1s cr\u00edtica hacia Israel por parte de su predecesor de izquierdas Gabriel Boric, y tras asumir el mandato presidencial el pasado mes de marzo, el actual presidente <strong>Jos\u00e9 Antonio Kast<\/strong> ha iniciado un giro diplom\u00e1tico para acercarse a la comunidad jud\u00eda y a Israel. En su gobierno, Kast cuenta <strong>con Eitan Bloch<\/strong>, un asesor argentino e hijo de un rabino que maneja temas internacionales<\/span><\/p>\n<p style=\"text-align: justify;\"><span style=\"font-family: tahoma, arial, helvetica, sans-serif;\"><strong>Los ecos de la presencia israel\u00ed en la Patagonia argentina tambi\u00e9n han implicado reacciones medi\u00e1ticas y en redes sociales en Chile<\/strong>, pa\u00eds que comparte frontera con la Argentina. Uno de los principales ejes informativos, sin ning\u00fan tipo de confirmaci\u00f3n oficial hasta el momento, se enfoca en que Kast presuntamente ha prometido entregar subsidios a \u00abcolonos israel\u00edes\u00bb en la Patagonia chilena. El principal emisor de estas informaciones ha sido el medio <em>Fast Check<\/em> el cual, al no existir evidencias fehacientes sobre este tema, finalmente desminti\u00f3 este contenido a trav\u00e9s de sus redes sociales.<\/span><\/p>\n<p style=\"text-align: justify;\"><span style=\"font-family: tahoma, arial, helvetica, sans-serif;\"><strong><em>Per\u00fa, Ecuador y Bolivia<\/em><\/strong><\/span><\/p>\n<p style=\"text-align: justify;\"><span style=\"font-family: tahoma, arial, helvetica, sans-serif;\">La regi\u00f3n andina cuenta igualmente con notorias comunidades jud\u00edas. Destaca <strong>Per\u00fa<\/strong>, donde viven aproximadamente 3.000 hebreos<strong>.<\/strong> En <strong>Ecuador <\/strong>no llega al millar de personas al igual que en <strong>Bolivia,<\/strong> principalmente asentados en las regiones de Santa Cruz de la Sierra, La Paz y Cochabamba, donde habitan importantes comunidades de emigrantes provenientes de Europa del Este.<\/span><\/p>\n<p style=\"text-align: justify;\"><span style=\"font-family: tahoma, arial, helvetica, sans-serif;\">El contexto, 2026 tambi\u00e9n ha implicado un retorno de los imperativos geopol\u00edticos israel\u00edes en la regi\u00f3n andina. <strong>En el caso ecuatoriano, el presidente Daniel Noboa recibi\u00f3 al ministro israel\u00ed de Exteriores, Gideon Sa\u2019ar,<\/strong> poco antes del viaje de \u00e9ste a Bogot\u00e1 para la toma de posesi\u00f3n del nuevo presidente colombiano. En Quito se acordaron convenios de cooperaci\u00f3n terrorista y lazos econ\u00f3micos.<\/span><\/p>\n<p style=\"text-align: justify;\"><span style=\"font-family: tahoma, arial, helvetica, sans-serif;\">En <strong>Per\u00fa<\/strong>, tras asumir la presidencia en julio pasado, la nueva mandataria <strong>Keiko Fujimori<\/strong> recibi\u00f3 al embajador israel\u00ed en Lima, una muestra de la reorientaci\u00f3n de las relaciones exteriores peruanas hacia el eje hemisf\u00e9rico \u00abtrumpista\u00bb.<\/span><\/p>\n<p style=\"text-align: justify;\"><span style=\"font-family: tahoma, arial, helvetica, sans-serif;\">Como en el caso colombiano, en Per\u00fa tambi\u00e9n afloran \u00abfantasmas del pasado\u00bb que retrotraen a la d\u00e9cada de poder del padre de Keiko, el desaparecido expresidente Alberto Fujimori (1990-2000). Sin pruebas oficiales fehacientes, pero s\u00ed prol\u00edficas informaciones en prensa, su pol\u00e9mico asesor de seguridad, <strong>Vladimiro Montesinos<\/strong>, era considerado como el \u00abhombre del Mossad\u00bb en Per\u00fa.<\/span><\/p>\n<p style=\"text-align: justify;\"><span style=\"font-family: tahoma, arial, helvetica, sans-serif;\">La lista de nombres de origen hebreo en la pol\u00edtica peruana con supuestas conexiones con organismos de seguridad y de inteligencia israel\u00ed han sido igualmente notorias como han sido los casos de empresarios de origen israel\u00ed como el traficante de armas Moshe Rothschild Chassin y el exfuncionario de seguridad israel\u00ed Efra\u00edn \u00abAvi\u00bb Dan On, quien estuvo a cargo de la seguridad personal del ex presidente peruano Alejandro Toledo (2000-2004) y fue vinculado a triangulaciones pol\u00edticas y de seguridad con nexos en Israel.<\/span><\/p>\n<p style=\"text-align: justify;\"><span style=\"font-family: tahoma, arial, helvetica, sans-serif;\">En <strong>Bolivia<\/strong>, el nuevo gobierno conservador de <strong>Rodrigo Paz<\/strong> restableci\u00f3 las relaciones con Israel en noviembre de 2025 tras la ruptura acaecida en 2023 durante el gobierno de Luis Arce (Movimiento al Socialismo, MAS) por sus cr\u00edticas a la tragedia de Gaza. Al igual que Ch\u00e1vez en 2009, el expresidente Evo Morales (MAS) rompi\u00f3 las relaciones con Israel por su entonces ofensiva militar en Gaza. Con Paz en la presidencia, <strong>la agencia israel\u00ed\u00a0MASHAV ha entrado en el mercado boliviano<\/strong> a trav\u00e9s de tecnolog\u00eda de purificaci\u00f3n de agua, cooperaci\u00f3n en \u00e1reas t\u00e9cnicas, agr\u00edcolas y de innovaci\u00f3n y turismo.<\/span><\/p>\n<p style=\"text-align: justify;\"><span style=\"font-family: tahoma, arial, helvetica, sans-serif;\">No obstante, la reciente detenci\u00f3n en Bolivia de <strong>Fernando Cerimedo<\/strong> por un oscuro caso de presunto intento de asesinato, ha encendido las alarmas sobre una posible conexi\u00f3n con Israel. Cerimedo ha sido se\u00f1alado como asesor de Milei y con conexiones con el nuevo presidente colombiano De la Espriella. Cerimedo ha sido acusado de ser el presunto autor intelectual del intento de asesinato en la localidad boliviana de Santa Cruz de la Sierra de la abogada y activista pol\u00edtica\u00a0<strong>Nadia Beller<\/strong>, excandidata a diputada y quien fuera tambi\u00e9n su expareja.<\/span><\/p>\n<p style=\"text-align: justify;\"><span style=\"font-family: tahoma, arial, helvetica, sans-serif;\">Considerado un <strong>gur\u00fa de la nueva ultraderecha latinoamericana<\/strong>, Cerimedo ha impulsado corrientes sionistas y \u00abtrumpistas\u00bb a trav\u00e9s del ecosistema medi\u00e1tico impulsado por su exsocio empresarial, <strong>Javier Negre<\/strong>, fundador de \u00abLa Derecha Diario\u00bb. En Bolivia se encontr\u00f3 una <strong>granja de bots<\/strong> que emit\u00edan estos contenidos favorables a las posiciones geopol\u00edticas israel\u00edes y de EEUU.<\/span><\/p>\n<p style=\"text-align: justify;\"><span style=\"font-family: tahoma, arial, helvetica, sans-serif;\"><strong><em>Am\u00e9rica Central<\/em><\/strong><\/span><\/p>\n<p style=\"text-align: justify;\"><span style=\"font-family: tahoma, arial, helvetica, sans-serif;\"><strong>La regi\u00f3n centroamericana tambi\u00e9n posee una importante presencia israel\u00ed. Destacan <\/strong>Panam\u00e1<strong>, con <\/strong>una de las comunidades jud\u00edas ashkenaz\u00edes y sefarditas m\u00e1s grandes y activas de la regi\u00f3n; <strong>Costa Rica, principalmente <\/strong>de origen polaco; Guatemala<strong>, con aproximadamente 2.000 miembros destacando la comunidad <\/strong>ultraortodoxa Lev Tahor; y <strong>Honduras y El Salvador<\/strong>, con comunidades sefard\u00edes y ashkenaz\u00edes.<\/span><\/p>\n<p style=\"text-align: justify;\"><span style=\"font-family: tahoma, arial, helvetica, sans-serif;\">En el <strong>caso salvadore\u00f1o<\/strong> destaca igualmente la presencia de comunidades palestinas, sirias y libanesas, calculadas en aproximadamente 90.000 personas. El actual presidente <strong>Nayib Bukele<\/strong>, de ancestros palestinos, ha mantenido una relaci\u00f3n de normalidad con Israel incluso criticando p\u00fablicamente al movimiento islamista palestino Ham\u00e1s. Medios israel\u00edes han catalogado a Bukele de \u00ab<a href=\"https:\/\/www.jpost.com\/spanish\/article-851349\">palestino proisrael\u00ed<\/a>\u00bb. A nivel hemisf\u00e9rico, Bukele tambi\u00e9n ha mostrado sinton\u00eda con Trump y Milei.<\/span><\/p>\n<p style=\"text-align: justify;\"><span style=\"font-family: tahoma, arial, helvetica, sans-serif;\">Desde el punto de vista pol\u00edtico destaca el caso \u00ab<strong>Hondurasgate<\/strong>\u00bb, la filtraci\u00f3n realizada por el medio espa\u00f1ol Canal Red sobre una serie de audios que implican a figuras pol\u00edticas de la derecha como el expresidente\u00a0<strong>Juan Orlando Hern\u00e1ndez<\/strong> y el actual mandatario <strong>Nasry Asfura. <\/strong><\/span><\/p>\n<p style=\"text-align: justify;\"><span style=\"font-family: tahoma, arial, helvetica, sans-serif;\">Estas filtraciones, publicadas en abril pasado, exponen un supuesto plan internacional para consolidar el poder mediante la violencia pol\u00edtica, influir en la pol\u00edtica hondure\u00f1a y financiar ataques medi\u00e1ticos contra gobiernos de izquierda en Am\u00e9rica Latina a trav\u00e9s de la coordinaci\u00f3n y el financiamiento del Partido Republicano de EEUU y los gobiernos de Netanyahu y Milei.<\/span><\/p>\n<p style=\"text-align: justify;\"><span style=\"font-family: tahoma, arial, helvetica, sans-serif;\"><strong><em>M\u00e9xico<\/em><\/strong><\/span><\/p>\n<p style=\"text-align: justify;\"><span style=\"font-family: tahoma, arial, helvetica, sans-serif;\">M\u00e9xico es uno de los pa\u00edses latinoamericanos con mayor poblaci\u00f3n de origen jud\u00edo, calculada en aproximadamente<strong> 67.000 personas<\/strong>. La actual presidente <strong>Claudia Sheinbaum<\/strong> ha mostrado p\u00fablicamente su apoyo a Palestina as\u00ed como fuertes cr\u00edticas contra Israel por el drama humanitario en Gaza.<\/span><\/p>\n<p style=\"text-align: justify;\"><span style=\"font-family: tahoma, arial, helvetica, sans-serif;\">No obstante, es patente la normalidad en las relaciones entre M\u00e9xico e Israel incluso en el plano militar. De acuerdo con medios mexicanos se\u00f1alando fuentes de la ONU, <strong><a href=\"https:\/\/www.milenio.com\/policia\/israel-multiplica-por-cinco-la-venta-de-armas-a-mexico?promo_code=10OFF\">Israel<\/a> <\/strong>se consolida como <strong>proveedor clave de armamento en M\u00e9xico<\/strong> destinado a polic\u00edas y fuerzas armadas, con un aumento de 1.572 a m\u00e1s de siete mil unidades desde 2025.<\/span><\/p>\n<p style=\"text-align: justify;\"><span style=\"font-family: tahoma, arial, helvetica, sans-serif;\">Con todo afloran informaciones en redes sociales, no completamente confirmadas, sobre la presunta infiltraci\u00f3n de Israel en M\u00e9xico a trav\u00e9s de proyectos culturales que no escapan a intereses pol\u00edticos. Algunos de ellos afirman sobre la existencia de centros educativos israel\u00edes en el Estado de Chiapas.<\/span><\/p>\n<p style=\"text-align: justify;\"><span style=\"font-family: tahoma, arial, helvetica, sans-serif;\">Pero el m\u00e1s relevante ha sido el caso de Ciudad Tor\u00e1<strong>,<\/strong> un proyecto inmobiliario privado en Ixtapan de la Sal y Tonatico, en el Estado de M\u00e9xico, aparentemente concebido desde 2021 para familias jud\u00edas ortodoxas. La iniciativa, que algunas redes catalogan como la <strong>\u00abpeque\u00f1a Israel\u00bb<\/strong>, pretende crear un espacio exclusivo de viviendas, sinagogas, escuelas religiosas (<em>yeshivot<\/em>) y comercios con alimentos <em>kosher<\/em>.<\/span><\/p>\n<p style=\"text-align: justify;\"><span style=\"font-family: tahoma, arial, helvetica, sans-serif;\"><strong><em>Brasil<\/em><\/strong><\/span><\/p>\n<p style=\"text-align: justify;\"><span style=\"font-family: tahoma, arial, helvetica, sans-serif;\">Otro de los grandes receptores de comunidad jud\u00eda, calculada en aproximadamente <strong>130.000 personas<\/strong>, Brasil va a elecciones presidenciales el pr\u00f3ximo 4 de octubre con dos candidaturas clave: la del actual presidente <strong>Lula da Silva<\/strong>, muy cr\u00edtico con Israel y conocido defensor de la causa palestina, y la de <strong>Fl\u00e1vio Bolsonaro<\/strong> (Partido Liberal), hijo del expresidente Jair Bolsonaro, otra de las figuras claves de la ultraderecha latinoamericana, <strong>simpatizante de Trump, Milei y del Estado de Israel.<\/strong><\/span><\/p>\n<p style=\"text-align: justify;\"><span style=\"font-family: tahoma, arial, helvetica, sans-serif;\">La reciente presentaci\u00f3n oficial de la candidatura de Fl\u00e1vio Bolsonaro fue personalmente saludada v\u00eda telem\u00e1tica por el propio <a href=\"https:\/\/www.ansalatina.com\/americalatina\/noticia\/latinoamerica\/2026\/07\/25\/netanyahu-a-flavio-bolsonaro-eres-un-gran-campeon_d7613518-8e4a-4bcc-ae01-e11cd17e4eef.html\">Netanyahu<\/a>, catalog\u00e1ndolo como un \u00abamigo de Israel\u00bb y augurando su victoria electoral. Como potencia geopol\u00edtica y geoecon\u00f3mica hemisf\u00e9rica y actor emergente en foros internacionales, Brasil es una pieza clave para los intereses de las diversas fuerzas y corrientes pol\u00edticas que pujan por esferas de influencia.<\/span><\/p>\n<p style=\"text-align: justify;\"><span style=\"font-family: tahoma, arial, helvetica, sans-serif;\">Es por ello que Trump, Milei y Netanyahu se han implicado directamente en la campa\u00f1a electoral brasile\u00f1a en apoyo a Bolsonaro, quien no ha dudado en prometer \u00ab<a href=\"https:\/\/agenciaajn.com\/noticia\/brasil-flavio-bolsonaro-ampliare-las-relaciones-con-israel-308826\">ampliar las relaciones con <strong>Israel<\/strong><\/a>\u00bb<strong> y calificar a este pa\u00eds como \u00abun modelo a seguir\u00bb<\/strong>, tal y como hizo durante su visita a Israel en 2017. Fuentes informativas brasile\u00f1as afirman igualmente que <a href=\"https:\/\/www1.folha.uol.com.br\/poder\/2026\/08\/consultor-conhecido-por-usar-robos-disse-que-lutaria-por-flavio-bolsonaro-afirma-ex-companheira.shtml\">Cerimedo<\/a> ha estado implicado en el financiamiento de la campa\u00f1a de Bolsonaro.<\/span><span style=\"font-family: tahoma, arial, helvetica, sans-serif;\"><strong>\u00a0<\/strong><\/span><\/p>\n<h5 style=\"text-align: justify;\"><span style=\"font-family: tahoma, arial, helvetica, sans-serif;\"><strong>Del sue\u00f1o \u00absionista\u00bb de Theodor Herzl al \u00abPlan Andinia\u00bb: entre las teor\u00edas de la conspiraci\u00f3n y la geopol\u00edtica del \u00abnuevo Israel\u00bb<\/strong><\/span><\/h5>\n<p style=\"text-align: justify;\"><span style=\"font-family: tahoma, arial, helvetica, sans-serif;\">El reciente activismo israel\u00ed en Am\u00e9rica Latina ha reactivado algunas teor\u00edas e interpretaciones, algunas con sesgo conspirativo, sobre las presuntas intenciones del juda\u00edsmo internacional en torno a la regi\u00f3n.<\/span><\/p>\n<p style=\"text-align: justify;\"><span style=\"font-family: tahoma, arial, helvetica, sans-serif;\">Destacan en este sentido las teor\u00edas del polaco <strong><a href=\"https:\/\/www.morasha.com.br\/es\/biograf%C3%ADas\/Leon-Pinsker--la-primera-voz-sionista..html\">Le\u00f3n Pinsker<\/a><\/strong>, una de las principales <a href=\"https:\/\/revistascientificas.us.es\/index.php\/araucaria\/article\/view\/1909\">voces impulsoras<\/a> de lo que posteriormente fue el sionismo, y principalmente del abogado jud\u00edo vien\u00e9s <strong>Theodor Herzl<\/strong>, creador e impulsor del movimiento sionista a finales del siglo XIX, particularmente en su obra capital <strong>\u00abEl Estado Jud\u00edo\u00bb<\/strong> (1896), donde enfoca en Palestina pero tambi\u00e9n en la Argentina la posibilidad de creaci\u00f3n del futuro Estado de Israel; y el denominado <strong>\u00ab<\/strong><strong>Plan Andinia\u00bb<\/strong>, que data de la d\u00e9cada de 1960 y que supone un presunto proyecto secreto para crear un segundo Estado jud\u00edo en la Patagonia entre Argentina y Chile.<\/span><\/p>\n<p style=\"text-align: justify;\"><span style=\"font-family: tahoma, arial, helvetica, sans-serif;\">En su libro, Herzl plantea esta disyuntiva:<\/span><\/p>\n<p style=\"text-align: justify; padding-left: 40px;\"><span style=\"font-family: tahoma, arial, helvetica, sans-serif;\"><strong>\u00ab\u00bfCu\u00e1l elegir: Palestina o Argentina?<\/strong> La <em>Society <\/em>(<strong>of Jews<\/strong>) tomar\u00e1 lo que se le d\u00e9 y hacia lo que se incline la opini\u00f3n general del pueblo jud\u00edo. La <em>Society <\/em>reglamentar\u00e1 ambas cosas. <strong>La Argentina es, por naturaleza, uno de los pa\u00edses m\u00e1s ricos de la tierr<\/strong>a, de superficie inmensa, poblaci\u00f3n escasa y clima moderado. <strong>La Rep\u00fablica Argentina tendr\u00eda el mayor inter\u00e9s en cedernos una parte de su territorio<\/strong>. La actual infiltraci\u00f3n de los jud\u00edos los ha disgustado, naturalmente<strong>; habr\u00eda que explicar a la Argentina la diferencia radical de la nueva emigraci\u00f3n jud\u00eda\u00bb<\/strong>.<\/span><\/p>\n<p style=\"text-align: justify;\"><span style=\"font-family: tahoma, arial, helvetica, sans-serif;\">Theodor Herzl, <em>El Estado Jud\u00edo<\/em>. Edici\u00f3n de la Organizaci\u00f3n Sionista Argentina, 2004, p. 45. <em>(las negritas son autor\u00eda propia)<\/em><\/span><\/p>\n<p>&nbsp;<\/p>\n<p style=\"text-align: justify;\"><span style=\"font-family: tahoma, arial, helvetica, sans-serif;\">Un texto intitulado <em>\u00abEl verdadero Plan Andinia y la realidad nacional\u00bb <\/em>establece el germen de este proyecto en una <em>\u00abreuni\u00f3n realizada el 23 de marzo de 1969 entre jud\u00edos ashkenaz\u00edes y el rabino Gordon<\/em>\u00bb en la sede del Templo Israelita en Buenos Aires donde se habl\u00f3 <em>\u00abdel Plan Andinia y la Rep\u00fablica Argentina\u00bb<\/em>. En unos de sus p\u00e1rrafos se indica que <em>\u00ab<\/em><em>Argentina es la tierra m\u00e1s rica y estrat\u00e9gica del mundo\u00bb<\/em> toda vez que establece los pasos necesarios para llevar a cabo este plan con especial \u00e9nfasis en <em>\u00abromper todo v\u00ednculo con el Gobierno Federal, proclamar su independencia como una naci\u00f3n libre y soberana y solicitar de inmediato a las organizaciones mundiales su reconocimiento como tal\u00bb.<\/em><\/span><\/p>\n<p style=\"text-align: justify;\"><span style=\"font-family: tahoma, arial, helvetica, sans-serif;\">Ambas teor\u00edas, las de Herzl y la del Plan Andinia, vuelven a proliferar con fuerzas en las redes sociales y otros espacios del ecosistema medi\u00e1tico, intentando rastrear los presuntos or\u00edgenes de la reciente implicaci\u00f3n israel\u00ed en Am\u00e9rica Latina.<\/span><\/p>\n<p style=\"text-align: justify;\"><span style=\"font-family: tahoma, arial, helvetica, sans-serif;\">Si bien es cierto que Herzl mencion\u00f3 a Argentina como un sitio posible para refugiar a jud\u00edos perseguidos no existen evidencias contundentes de que se llevara a cabo un plan concebido para hacer de este pa\u00eds un Estado jud\u00edo. El Congreso Sionista Mundial celebrado en Basilea (Suiza) en 1897 estableci\u00f3 a Palestina, entonces bajo dominio otomano, como el hogar nacional e hist\u00f3rico jud\u00edo.<\/span><\/p>\n<p style=\"text-align: justify;\"><span style=\"font-family: tahoma, arial, helvetica, sans-serif;\">Por su parte, el <a href=\"https:\/\/www.youtube.com\/watch?v=x7t9VZIOYm0\">Plan Andinia<\/a> tuvo especial eco en grupos nacionalistas radicales de Argentina y de Chile. Algunas fuentes se\u00f1alan a nazis que escaparon a estos pa\u00edses tras la II Guerra Mundial, especialmente familiares de Adolf Eichmann, el creador de la \u00abSoluci\u00f3n Final\u00bb refugiado en Argentina y extraditado a Israel en 1961, como sus principales propagandistas.<\/span><\/p>\n<p style=\"text-align: justify;\"><span style=\"font-family: tahoma, arial, helvetica, sans-serif;\">Se especula con que esta teor\u00eda fue esbozada por primera vez por el peque\u00f1o partido nacionalista Frente Nacional Socialista Argentino, creado por los hijos de Adolf Eichmann tras su captura en 1960 y posterior juicio. En 1971, el argentino Walter Beveraggi Allende, entusiasta difusor de ideas antisemitas y nacionalistas, volvi\u00f3 a introducir la conspiraci\u00f3n en el discurso p\u00fablico, adapt\u00e1ndola a los intereses del nacionalismo antiperonista en el que militaba.<\/span><\/p>\n<p style=\"text-align: justify;\"><span style=\"font-family: tahoma, arial, helvetica, sans-serif;\">En el caso de Chile, fue el ide\u00f3logo Miguel Serrano \u2015con fuertes convicciones antisemitas y negacionistas del Holocausto\u2015 quien sostuvo que el supuesto \u00abPlan Andinia\u00bb consist\u00eda en que un gobierno jud\u00edo pretend\u00eda arrebatar la Patagonia a Argentina y el territorio del sur de Chile para construir all\u00ed un segundo Estado jud\u00edo.<\/span><\/p>\n<p style=\"text-align: justify;\"><span style=\"font-family: tahoma, arial, helvetica, sans-serif;\">Tal y como se mencion\u00f3 anteriormente, los recientes incendios en la Patagonia reactivaron estas teor\u00edas del Plan Andinia en las redes sociales, en algunos casos a trav\u00e9s de cuentas falsas en las que se culpaban a supuestos <a href=\"https:\/\/www.santacruznuestrolugar.com\/post\/mochileros-sin-fronteras-la-encubierta-avanzada-israel%C3%AD-en-la-patagonia?fbclid=IwY2xjawT9kjFwZG9mBWV4dG4DYWVtAjEwAGJyaWQRMU5nZkk0VTZtbktjdGsyQndzcnRjBmFwcF9pZBAyMjIwMzkxNzg4MjAwODkyAAEeMHO_Qlngy4VmOVkiHvrCcfPaAxRxWyzEgT9wlEjZwkxbdgqzeLu8qWn8zZw_aem_OwQ3B48Re7qsaFOM4U78PQ\">\u00abmochileros\u00bb israel\u00ed<\/a>es como sus perpetradores.<\/span><\/p>\n<p style=\"text-align: justify;\"><span style=\"font-family: tahoma, arial, helvetica, sans-serif;\">Este contexto ha retrotra\u00eddo la persistencia de diversas teor\u00edas y especulaciones, algunas incluso de car\u00e1cter conspirativo, sobre las supuestas intenciones israel\u00edes en Argentina, tal y como se analizar\u00e1 m\u00e1s adelante. Entre ellos destacan <strong>el origen de los <a href=\"https:\/\/www.dw.com\/es\/patagonia-en-llamas-hechos-contra-una-teor%C3%ADa-conspirativa\/a-75495042\">incendios en la Patagonia<\/a><\/strong> observados en enero pasado, la presencia cada vez mayor de israel\u00edes en la regi\u00f3n, supuestamente como expedicionarios y misioneros, algunos aparentemente pertenecientes a las Fuerzas de Defensa de Israel (FDI) e incluso las presuntas <strong>medidas de expropiaci\u00f3n de tierras y desplazamiento de comunidades abor\u00edgenes<\/strong> que eventualmente favorecer\u00edan intereses comerciales israel\u00edes.<\/span><\/p>\n<p style=\"text-align: justify;\"><span style=\"font-family: tahoma, arial, helvetica, sans-serif;\">Debe recordarse que la Patagonia es una de las regiones m\u00e1s remotas del mundo, con escasa densidad demogr\u00e1fica (2,2 habitantes por km<sup>2<\/sup>) y abundantes recursos naturales, en especial agua dulce en la regi\u00f3n de los Hielos Continentales (Campo de Hielos Patag\u00f3nico) entre Chile y Argentina en torno al estrecho de Magallanes. Debe precisamente destacarse que, en las \u00faltimas semanas, se ha generado un conflicto bilateral entre los gobiernos de Kast y Milei en torno a la soberan\u00eda del estrecho de Magallanes, particularmente ante la nota de protesta por parte de la Canciller\u00eda chilena por los cuestionamientos del jefe de la Fuerza A\u00e9rea argentina a la soberan\u00eda chilena del paso austral.<\/span><\/p>\n<p style=\"text-align: justify;\"><span style=\"font-family: tahoma, arial, helvetica, sans-serif;\">En redes sociales se publican documentales e informaciones sobre iniciativas ecol\u00f3gicas y culturales que desde 1991 se llevan a cabo en el sur de Chile a trav\u00e9s del <strong>Proyecto Pumal\u00edn<\/strong> impulsado por las expediciones del empresario y ecologista estadounidense <strong>Douglas Tompkins.<\/strong><\/span><\/p>\n<p style=\"text-align: justify;\"><span style=\"font-family: tahoma, arial, helvetica, sans-serif;\">Estos proyectos, que incluyeron compra y protecci\u00f3n de grandes extensiones de tierra en un \u00e1rea de enorme biodiversidad, dieron lugar a la creaci\u00f3n del\u00a0<strong>Parque Nacional Pumal\u00edn Douglas Tompkins,<\/strong> una de las \u00e1reas protegidas m\u00e1s extensas y biodiversas del sur de\u00a0<a href=\"https:\/\/es.wikipedia.org\/wiki\/Chile\">Chile<\/a>, ubicada en la\u00a0<a href=\"https:\/\/es.wikipedia.org\/wiki\/Provincia_de_Palena\">Provincia de Palena<\/a>,\u00a0<a href=\"https:\/\/es.wikipedia.org\/wiki\/Regi%C3%B3n_de_Los_Lagos\">Regi\u00f3n de Los Lagos<\/a>, que abarca m\u00e1s de 402.000\u00a0hect\u00e1reas de bosques templados lluviosos, fiordos, monta\u00f1as y volcanes.<\/span><\/p>\n<p style=\"text-align: justify;\"><span style=\"font-family: tahoma, arial, helvetica, sans-serif;\">Otras informaciones revelan la <strong>persistente actividad de j\u00f3venes israel\u00edes reci\u00e9n salidos del servicio militar que viajan anualmente a la Patagonia entre Argentina y Chile <\/strong>en calidad de expedicionarios y misioneros. Algunas fuentes se\u00f1alan supuestas labores de reconocimiento de territorio e intereses tur\u00edsticos e inmobiliarios en la regi\u00f3n que, seg\u00fan reflejan estas fuentes, esconder\u00edan un proyecto oculto de ocupaci\u00f3n territorial.<\/span><\/p>\n<p style=\"text-align: justify;\"><span style=\"font-family: tahoma, arial, helvetica, sans-serif;\">Otras fuentes argumentan la existencia <strong>de proyectos de integraci\u00f3n cultural y tur\u00edstica para atraer a comunidades israel\u00edes<\/strong>, realizadas por nativos locales de origen jud\u00edo, se\u00f1alando en este sentido el ejemplo de la <strong>Municipalidad de El Calafate<\/strong>, en la provincia argentina de Santa Cruz.<\/span><\/p>\n<p style=\"text-align: justify;\"><span style=\"font-family: tahoma, arial, helvetica, sans-serif;\">Todo ello ha <strong>desempolvado las teor\u00edas del Plan Andinia<\/strong> de creaci\u00f3n en la Patagonia de un \u00abnuevo Israel\u00bb y una nueva \u00abTierra Prometida\u00bb, ahora determinado por la situaci\u00f3n de conflicto permanente en Oriente Medio y sus implicaciones para la supervivencia del actual Estado de Israel. Algunos aducen que ciertos sectores dentro de la sociedad israel\u00ed comienzan a observar a Israel como un Estado artificial e incluso inviable, azotado por guerras permanentes en Oriente Medio y dependiente de la ayuda internacional, principalmente estadounidense.<\/span><\/p>\n<p style=\"text-align: justify;\"><span style=\"font-family: tahoma, arial, helvetica, sans-serif;\">Los <strong>nuevos equilibrios geopol\u00edticos y militares en Oriente Medio<\/strong>, particularmente el reforzado papel de Turqu\u00eda dentro de la OTAN, los acercamientos de Washington hacia Arabia Saudita y Turqu\u00eda para equilibrar la hist\u00f3rica alianza con Israel y la confrontaci\u00f3n con Ir\u00e1n, el pacto militar entre Turqu\u00eda, Arabia Saudita y Pakist\u00e1n, los acercamientos entre Turqu\u00eda y Egipto y la desarticulaci\u00f3n de las milicias kurdas en Siria dentro del nuevo Ej\u00e9rcito Nacional centralizado, favoreciendo as\u00ed los intereses turcos y sauditas, <strong>dejan a Israel ante una situaci\u00f3n cada vez m\u00e1s aislada y de dependencia del apoyo estadounidense.<\/strong><\/span><\/p>\n<p style=\"text-align: justify;\"><span style=\"font-family: tahoma, arial, helvetica, sans-serif;\">Algunas fuentes se\u00f1alan igualmente como factores que persuaden a Israel a buscar nuevas alianzas en Am\u00e9rica Latina el <strong>balance migratorio negativo<\/strong> actualmente existente en <strong>Israel<\/strong>, su condici\u00f3n de pa\u00eds cada vez m\u00e1s aislado y en minor\u00eda en Oriente Medio, y de c\u00f3mo las guerras en Gaza e Ir\u00e1n han explotado la impopularidad hacia Israel dentro de la sociedad estadounidense y c\u00f3mo ello podr\u00eda influir en futuros procesos electorales y agendas pol\u00edticas para Washington. El giro electoral y pol\u00edtico hacia opciones derechistas y \u00abtrumpistas\u00bb en Am\u00e9rica Latina ha reforzado esta perspectiva israel\u00ed de volver a pisar con fuerza en la regi\u00f3n.<\/span><\/p>\n<p style=\"text-align: justify;\">\u00a0<\/p>\n<p style=\"text-align: justify;\"><span style=\"font-family: tahoma, arial, helvetica, sans-serif; font-size: 10pt;\"><strong><em>* Analista de Geopol\u00edtica y Relaciones Internacionales. Licenciado en Estudios Internacionales (Universidad Central de Venezuela, UCV), magister en Ciencia Pol\u00edtica (Universidad Sim\u00f3n Bol\u00edvar, USB) y colaborador en think tanks y medios digitales en Espa\u00f1a, EEUU e Am\u00e9rica Latina. Analista Senior de la SAEEG.<\/em><\/strong><\/span><\/p>\n<p style=\"text-align: justify;\"><span style=\"font-family: tahoma, arial, helvetica, sans-serif;\"><strong><em>\u00a0<\/em><\/strong><\/span><\/p>\n<p style=\"text-align: justify;\"><span style=\"font-family: tahoma, arial, helvetica, sans-serif;\"><em><strong>\u00a92026-saeeg\u00ae<\/strong><\/em><\/span><\/p>\n\n\n","protected":false},"excerpt":{"rendered":"<p>Roberto Mansilla Blanco* El descr\u00e9dito de la imagen internacional de Israel tras el genocidio en Gaza y el conflicto que se libra desde hace seis meses entre EEUU e Ir\u00e1n son algunos factores que han persuadido a Tel Aviv a ampliar sus alianzas y esferas de influencia, en este caso hacia Am\u00e9rica Latina, un escenario &hellip; <a href=\"https:\/\/saeeg.org\/index.php\/2026\/09\/01\/los-intereses-geopoliticos-de-israel-en-america-latina\/\" class=\"more-link\">Seguir leyendo <span class=\"screen-reader-text\">LOS INTERESES GEOPOL\u00cdTICOS DE ISRAEL EN AM\u00c9RICA LATINA<\/span> <span class=\"meta-nav\">&rarr;<\/span><\/a><\/p>\n","protected":false},"author":2,"featured_media":0,"comment_status":"open","ping_status":"closed","sticky":false,"template":"","format":"standard","meta":{"footnotes":""},"categories":[324,52],"tags":[22,1361,27,23,24,315,1370,254,1368,99,1165,1367,1369,666,209,1389,331,252,759,1511,130,314],"class_list":["post-10352","post","type-post","status-publish","format-standard","hentry","category-america-2","category-geopolitica","tag-america","tag-america-central","tag-argentina","tag-bolivia","tag-chile","tag-colombia","tag-costa-rica","tag-ecuador","tag-el-salvador","tag-estados-unidos","tag-geopoliitica","tag-guatemala","tag-honduras","tag-israel","tag-mexico","tag-panama","tag-paraguay","tag-peru","tag-sionismo","tag-teorias-conspirativas","tag-uruguay","tag-venezuela"],"_links":{"self":[{"href":"https:\/\/saeeg.org\/index.php\/wp-json\/wp\/v2\/posts\/10352","targetHints":{"allow":["GET"]}}],"collection":[{"href":"https:\/\/saeeg.org\/index.php\/wp-json\/wp\/v2\/posts"}],"about":[{"href":"https:\/\/saeeg.org\/index.php\/wp-json\/wp\/v2\/types\/post"}],"author":[{"embeddable":true,"href":"https:\/\/saeeg.org\/index.php\/wp-json\/wp\/v2\/users\/2"}],"replies":[{"embeddable":true,"href":"https:\/\/saeeg.org\/index.php\/wp-json\/wp\/v2\/comments?post=10352"}],"version-history":[{"count":1,"href":"https:\/\/saeeg.org\/index.php\/wp-json\/wp\/v2\/posts\/10352\/revisions"}],"predecessor-version":[{"id":10355,"href":"https:\/\/saeeg.org\/index.php\/wp-json\/wp\/v2\/posts\/10352\/revisions\/10355"}],"wp:attachment":[{"href":"https:\/\/saeeg.org\/index.php\/wp-json\/wp\/v2\/media?parent=10352"}],"wp:term":[{"taxonomy":"category","embeddable":true,"href":"https:\/\/saeeg.org\/index.php\/wp-json\/wp\/v2\/categories?post=10352"},{"taxonomy":"post_tag","embeddable":true,"href":"https:\/\/saeeg.org\/index.php\/wp-json\/wp\/v2\/tags?post=10352"}],"curies":[{"name":"wp","href":"https:\/\/api.w.org\/{rel}","templated":true}]}}