{"id":1556,"date":"2020-06-12T00:27:43","date_gmt":"2020-06-12T03:27:43","guid":{"rendered":"http:\/\/saeeg.org\/?p=1556"},"modified":"2020-06-11T17:39:58","modified_gmt":"2020-06-11T20:39:58","slug":"adios-libertad-adios","status":"publish","type":"post","link":"https:\/\/saeeg.org\/index.php\/2020\/06\/12\/adios-libertad-adios\/","title":{"rendered":"ADI\u00d3S LIBERTAD, ADI\u00d3S"},"content":{"rendered":"<p style=\"text-align: center;\"><span style=\"font-family: verdana, geneva, sans-serif;\"><strong><em>F. Javier Blasco*<\/em><\/strong><\/span><\/p>\n<p style=\"text-align: center;\"><a href=\"http:\/\/saeeg.org\/wp-content\/uploads\/2020\/06\/F-J-BLASCO-IMAGEN.png\"><img loading=\"lazy\" decoding=\"async\" class=\"aligncenter wp-image-1557\" src=\"http:\/\/saeeg.org\/wp-content\/uploads\/2020\/06\/F-J-BLASCO-IMAGEN-300x170.png\" alt=\"\" width=\"500\" height=\"283\" srcset=\"https:\/\/saeeg.org\/wp-content\/uploads\/2020\/06\/F-J-BLASCO-IMAGEN-300x170.png 300w, https:\/\/saeeg.org\/wp-content\/uploads\/2020\/06\/F-J-BLASCO-IMAGEN.png 575w\" sizes=\"auto, (max-width: 500px) 100vw, 500px\" \/><\/a><\/p>\n<p style=\"text-align: justify;\"><span style=\"font-family: verdana, geneva, sans-serif;\">Siempre se ha dicho que el que algo quiere, algo le cuesta, que viene a ser m\u00e1s o menos, que nada es gratis, todo tiene un precio, o al menos un peaje o canon que pagar por muy peque\u00f1o que este sea. Razonamiento simple y basado en la observaci\u00f3n de los hechos que suceden con determinada frecuencia aunque, en los \u00faltimos tiempos, dichos peajes vienen siendo m\u00e1s graves, m\u00e1s personales, nos afectan a todos y a la mayor parte nuestras relaciones individuales y colectivas.<\/span><\/p>\n<p style=\"text-align: justify;\"><span style=\"font-family: verdana, geneva, sans-serif;\">Peajes, que muchas veces se traducen en reales restricciones; que pueden venir impuestos por las autoridades, la aplicaci\u00f3n de la Ley, la sociedad, el ambiente en el que nos movemos y hasta a veces, las imponemos nosotros mismos como correcci\u00f3n de lo ocurrido o en previsi\u00f3n de que lo acontecido no vuelva a ocurrir, o al menos que de suceder lo haga, con menor intensidad y gravedad que recientemente.<\/span><\/p>\n<p style=\"text-align: justify;\"><span style=\"font-family: verdana, geneva, sans-serif;\">Solemos pensar que a medida que la sociedad crece en conocimiento, desarrollo y tecnolog\u00eda nos volvemos m\u00e1s libres, tenemos m\u00e1s tiempo para dedicarnos a nosotros, a la familia y amigos, a nuestras preferencias y hobbies, pero siento decepcionarle porque, si se analiza cr\u00edticamente, eso no es verdad.<\/span><\/p>\n<p style=\"text-align: justify;\"><span style=\"font-family: verdana, geneva, sans-serif;\">Muchas veces esas \u201clibertades\u201d personales, sociales y pol\u00edticas que pretenden vendernos se pueden llegar a convertir en yugos que no solo arrastramos para siempre o durante un largo periodo; incluso en la mayor parte de los casos, hasta pueden cambiar los modos y formas para el desarrollo y el desenlace de nuestra vida cotidiana o habitual.<\/span><\/p>\n<p style=\"text-align: justify;\"><span style=\"font-family: verdana, geneva, sans-serif;\">El legislador, que es quien realmente sostiene la sart\u00e9n por el mango, tiene por misi\u00f3n fundamental buscar nuestro bienestar, o al menos tratar de conseguirlo. Esa es la teor\u00eda, que como principio no est\u00e1 nada mal; pero resulta que en el ejercicio de dicho liderazgo y de tal autoridad, a veces se confunde o se transforma en otra cosa que puede f\u00e1cilmente definirse como el abuso de autoridad.<\/span><\/p>\n<p style=\"text-align: justify;\"><span style=\"font-family: verdana, geneva, sans-serif;\">Ocult\u00e1ndose o ampar\u00e1ndose tras ese aparente papel de protector de la sociedad y, hasta algunas veces, envuelto o con el apoyo de una aureola m\u00e1s grande con el sello de asociaci\u00f3n de estados de car\u00e1cter internacional, los que mandan y rigen los designios de las localidades, las regiones, los estados o de la vida universal legislan o acuerdan hacer algo que, por aquello de estar pensado y presentado, como algo de inter\u00e9s general, por nuestro bien y el de todos los dem\u00e1s, no podemos resistirnos o negarnos a acatar. Acatamiento que puede ser de forma voluntaria o por el temor de ser merecedor de una multa o punici\u00f3n de car\u00e1cter personal o general.<\/span><\/p>\n<p style=\"text-align: justify;\"><span style=\"font-family: verdana, geneva, sans-serif;\">Ejemplos hay muchos en la vida; lejanos, intermedios o m\u00e1s cercanos y de procedencia muy variada, como aquellos debidos a los cambios o imposiciones en las costumbres sociales; los derivados de la interpretaci\u00f3n, desarrollo o aplicaci\u00f3n de la religi\u00f3n; las apariciones y puesta en pr\u00e1ctica de nuevas tendencias o ideas pol\u00edticas; las invasiones y las guerras entre los pueblos; las revoluciones; las propagaciones de las enfermedades; el descubrimiento de nuevas partes del mundo, las mejoras en las tecnolog\u00edas, los modos y medios de viaje; las comunicaciones y en definitiva, todo tipo de desarrollos que aunque nacieron y fueron presentados y hasta aceptados como consistentes mejoras para nuestras vidas; en cierto modo, han venido cambiando o imponiendo nuevas normas de comportamiento u obligaciones, que llegan para quedarse para siempre entre nosotros e imprimen su sello bien diferenciado y peculiar.<\/span><\/p>\n<p style=\"text-align: justify;\"><span style=\"font-family: verdana, geneva, sans-serif;\">De todos los casos posibles, solo quisiera resaltar tres de ellos y no porque sean los m\u00e1s importantes, sino porque crearon cierto tipo de consecuencias o imprimieron un sello muy significativo aunque cada uno con diversa aplicaci\u00f3n e intensidad. Para empezar, conviene hablar de la famosa \u201cLey Seca\u201d en los Estados Unidos de Am\u00e9rica del a\u00f1o 1920 tra\u00edda por Andrew J. Volstead, senador republicano por Minnesota, quien promovi\u00f3 la conocida como Acta de Prohibici\u00f3n, una ley que implement\u00f3 la 18\u00aa enmienda a la Constituci\u00f3n norteamericana. La prohibici\u00f3n, supuso la imposibilidad de vender, producir, importar o incluso transportar alcohol en el pa\u00eds; en definitiva, la abolici\u00f3n radical de todo tipo de alcohol (cerveza, vino, destilados de alta graduaci\u00f3n), con ciertas excepciones, como el vino empleado para fines lit\u00fargicos.<\/span><\/p>\n<p style=\"text-align: justify;\"><span style=\"font-family: verdana, geneva, sans-serif;\">El movimiento vino arrastrado por una serie de iniciativas de car\u00e1cter religioso y social tanto en Canad\u00e1 como en EEUU durante el \u00faltimo cuarto del siglo XIX entre los protestantes y ciertos movimientos feministas (las propias mujeres), que reclamaban sus derechos para lograr la mejora del comportamiento personal o conyugal de los hombres, usualmente grandes bebedores en aquella \u00e9poca.<\/span><\/p>\n<p style=\"text-align: justify;\"><span style=\"font-family: verdana, geneva, sans-serif;\">Tras a\u00f1os de tensiones, a favor y en contra; finalmente se alcanz\u00f3 dicha iniciativa que, como ya se ha mencionado, se present\u00f3 como algo muy saludable y un paso adelante para la mejora de los comportamientos sociales y los derechos de la mujer. Tanto es as\u00ed que se lleg\u00f3 a afirmar que \u201ctodos los hombres volver\u00e1n a caminar erguidos, sonreir\u00e1n todas las mujeres y reir\u00e1n todos los ni\u00f1os. Se cerraron para siempre las puertas del infierno\u00bb. Frase con la se dirigi\u00f3 el 16 de enero de 1920 el reverendo Billy Sunday a una multitud de unas 10.000 personas que celebraban con \u00e9l el funeral de John Barleycorn (nombre que se le daba al whisky en el argot norteamericano).<\/span><\/p>\n<p style=\"text-align: justify;\"><span style=\"font-family: verdana, geneva, sans-serif;\">La realidad fue bien diferente y tal prohibici\u00f3n dio origen y p\u00e1bulo a que r\u00e1pidamente se produjeran efectos totalmente adversos como enriquecerse ilegal y r\u00e1pidamente determinados sectores de la sociedad y la econom\u00eda, al contrabando de whisky con todas sus connotaciones, la expansi\u00f3n y desarrollo del crimen, las mafias y el inicio del negocio de la droga. Miles de familias rotas, negocios por los suelos y toda una serie de grandes conflictos legales.<\/span><\/p>\n<p style=\"text-align: center;\"><a href=\"http:\/\/saeeg.org\/wp-content\/uploads\/2020\/06\/F-JAVIER-BLASCO-Ley-seca.png\"><img loading=\"lazy\" decoding=\"async\" class=\"aligncenter wp-image-1558\" src=\"http:\/\/saeeg.org\/wp-content\/uploads\/2020\/06\/F-JAVIER-BLASCO-Ley-seca-300x175.png\" alt=\"\" width=\"500\" height=\"292\" srcset=\"https:\/\/saeeg.org\/wp-content\/uploads\/2020\/06\/F-JAVIER-BLASCO-Ley-seca-300x175.png 300w, https:\/\/saeeg.org\/wp-content\/uploads\/2020\/06\/F-JAVIER-BLASCO-Ley-seca-768x448.png 768w, https:\/\/saeeg.org\/wp-content\/uploads\/2020\/06\/F-JAVIER-BLASCO-Ley-seca.png 840w\" sizes=\"auto, (max-width: 500px) 100vw, 500px\" \/><\/a><\/p>\n<p style=\"text-align: center;\"><span style=\"font-family: verdana, geneva, sans-serif; font-size: 8pt;\"><strong>18 de junio de 1931. En las afueras de Nueva York,\u00a0 agentes del gobierno destruyen barriles de cerveza clandestina durante la \u00e9poca de la ley seca.<\/strong><\/span><\/p>\n<p style=\"text-align: justify;\"><span style=\"font-family: verdana, geneva, sans-serif; font-size: 12pt;\">Las reales consecuencias de aquella \u201cnoble y sana\u201d iniciativa que afect\u00f3 a una naci\u00f3n fueron bastante nefastas; las bandas criminales, casi de inmediato, surgieron o se multiplicaron para tomar el control de la industria del alcohol y de otros muchos legales o ilegales negocios m\u00e1s. Brotaron bares clandestinos en todo el pa\u00eds para vender licor ilegal, aument\u00f3 la prostituci\u00f3n, el crimen organizado y la extorsi\u00f3n; decenas de millones de personas desobedecieron la legislaci\u00f3n y nunca se lograron los objetivos pretendidos con tama\u00f1a iniciativa. En 1933, tras el fracaso de la ley, fue derogada, siendo la \u00fanica vez que una enmienda constitucional ha sido anulada en dicho pa\u00eds.<\/span><\/p>\n<p style=\"text-align: justify;\"><span style=\"font-family: verdana, geneva, sans-serif; font-size: 12pt;\">Otro ejemplo de car\u00e1cter mucho m\u00e1s general y global, impulsado por las consecuencias de un terrible atentado terrorista, son las restricciones a los vuelos tras el tristemente famoso \u201c11- S del a\u00f1o 2001\u201d sobre EEUU. Atentado, perfectamente calculado y preparado por Al Qaeda que provoc\u00f3 unas cifras de unos 3.000 muertos y m\u00e1s 6.000 heridos.<\/span><\/p>\n<p style=\"text-align: justify;\"><span style=\"font-family: verdana, geneva, sans-serif; font-size: 12pt;\">En concreto, los terroristas secuestraron cuatro aviones de pasajeros en los que previamente, introdujeron personal yihadista, medio entrenado civilmente en el propio EEUU para que finamente, dos de ellos embistieran en los rascacielos conocidos como las Torres Gemelas. A consecuencia del impacto, algo m\u00e1s tarde y sin dar tiempo a su evacuaci\u00f3n, cayeron envueltos en sendas nubes de humo y escombros. Otro de los aviones impact\u00f3 en el Pent\u00e1gono y el cuarto, que no lleg\u00f3 a alcanzar su objetivo, se estrell\u00f3 en un campo a las afueras de Shanksville, en Pensilvania.<\/span><\/p>\n<p style=\"text-align: center;\"><a href=\"http:\/\/saeeg.org\/wp-content\/uploads\/2020\/06\/F-JAVIER-BLASCO-atentados-11-S-PNG.png\"><img loading=\"lazy\" decoding=\"async\" class=\"aligncenter wp-image-1559\" src=\"http:\/\/saeeg.org\/wp-content\/uploads\/2020\/06\/F-JAVIER-BLASCO-atentados-11-S-PNG-300x147.png\" alt=\"\" width=\"500\" height=\"245\" srcset=\"https:\/\/saeeg.org\/wp-content\/uploads\/2020\/06\/F-JAVIER-BLASCO-atentados-11-S-PNG-300x147.png 300w, https:\/\/saeeg.org\/wp-content\/uploads\/2020\/06\/F-JAVIER-BLASCO-atentados-11-S-PNG-768x376.png 768w, https:\/\/saeeg.org\/wp-content\/uploads\/2020\/06\/F-JAVIER-BLASCO-atentados-11-S-PNG.png 875w\" sizes=\"auto, (max-width: 500px) 100vw, 500px\" \/><\/a><\/p>\n<p style=\"text-align: center;\"><span style=\"font-family: verdana, geneva, sans-serif; font-size: 8pt;\"><strong>11-S. Atentado al <\/strong><em><strong>World Trade Center<\/strong><\/em><\/span><\/p>\n<p style=\"text-align: justify;\"><span style=\"font-family: verdana, geneva, sans-serif; font-size: 12pt;\">Como consecuencia de este terrible atentado, retransmitido en directo por todas las televisiones del mundo, cambi\u00f3 los modos y las formas de viajar, la seguridad y el control en los aeropuertos; el manejo, tipo y capacidad de los equipajes de mano; los pocos elementos l\u00edquidos y s\u00f3lidos a transportar; los utensilios a manejar para las comidas a bordo y toda una serie de medidas de control directas e indirectas sobre el personal y el material a embarcar o durante el vuelo, han cambiado totalmente y con ello nuestra forma de viajar. Lo peor de todo aquello, es que todos estos inconvenientes y quiz\u00e1s alguno m\u00e1s, se han quedado con nosotros para la eternidad y todos los aceptamos sin rechistar como un canon en favor o beneficio de nuestra seguridad personal.<\/span><\/p>\n<p style=\"text-align: justify;\"><span style=\"font-family: verdana, geneva, sans-serif; font-size: 12pt;\">Sin embargo, otros atentados como el que sufrimos en Madrid el 11-M de 2004, terrible aunque de menor entidad que el 11-S, no han sido objeto de grandes cambios en la medidas especiales de seguridad en los transportes p\u00fabicos de las grandes ciudades tanto en Espa\u00f1a, como en el resto del mundo. Hecho extra\u00f1o este, que pocos se paran a analizar; quiz\u00e1s sea, porque no qued\u00f3 muy clara su autor\u00eda, porque a consecuencia de aquello hubo un gran cambio electoral y puede que al partido beneficiado, el hecho y su raz\u00f3n de ser real no le interesaba mucho airear o porque tras el juicio a los presuntos autores, por mucho que el propio juez quiso alardear y hasta obtuvo ciertos r\u00e9ditos personales, la verdad, es que no se pudo sacar casi nada y qued\u00f3 mucho por aclarar. La cuesti\u00f3n es que se pas\u00f3 pronto p\u00e1gina y no se apreci\u00f3 entonces, ni se aprecia hoy, alg\u00fan tipo de cambio en el comportamiento, seguridad ni en la forma de viajar en aquellos medios que se usaron para matar.<\/span><\/p>\n<p style=\"text-align: center;\"><a href=\"http:\/\/saeeg.org\/wp-content\/uploads\/2020\/06\/F-JAVIER-BLASCO-Imagen-archivo-atentados-marzo-Madrid_2088401176_6747839_1300x731.png\"><img loading=\"lazy\" decoding=\"async\" class=\"aligncenter wp-image-1560\" src=\"http:\/\/saeeg.org\/wp-content\/uploads\/2020\/06\/F-JAVIER-BLASCO-Imagen-archivo-atentados-marzo-Madrid_2088401176_6747839_1300x731-300x169.png\" alt=\"\" width=\"500\" height=\"281\" srcset=\"https:\/\/saeeg.org\/wp-content\/uploads\/2020\/06\/F-JAVIER-BLASCO-Imagen-archivo-atentados-marzo-Madrid_2088401176_6747839_1300x731-300x169.png 300w, https:\/\/saeeg.org\/wp-content\/uploads\/2020\/06\/F-JAVIER-BLASCO-Imagen-archivo-atentados-marzo-Madrid_2088401176_6747839_1300x731-768x432.png 768w, https:\/\/saeeg.org\/wp-content\/uploads\/2020\/06\/F-JAVIER-BLASCO-Imagen-archivo-atentados-marzo-Madrid_2088401176_6747839_1300x731.png 780w\" sizes=\"auto, (max-width: 500px) 100vw, 500px\" \/><\/a><\/p>\n<p style=\"text-align: center;\"><span style=\"font-family: verdana, geneva, sans-serif; font-size: 8pt;\"><strong>11 de marzo de 2004. Atentados en Madrid.<\/strong><\/span><\/p>\n<p style=\"text-align: justify;\"><span style=\"font-family: verdana, geneva, sans-serif;\">Dicho esto, llegamos al \u00faltimo y m\u00e1s reciente evento que ha servido de alarma, presi\u00f3n y cambio de rumbo en el aspecto social, econ\u00f3mico, sanitario y de relaci\u00f3n en todo el mundo y del que a\u00fan estamos en fases lejanas de poder afirmar que se ha superado ya con lo que las consecuencias y acciones se pueden agrandar; me\u00a0 refiero claro est\u00e1 a la pandemia provocada por un virus bautizado como COVID-19.<\/span><\/p>\n<p style=\"text-align: justify;\"><span style=\"font-family: verdana, geneva, sans-serif;\">Una pandemia, que por presiones pol\u00edticas, econ\u00f3micas o espurios intereses pol\u00edticos o personales se ha tardado en identificar p\u00fablicamente, a pesar de contar con los medios y organismos bien capaces para su detecci\u00f3n y alarma precoz. Fatalmente, cuando ya no hab\u00eda m\u00e1s remedio, se intent\u00f3 ocultar a varios niveles, pero sobre todo, por pa\u00edses gobernados o en manos de estrafalarios, incompetentes y falsarios gobernantes como en Espa\u00f1a, Reino Unido, EEUU, Ir\u00e1n y Brasil principalmente.<\/span><\/p>\n<p style=\"text-align: center;\"><a href=\"http:\/\/saeeg.org\/wp-content\/uploads\/2020\/06\/coronavirus-4914026_640.png\"><img loading=\"lazy\" decoding=\"async\" class=\"aligncenter wp-image-1561\" src=\"http:\/\/saeeg.org\/wp-content\/uploads\/2020\/06\/coronavirus-4914026_640-300x169.png\" alt=\"\" width=\"500\" height=\"281\" srcset=\"https:\/\/saeeg.org\/wp-content\/uploads\/2020\/06\/coronavirus-4914026_640-300x169.png 300w, https:\/\/saeeg.org\/wp-content\/uploads\/2020\/06\/coronavirus-4914026_640.png 640w\" sizes=\"auto, (max-width: 500px) 100vw, 500px\" \/><\/a><\/p>\n<p style=\"text-align: center;\"><span style=\"font-family: verdana, geneva, sans-serif; font-size: 8pt;\"><strong>Imagen de Tumisu en Pixabay<\/strong><\/span><\/p>\n<p style=\"text-align: justify;\"><span style=\"font-family: verdana, geneva, sans-serif;\">Gobiernos que han tratado de menospreciar y ridiculizar la profundidad de la pandemia; mirar para otro lado; no seguir las recomendaciones internacionales sobre el aislamiento; retrasaron evitar las ocasiones de transmisi\u00f3n o de contagio masivo; aplicaron tarde el necesario control de las fronteras, la preparaci\u00f3n y el adiestramiento del personal sanitario, la acumulaci\u00f3n de material y la habilitaci\u00f3n de suficientes lugares seguros y bien equipados para la lucha contra la m\u00e1s que previsible y grave infecci\u00f3n mortal de los \u00faltimos tiempos.<\/span><\/p>\n<p style=\"text-align: justify;\"><span style=\"font-family: verdana, geneva, sans-serif;\">Finalmente, a pesar de tanto descubrimiento, adelanto y nuevas tecnolog\u00edas, hemos tenido que combatir la infecci\u00f3n con similares armas que hace siglos, el aislamiento en los hogares y el abandono de nuestros allegados, mayores y enfermos en manos de personal sanitario \u2014m\u00e1s o menos cualificado\u2014 o a su libre albedr\u00edo, suerte y buena voluntad.<\/span><\/p>\n<p style=\"text-align: justify;\"><span style=\"font-family: verdana, geneva, sans-serif;\">Se nos ha prohibido durante semanas visitar a los seres queridos, sacarles de los focos de muerte, acompa\u00f1arlos m\u00ednimamente en lechos de dolor, velarlos cuando ya han fallecido y enterrarlos con la m\u00e1s m\u00ednima dignidad e intimidad familiar.<\/span><\/p>\n<p style=\"text-align: justify;\"><span style=\"font-family: verdana, geneva, sans-serif;\">Con la excusa de evitar mayores calamidades y otro tipo de contagios, todo se ha justificado y hasta permitido sin casi rechistar. Ahora, al llegar el momento de empezar a pedir responsabilidades, nadie quiere hacerse cargo de la suya aunque sea parcial o en su totalidad.<\/span><\/p>\n<p style=\"text-align: justify;\"><span style=\"font-family: verdana, geneva, sans-serif;\">No hay sinceridad, todos sabemos que en mucho pa\u00edses, las cosas no se han podido hacer peor, y encima de llegar siempre tarde y mal, los dirigentes pol\u00edticos aunque sigan desorientando y toreando a la poblaci\u00f3n con bombardeos de datos falsos y ocult\u00e1ndoles situaciones inveros\u00edmiles de alcanzar, aparecen ante los medios con proclamas mesi\u00e1nicas, empalagosas y falsas palabras auto evaluando de notable la gesti\u00f3n de este mal.<\/span><\/p>\n<p style=\"text-align: justify;\"><span style=\"font-family: verdana, geneva, sans-serif;\">Los graves y duraderos rescoldos de esta larga agon\u00eda, no se centran solo en las muchas decenas de miles de muertos que quedan atr\u00e1s; hay que tener presente las ocasiones laborales truncadas por una mala previsi\u00f3n pol\u00edtica, por reaccionar tarde y\/o exageradamente para evitar volver a caer en situaciones extremas. En los miles de empresas cerradas o quebradas para siempre, los millones de parados, los obligados cambios en las forma de trabajo. Las limitaciones durante meses o a\u00f1os para disfrutar del solaz o el ocio, de las vacaciones en el mar, los viajes tranquilos o en grupo allende fronteras y sin limitar, las celebraciones multitudinarias, los besos y abrazos y el no podernos quitar esa sensaci\u00f3n de p\u00e1nico que para siempre nos acompa\u00f1ar\u00e1 con un temor desorbitado hacia aquel vecino o amigo al que ya no nos gusta saludar y con el que mantenemos una distancia prudencial o hasta mucho m\u00e1s.<\/span><\/p>\n<p style=\"text-align: justify;\"><span style=\"font-family: verdana, geneva, sans-serif;\">Las medidas de control de la poblaci\u00f3n a base de geolocalizaci\u00f3n y otros medios m\u00e1s sofisticados, los seguimientos y test varios en busca del menor s\u00edntoma o cuando una reca\u00edda vuelva aunque sea m\u00ednimamente a amenazar, las dificultades de paso para el embarque y desembarque en los aeropuertos y puertos, las nuevas incomodidades de los viajes placenteros en peque\u00f1as embarcaciones, en tren o autob\u00fas, los cierres temporales de fronteras, las forzadas cuarentenas y la obligaci\u00f3n de tener que pagar con el m\u00f3vil o la tarjeta, aunque sea una m\u00ednima cantidad o que por la edad, no lo sepamos o no la queramos usar.<\/span><\/p>\n<p style=\"text-align: justify;\"><span style=\"font-family: verdana, geneva, sans-serif;\">Esa distancia social y el uso del teletrabajo para muchos actos de la vida que de siempre han sido presenciales, c\u00e1lidos y amables, nos llevar\u00e1n a ser atendidos por Internet o atados obligatoriamente a maquinas con cintas grabadas que te contestan lo que quieren, te ofrecen de todo menos de lo que necesitas y acabas abjurando de ellas tras media hora de intentar e intentar.<\/span><\/p>\n<p style=\"text-align: justify;\"><span style=\"font-family: verdana, geneva, sans-serif;\">Los miedos a los hospitales o a ser intervenidos por aquello de lo que te pueden contagiar, el uso obligado de la mascarilla para muchos actos de la vida, el implementado distanciamiento social, el cada vez menos uso del dinero y de nada que se pueda tocar, nos llevar\u00e1 sin lugar a dudas a una situaci\u00f3n de histeria, de separaci\u00f3n entre amigos, vecinos y hasta familiar y, sin duda, a una sospecha y denuncia de todo y todos que ya veremos c\u00f3mo podr\u00e1 acabar.<\/span><\/p>\n<p style=\"text-align: justify;\"><span style=\"font-family: verdana, geneva, sans-serif;\">Para colmo de males, y como quien no quiere la cosa, muchos gobiernos y hasta organizaciones internacionales, aprovechan y aprovechar\u00e1n esta situaci\u00f3n de caos y p\u00e1nico generalizado para legislar a su imagen y semejanza, bajo o por la excusa de nuestra protecci\u00f3n colectiva y personal y acabaremos mucho m\u00e1s controlados en todos los actos y hasta en lo que anta\u00f1o fue nuestra intimidad. Ya hay gobiernos como el brit\u00e1nico, que aconseja o proh\u00edbe las relaciones sexuales de parejas que no convivan en el mismo hogar.<\/span><\/p>\n<p style=\"text-align: justify;\"><span style=\"font-family: verdana, geneva, sans-serif;\">Veremos, si finalmente los gobiernos y la sociedad en general, se deciden a aplicar el necesario remedio a la mayor lecci\u00f3n aprendida de todo este desastre y maldad; cambiar las normas de juego y de atenci\u00f3n a nuestros ancianos, que lo han dado todo y, sin embargo en la mayor parte del mundo, por vivir en residencias o en su casa en soledad, han sido clasificados como material desechable y los primeros a no cuidar.<\/span><\/p>\n<p style=\"text-align: justify;\"><span style=\"font-family: verdana, geneva, sans-serif;\">Esperemos y deseemos que esto no vuelva a ocurrir, porque la vida es muy corta, dura y tenaz; por lo que todo aquello que ahora nos parece necesario, conveniente y hasta lejano, en unos pocos a\u00f1os se le podr\u00e1 tambi\u00e9n aplicar a los que hoy defienden \u2014aunque sea de hurtadillas\u2014 su necesidad; y entonces, ser\u00e1 el momento para aquellos de pensar, que si lo hubieran hecho como debi\u00f3 ser, jam\u00e1s le tendr\u00eda que pasar.<\/span><\/p>\n<p style=\"text-align: justify;\">\n<p style=\"text-align: justify;\"><span style=\"font-family: verdana, geneva, sans-serif; font-size: 10pt;\"><strong><em><span style=\"font-family: verdana, geneva, sans-serif;\">* Coronel de Ej\u00e9rcito de Tierra (Reserva) de Espa\u00f1a.\u00a0<\/span> Diplomado de Estado Mayor, con experiencia de m\u00e1s de 40 a\u00f1os en las FAS. Ha participado en Operaciones de Paz en Bosnia Herzegovina y Kosovo y en Estados Mayores de la OTAN (AFSOUTH-J9).<\/em><\/strong> <strong><em>Agregado de Defensa en la Rep\u00fablica Checa y en Eslovaquia. Piloto de helic\u00f3pteros, Vuelo Instrumental y piloto de pruebas.<\/em><\/strong><\/span><\/p>\n<p style=\"text-align: justify;\"><span style=\"font-family: verdana, geneva, sans-serif; font-size: 10pt;\"><strong><em>Miembro de la SAEEG.<\/em><\/strong><\/span><\/p>\n<p><span style=\"font-family: verdana, geneva, sans-serif;\"><em><strong>\u00a92020-saeeg\u00ae<\/strong><\/em><\/span><\/p>\n<p>&nbsp;<\/p>\n","protected":false},"excerpt":{"rendered":"<p>F. Javier Blasco* Siempre se ha dicho que el que algo quiere, algo le cuesta, que viene a ser m\u00e1s o menos, que nada es gratis, todo tiene un precio, o al menos un peaje o canon que pagar por muy peque\u00f1o que este sea. Razonamiento simple y basado en la observaci\u00f3n de los hechos &hellip; <a href=\"https:\/\/saeeg.org\/index.php\/2020\/06\/12\/adios-libertad-adios\/\" class=\"more-link\">Seguir leyendo <span class=\"screen-reader-text\">ADI\u00d3S LIBERTAD, ADI\u00d3S<\/span> <span class=\"meta-nav\">&rarr;<\/span><\/a><\/p>\n","protected":false},"author":2,"featured_media":0,"comment_status":"open","ping_status":"open","sticky":false,"template":"","format":"standard","meta":{"footnotes":""},"categories":[498],"tags":[361,365,47,127,99,499,364,19,131],"class_list":["post-1556","post","type-post","status-publish","format-standard","hentry","category-libertades-individuales-y-colectivas","tag-coronavirus","tag-covid-19","tag-democracia","tag-espana","tag-estados-unidos","tag-libertades-individuales","tag-pandemia","tag-politica","tag-reino-unido"],"_links":{"self":[{"href":"https:\/\/saeeg.org\/index.php\/wp-json\/wp\/v2\/posts\/1556","targetHints":{"allow":["GET"]}}],"collection":[{"href":"https:\/\/saeeg.org\/index.php\/wp-json\/wp\/v2\/posts"}],"about":[{"href":"https:\/\/saeeg.org\/index.php\/wp-json\/wp\/v2\/types\/post"}],"author":[{"embeddable":true,"href":"https:\/\/saeeg.org\/index.php\/wp-json\/wp\/v2\/users\/2"}],"replies":[{"embeddable":true,"href":"https:\/\/saeeg.org\/index.php\/wp-json\/wp\/v2\/comments?post=1556"}],"version-history":[{"count":0,"href":"https:\/\/saeeg.org\/index.php\/wp-json\/wp\/v2\/posts\/1556\/revisions"}],"wp:attachment":[{"href":"https:\/\/saeeg.org\/index.php\/wp-json\/wp\/v2\/media?parent=1556"}],"wp:term":[{"taxonomy":"category","embeddable":true,"href":"https:\/\/saeeg.org\/index.php\/wp-json\/wp\/v2\/categories?post=1556"},{"taxonomy":"post_tag","embeddable":true,"href":"https:\/\/saeeg.org\/index.php\/wp-json\/wp\/v2\/tags?post=1556"}],"curies":[{"name":"wp","href":"https:\/\/api.w.org\/{rel}","templated":true}]}}