{"id":2316,"date":"2020-10-10T22:32:25","date_gmt":"2020-10-11T01:32:25","guid":{"rendered":"http:\/\/saeeg.org\/?p=2316"},"modified":"2020-10-10T22:32:35","modified_gmt":"2020-10-11T01:32:35","slug":"el-tablero-de-ajedrez-libio-y-los-movimientos-de-turquia-y-haftar","status":"publish","type":"post","link":"https:\/\/saeeg.org\/index.php\/2020\/10\/10\/el-tablero-de-ajedrez-libio-y-los-movimientos-de-turquia-y-haftar\/","title":{"rendered":"EL TABLERO DE AJEDREZ LIBIO Y LOS MOVIMIENTOS DE TURQU\u00cdA (Y HAFTAR)"},"content":{"rendered":"\n<p style=\"text-align: center;\"><strong><em><span style=\"font-family: verdana, geneva, sans-serif; font-size: 12pt;\">Giancarlo Elia Valori*<\/span><\/em><\/strong><\/p>\n\n\n\n<div class=\"wp-block-image\"><figure class=\"aligncenter size-large\"><img loading=\"lazy\" decoding=\"async\" width=\"950\" height=\"580\" src=\"https:\/\/saeeg.org\/wp-content\/uploads\/2020\/10\/ERDOGAN-PNG.png\" alt=\"\" class=\"wp-image-2317\" srcset=\"https:\/\/saeeg.org\/wp-content\/uploads\/2020\/10\/ERDOGAN-PNG.png 950w, https:\/\/saeeg.org\/wp-content\/uploads\/2020\/10\/ERDOGAN-PNG-300x183.png 300w, https:\/\/saeeg.org\/wp-content\/uploads\/2020\/10\/ERDOGAN-PNG-768x469.png 768w\" sizes=\"auto, (max-width: 950px) 100vw, 950px\" \/><\/figure><\/div>\n\n\n\n<p style=\"text-align: justify;\"><span style=\"font-family: verdana, geneva, sans-serif; font-size: 12pt;\"><strong><em>Ankara quiere la plena inclusi\u00f3n de Argelia, Qatar, T\u00fanez, en el proceso de paz en Libia, una medida que hubiera sido obvia para Roma pero, ya sabes, necesitas inteligencia para pensar.<\/em><\/strong><\/span><\/p>\n<p style=\"text-align: justify;\"><span style=\"font-family: verdana, geneva, sans-serif; font-size: 12pt;\">Haftar ya ha respondido a los movimientos de Turqu\u00eda en Libia, todos en fuerte apoyo al gobierno de Al Serraj, con varios movimientos: el 27 de abril, Haftar declar\u00f3 que el \u201cAcuerdo Pol\u00edtico Libio\u201d, escrito en diciembre de 2015, era completamente nulo y sin valor y luego reenviado por Ghassan Salam\u00e9, el enviado de la ONU para Libia, en 2017.<\/span><\/p>\n<p style=\"text-align: justify;\"><span style=\"font-family: verdana, geneva, sans-serif; font-size: 12pt;\">Un movimiento que los propios aliados de Haftar en el este de Libia han interpretado negativamente, porque los ha dejado desprovistos de cualquier imagen y poder internacional, por limitado que sea.<\/span><\/p>\n<p style=\"text-align: justify;\"><span style=\"font-family: verdana, geneva, sans-serif; font-size: 12pt;\">Otro temor de Haftar, ahora que, sin embargo, ya no tiene la clara superioridad militar en el campo, es que sus aliados, que ya no apreciaron su movida, sobre el \u201cAcuerdo Pol\u00edtico Libio\u201d, o los de la <em>C\u00e1mara de Representantes, <\/em>el parlamento aut\u00f3nomo de Tobruk, dirigido por Aguilah Saleh, puede entablar negociaciones directas con Tr\u00edpoli e incluso con Turqu\u00eda.<\/span><\/p>\n<p style=\"text-align: justify;\"><span style=\"font-family: verdana, geneva, sans-serif; font-size: 12pt;\">Haftar tambi\u00e9n teme la p\u00e9rdida del apoyo de sus partidarios internacionales, que ya no esperan una reunificaci\u00f3n de Libia bajo el liderazgo pol\u00edtico-militar del LNA de Bengasi.<\/span><\/p>\n<p style=\"text-align: justify;\"><span style=\"font-family: verdana, geneva, sans-serif; font-size: 12pt;\">Esto podr\u00eda significar, en primera instancia, un mayor apoyo de Rusia a las fuerzas de Haftar, menos fuerte que antes y, por lo tanto, ya no puede desobedecer o incluso tratar seriamente con los propios emisarios de la Federaci\u00f3n de Rusia.<\/span><\/p>\n<p style=\"text-align: justify;\"><span style=\"font-family: verdana, geneva, sans-serif; font-size: 12pt;\">Hasta la fecha, \u00e9sta ser\u00eda la \u00fanica alternativa real a la presencia de Ankara en Libia y la posible reunificaci\u00f3n del pa\u00eds bajo el impulso militar y pol\u00edtico de Al Serraj, ciertamente reconocido por la ONU pero tambi\u00e9n un punto de referencia para toda una zona de islamismo militante, \u201cradical\u201d y absolutista. Gracias a la ONU, por supuesto.<\/span><\/p>\n<p style=\"text-align: justify;\"><span style=\"font-family: verdana, geneva, sans-serif; font-size: 12pt;\">No es un punto secundario la nueva penetraci\u00f3n de Rusia en Libia, tambi\u00e9n para contrarrestar la de Turqu\u00eda, el nuevo papel de Aguila Saleh, el hombre de Tobruk, quien habl\u00f3 expl\u00edcitamente del apoyo de Mosc\u00fa a un ataque a Tr\u00edpoli, mientras que Abu Dhabi, otro jugador no secundario en la Libia actual, mantiene a Haftar al declarar inv\u00e1lido el antiguo acuerdo mediado por Ghassam Salam\u00e9.<\/span><\/p>\n<p style=\"text-align: justify;\"><span style=\"font-family: verdana, geneva, sans-serif; font-size: 12pt;\">Otra posibilidad, en la conexi\u00f3n entre Rusia y Turqu\u00eda en Siria, podr\u00eda ser la de desencadenar un proceso de negociaci\u00f3n \u201csimilar a Astana\u201d para Libia, como para excluir a cualquier otro actor externo en Libia, pero con negociaciones bilaterales suficientemente efectivas para evitar la <em>escalada <\/em>de tensi\u00f3n entre Ankara y Mosc\u00fa, como en Siria, y tal como para excluir cualquier otro referente externo de las fuerzas libias presentes en el campo hoy, excepto, de hecho, Turqu\u00eda y Rusia.<\/span><\/p>\n<p style=\"text-align: justify;\"><span style=\"font-family: verdana, geneva, sans-serif; font-size: 12pt;\">A esto se suma que, tras los m\u00faltiples descubrimientos recientes de yacimientos de hidrocarburos en todo el Mediterr\u00e1neo Oriental, en lugar de fortalecer la cooperaci\u00f3n regional, esto ha llevado a la creaci\u00f3n de dos polos pol\u00edtico-energ\u00e9tico-militares opuestos: por un lado el eje Grecia-Chipre griega-Israel, con Egipto y, por el otro, solo Turqu\u00eda.<\/span><\/p>\n<p style=\"text-align: justify;\"><span style=\"font-family: verdana, geneva, sans-serif; font-size: 12pt;\">Para el primer eje de aliados, el referente externo, al menos por ahora, es solo Francia.<\/span><\/p>\n<p style=\"text-align: justify;\"><span style=\"font-family: verdana, geneva, sans-serif; font-size: 12pt;\">Para Turqu\u00eda, el \u201cinvitado de piedra\u201d, nuevamente por ahora, podr\u00eda ser incluso Rusia.<\/span><\/p>\n<p style=\"text-align: justify;\"><span style=\"font-family: verdana, geneva, sans-serif; font-size: 12pt;\">Tambi\u00e9n depende de los acuerdos Ankara-Mosc\u00fa pendientes en Libia, por supuesto.<\/span><\/p>\n<p style=\"text-align: justify;\"><span style=\"font-family: verdana, geneva, sans-serif; font-size: 12pt;\">Estados Unidos, ahora externo a Siria, no tiene posiciones cre\u00edbles en el Mediterr\u00e1neo oriental, excepto las que se encuentran en territorio italiano, mientras que Mosc\u00fa tiene a Siria en sus manos y puede operar con mucha facilidad en el Mediterr\u00e1neo oriental.<\/span><\/p>\n<p style=\"text-align: justify;\"><span style=\"font-family: verdana, geneva, sans-serif; font-size: 12pt;\">Chipre firm\u00f3 un acuerdo sobre sus aguas territoriales con Egipto en 2003 y luego con El L\u00edbano en 2007, acuerdos inmediatamente cuestionados por Turqu\u00eda en la ONU.<\/span><\/p>\n<p style=\"text-align: justify;\"><span style=\"font-family: verdana, geneva, sans-serif; font-size: 12pt;\">Otro tema importante. Turqu\u00eda se interes\u00f3 inicialmente en el <em>proyecto del Gasoducto \u00c1rabe, <\/em>que habr\u00eda tra\u00eddo el gas egipcio de Zohr, extra\u00eddo por ENI, con ramificaciones en Jordania, El L\u00edbano y Siria, tambi\u00e9n con sectores submarinos adicionales y con un desv\u00edo a Israel y luego a la UE, un proyecto que unir\u00eda el gas turco con sus clientes potenciales de la UE.<\/span><\/p>\n<p style=\"text-align: justify;\"><span style=\"font-family: verdana, geneva, sans-serif; font-size: 12pt;\">En la primer d\u00e9cada del siglo XXI, sin embargo, las exploraciones y descubrimientos aumentaron r\u00e1pidamente, lo que provoc\u00f3 una r\u00e1pida saturaci\u00f3n del consumo interno y, por lo tanto, una posibilidad pol\u00edtica de vender excedentes en el exterior, lo que gener\u00f3 un clima de fuerte rivalidad entre los pa\u00edses del Mediterr\u00e1neo Oriental.<\/span><\/p>\n<p style=\"text-align: justify;\"><span style=\"font-family: verdana, geneva, sans-serif; font-size: 12pt;\">Otro elemento de transformaci\u00f3n fue tambi\u00e9n la imprudente pol\u00edtica de la \u201cPrimavera \u00c1rabe\u201d, que desestabiliz\u00f3, pero sin ning\u00fan fruto salvo la yihad, precisamente a aquellos pa\u00edses \u00e1rabes que podr\u00edan haber reconstruido una colaboraci\u00f3n energ\u00e9tica.<\/span><\/p>\n<p style=\"text-align: justify;\"><span style=\"font-family: verdana, geneva, sans-serif; font-size: 12pt;\">Fue la propia Turqu\u00eda la que apoy\u00f3 inmediatamente la revuelta de los Hermanos Musulmanes, tambi\u00e9n en el origen del partido de Erdogan AKP, tanto en Egipto como en T\u00fanez, as\u00ed como en Jordania.<\/span><\/p>\n<p style=\"text-align: justify;\"><span style=\"font-family: verdana, geneva, sans-serif; font-size: 12pt;\">Al final del circo de la \u201cPrimavera \u00c1rabe\u201d, solo quedaban dos posibilidades concretas de cooperaci\u00f3n energ\u00e9tica regional: el v\u00ednculo entre Turqu\u00eda e Israel y las negociaciones en Chipre en 2014.<\/span><\/p>\n<p style=\"text-align: justify;\"><span style=\"font-family: verdana, geneva, sans-serif; font-size: 12pt;\">De hecho, Chipre podr\u00eda haber exportado su gas directamente a la UE con un <em>gasoducto <\/em>a trav\u00e9s de Grecia y Turqu\u00eda, al que tambi\u00e9n podr\u00eda haberse conectado el gas israel\u00ed.<\/span><\/p>\n<p style=\"text-align: justify;\"><span style=\"font-family: verdana, geneva, sans-serif; font-size: 12pt;\">El posible acuerdo finaliz\u00f3 antes de comenzar, en 2017.<\/span><\/p>\n<p style=\"text-align: justify;\"><span style=\"font-family: verdana, geneva, sans-serif; font-size: 12pt;\">Ahora bien, \u00bfa d\u00f3nde se fue el gas israel\u00ed? La hip\u00f3tesis m\u00e1s racional era la de un <em>oleoducto a <\/em>trav\u00e9s de El L\u00edbano y Siria a Turqu\u00eda, una l\u00ednea que, sin embargo, no era pol\u00edticamente aceptable por las partes.<\/span><\/p>\n<p style=\"text-align: justify;\"><span style=\"font-family: verdana, geneva, sans-serif; font-size: 12pt;\">La otra forma era atravesar las aguas territoriales de Chipre, una ruta que inevitablemente atravesar\u00eda la Zona Econ\u00f3mica Exclusiva Turcochipriota, pero esto ciertamente no atra\u00eda a Israel, que se habr\u00eda visto enredada en los eternos problemas entre las dos \u00e1reas de Chipre.<\/span><\/p>\n<p style=\"text-align: justify;\"><span style=\"font-family: verdana, geneva, sans-serif; font-size: 12pt;\">En este punto, el descubrimiento del \u00e1rea del tanque de gas de <em>Afrodita se <\/em>produjo en diciembre de 2011.<\/span><\/p>\n<p style=\"text-align: justify;\"><span style=\"font-family: verdana, geneva, sans-serif; font-size: 12pt;\">Una forma concreta de vincular a Chipre con Israel.<\/span><\/p>\n<p style=\"text-align: justify;\"><span style=\"font-family: verdana, geneva, sans-serif; font-size: 12pt;\">Grecia, entonces, elabora en este punto una nueva l\u00ednea, la <em>EastMed, <\/em>que pasa desde la isla de la parte griega de Creta y el territorio metropolitano griego, excluyendo as\u00ed completamente a Turqu\u00eda.<\/span><\/p>\n<p style=\"text-align: justify;\"><span style=\"font-family: verdana, geneva, sans-serif; font-size: 12pt;\">El <em>Foro del Gas del Mediterr\u00e1neo Oriental, <\/em>en enero de 2019, cont\u00f3 con la participaci\u00f3n de Italia, que sin embargo ahora hace lo que los juristas llaman la \u201cparte del acusado\u201d, o incluso el tonto, luego Chipre, Israel, Grecia, Egipto, Jordania y con la participaci\u00f3n de la Autoridad Nacional Palestina.<\/span><\/p>\n<p style=\"text-align: justify;\"><span style=\"font-family: verdana, geneva, sans-serif; font-size: 12pt;\">Evidentemente, Ankara consideraba que estas operaciones eran eminentemente anti-turcas.<\/span><\/p>\n<p style=\"text-align: justify;\"><span style=\"font-family: verdana, geneva, sans-serif; font-size: 12pt;\">Por lo tanto, el r\u00e9gimen del AKP aplic\u00f3 la <em>\u201cEstrategia de la Patria Azul\u201d, <\/em>previamente desarrollada por la Armada de Ankara, destinada a defender, siempre y en cualquier caso, los intereses turcos en mar abierto. Como si fueran el territorio de la patria.<\/span><\/p>\n<p style=\"text-align: justify;\"><span style=\"font-family: verdana, geneva, sans-serif; font-size: 12pt;\">En segundo lugar, y aqu\u00ed volvemos a Libia, Turqu\u00eda firm\u00f3 el acuerdo con el gobierno libio de Al Serraj el 27 de noviembre de 2019. El acuerdo redibuja toda la l\u00ednea fronteriza mar\u00edtima de Turqu\u00eda hacia el oeste y sirve sobre todo para bloquear el desarrollo de la l\u00ednea de gas natural <em>EastMed.<\/em> Tambi\u00e9n bloquea los reclamos de soberan\u00eda griega sobre algunas de sus islas, lo que respalda no solo los reclamos turcos sino tambi\u00e9n libios sobre la base continental submarina de sus \u00e1reas mar\u00edtimas.<\/span><\/p>\n<p style=\"text-align: justify;\"><span style=\"font-family: verdana, geneva, sans-serif; font-size: 12pt;\">Adem\u00e1s, la extensi\u00f3n turca y libia hacia Kastellorizo y el mar griego tambi\u00e9n apoya los derechos definidos por la plataforma continental de Egipto hacia Grecia y Chipre, con el criterio, siempre apoyado por Ankara, que las islas de un \u201cmar cerrado\u201d al igual que el Mediterr\u00e1neo, no tienen, en principio, aguas territoriales definidas, como siempre sucede en otros lugares, por el criterio puramente geogr\u00e1fico de la \u201cl\u00ednea media\u201d.<\/span><\/p>\n<p style=\"text-align: justify;\"><span style=\"font-family: verdana, geneva, sans-serif; font-size: 12pt;\">Solo despu\u00e9s de la aceptaci\u00f3n por el lado libio-Tr\u00edpoli de la l\u00ednea de delimitaci\u00f3n mar\u00edtima propuesta por Turqu\u00eda hacia Tr\u00edpoli, lleg\u00f3 tambi\u00e9n la aprobaci\u00f3n parlamentaria turca para el despliegue de fuerzas armadas en el territorio del GNA de Al Serraj en Tr\u00edpoli.<\/span><\/p>\n<p style=\"text-align: justify;\"><span style=\"font-family: verdana, geneva, sans-serif; font-size: 12pt;\">De ah\u00ed la interdependencia entre la cuesti\u00f3n libia y el equilibrio no en el simple Magreb, sino en todo Oriente Medio.<\/span><\/p>\n<p style=\"text-align: justify;\"><span style=\"font-family: verdana, geneva, sans-serif; font-size: 12pt;\">Grecia expuls\u00f3 de inmediato al embajador libio del GNA, luego invit\u00f3 a Khalifa Haftar a \u201cdar una lecci\u00f3n\u201d en Tr\u00edpoli. Por otro lado, los Emiratos \u00c1rabes Unidos, antiguos partidarios de <em>EastMed <\/em>y por tanto interesados en bloquear la presencia turca en todo Medio Oriente, se han movido en correlaci\u00f3n con Grecia e Israel.<\/span><\/p>\n<p style=\"text-align: justify;\"><span style=\"font-family: verdana, geneva, sans-serif; font-size: 12pt;\">La l\u00ednea turco-libia de su nueva ZEE pasa justo debajo del \u00e1rea griega de Creta.<\/span><\/p>\n<p style=\"text-align: justify;\"><span style=\"font-family: verdana, geneva, sans-serif; font-size: 12pt;\">Pero hay otros sub-conflictos adicionales en el Mediterr\u00e1neo oriental: la superposici\u00f3n de los dep\u00f3sitos de submarinos libaneses con los israel\u00edes, por ejemplo, mientras que Israel y Chipre todav\u00eda tienen disputas sobre los l\u00edmites del campo de <em>Afrodita <\/em>que a\u00fan limita con el \u00e1rea de gas israel\u00ed de Yishai, pero con m\u00e1s disputas de pa\u00edses individuales con respecto a las empresas mineras tambi\u00e9n.<\/span><\/p>\n<p style=\"text-align: justify;\"><span style=\"font-family: verdana, geneva, sans-serif; font-size: 12pt;\">Pero Erdogan opera en un amplio espectro, especialmente donde puede permitirse apoyar sus operaciones en el Medio Oriente o en el Magreb.<\/span><\/p>\n<p style=\"text-align: justify;\"><span style=\"font-family: verdana, geneva, sans-serif; font-size: 12pt;\">El 25 de diciembre de 2019, Ankara envi\u00f3 una misi\u00f3n de alto nivel a T\u00fanez, para apoyar la ayuda econ\u00f3mica que implica el uso de la isla de Djerba para el paso de material y hombres a Tr\u00edpoli, pero se espera, como en el 8 de enero de 2020, un posible acuerdo tambi\u00e9n con Mosc\u00fa, para una transferencia de las operaciones rusas en Libia de las fuerzas de Haftar a los \u00fanicos paramilitares del <em>grupo Wagner.<\/em><\/span><\/p>\n<p style=\"text-align: justify;\"><span style=\"font-family: verdana, geneva, sans-serif; font-size: 12pt;\">Adem\u00e1s, Ankara ha enviado hasta ahora al menos 2.500 militantes del \u201cISIS\u201d, o el autodenominado califato yihadista isl\u00e1mico, a trav\u00e9s de T\u00fanez (y por lo tanto Djerba) a Libia, y tal vez incluso la \u201csecci\u00f3n\u201d somal\u00ed del ISIS pronto podr\u00eda trasladarse, nuevamente. V\u00eda <em>inteligencia <\/em>turca, hacia Tripolitania.<\/span><\/p>\n<p style=\"text-align: justify;\"><span style=\"font-family: verdana, geneva, sans-serif; font-size: 12pt;\">Son unos 3.800 somal\u00edes entrenados por Doha, que ya est\u00e1n apostados en Turqu\u00eda y luego ser\u00e1n trasladados a Libia-Tr\u00edpoli lo antes posible.<\/span><\/p>\n<p style=\"text-align: justify;\"><span style=\"font-family: verdana, geneva, sans-serif; font-size: 12pt;\">Agradable resultado para la parte libia, la de Tr\u00edpoli, la \u00fanica \u201creconocida\u201d por esos tontos de la ONU.<\/span><\/p>\n<p style=\"text-align: justify;\"><span style=\"font-family: verdana, geneva, sans-serif; font-size: 12pt;\">Putin tambi\u00e9n apoy\u00f3, en esa ocasi\u00f3n, un alto el fuego; y es obvio, el inter\u00e9s de Mosc\u00fa en Libia es mucho m\u00e1s tenue que el de Siria, y la Federaci\u00f3n de Rusia no quiere, entonces, crear la oportunidad para una serie de operaciones energ\u00e9ticas por parte de Turqu\u00eda que bloquear\u00edan el paso de gas ruso hacia la UE.<\/span><\/p>\n<p style=\"text-align: justify;\"><span style=\"font-family: verdana, geneva, sans-serif; font-size: 12pt;\">Por otro lado, el GNA de Tr\u00edpoli solo cuenta con el apoyo de Turqu\u00eda, mientras que el \u201cfrente\u201d de Haftar, que tambi\u00e9n demostr\u00f3 que ciertamente no puede reunificar Libia, sigue siendo la referencia de Egipto, Rusia, Francia, pero tambi\u00e9n los Emiratos \u00c1rabes Unidos, luego otros actores \u00e1rabes no estatales y, siempre entre bastidores, Arabia Saud\u00ed.<\/span><\/p>\n<p style=\"text-align: justify;\"><span style=\"font-family: verdana, geneva, sans-serif; font-size: 12pt;\">Junto a Turqu\u00eda hoy solo queda Qatar, al que los italianos siguen, con estilo de mendigos por sus posibles inversiones en nuestro pa\u00eds, sin imaginar que estos dineros tienen una fuerte energ\u00eda y consideraci\u00f3n estrat\u00e9gica.<\/span><\/p>\n<p style=\"text-align: justify;\"><span style=\"font-family: verdana, geneva, sans-serif; font-size: 12pt;\">El primer ministro italiano Conte, recordamos, en ning\u00fan caso firm\u00f3 la declaraci\u00f3n anti-turca de El Cairo, el eterno heredero del 8 de septiembre antropol\u00f3gico de nuestros gobiernos republicanos, <em>hostil a Dios y sus enemigos, <\/em>pero discuti\u00f3, no sabemos qu\u00e9, con Erdogan el 13 de enero de 2020 en Ankara, aunque el 21 del mismo mes Italia neg\u00f3 haber negociado con Turqu\u00eda la explotaci\u00f3n conjunta de los recursos petroleros libios, pero tambi\u00e9n pidi\u00f3 a Turqu\u00eda, como en una pel\u00edcula de Walt Disney, que \u201ciniciara negociaciones con todas las partes involucradas, especialmente para las nuevas zonas econ\u00f3micas exclusivas\u201d.<\/span><\/p>\n<p style=\"text-align: justify;\"><span style=\"font-family: verdana, geneva, sans-serif; font-size: 12pt;\">Se necesita urgentemente una relectura cuidadosa del texto principal de Maquiavelo.<\/span><\/p>\n<p style=\"text-align: justify;\"><span style=\"font-family: verdana, geneva, sans-serif; font-size: 12pt;\">Pero los acuerdos militares entre Turqu\u00eda y el r\u00e9gimen de Al-Serraj, que nacieron oficialmente el 4 de julio de 2020, estipulan expl\u00edcitamente que el GNA de Al Serraj es el \u00fanico \u201cgarante\u201d de los intereses turcos en toda Libia.<\/span><\/p>\n<p style=\"text-align: justify;\"><span style=\"font-family: verdana, geneva, sans-serif; font-size: 12pt;\">Adem\u00e1s, el gobierno de Tr\u00edpoli ha permitido oficialmente que Ankara establezca sus propias bases militares, no necesariamente en colaboraci\u00f3n con las fuerzas de Tr\u00edpoli, solo en el territorio del GNA. Representa una ventaja legal de los turcos sobre la poblaci\u00f3n ind\u00edgena, todav\u00eda un fuerte privilegio para Ankara, finalmente la definici\u00f3n de inmunidad diplom\u00e1tica para yihadistas provenientes del exterior y para todas las transferencias de armas desde Turqu\u00eda o desde \u00e1reas \u201camigas\u201d, un permiso que se extiende a las armas y municiones tambi\u00e9n prohibidas internacionalmente por acuerdos de la ONU.<\/span><\/p>\n<p style=\"text-align: justify;\"><span style=\"font-family: verdana, geneva, sans-serif; font-size: 12pt;\">A nivel estrictamente econ\u00f3mico, hasta donde sabemos, Turqu\u00eda piensa en una compensaci\u00f3n en Tr\u00edpoli por la maquinaria perdida y la infraestructura destruida de 1.200 millones de d\u00f3lares para el alivio de la deuda de la GNA de Tr\u00edpoli, y finalmente una carta de cr\u00e9dito por otros mil millones de d\u00f3lares para compras futuras.<\/span><\/p>\n<p style=\"text-align: justify;\"><span style=\"font-family: verdana, geneva, sans-serif; font-size: 12pt;\">Adem\u00e1s, el gobierno de Al Serraj est\u00e1 discutiendo si, y sobre todo c\u00f3mo, depositar al menos 4 mil millones de d\u00f3lares en algunos bancos turcos.<\/span><\/p>\n<p style=\"text-align: justify;\"><span style=\"font-family: verdana, geneva, sans-serif; font-size: 12pt;\">\u00bfY qui\u00e9n paga el apoyo turco a Al Serraj? En gran medida, huelga decirlo, el apoyo proviene directamente de Tr\u00edpoli, pero es probable que la propia Turqu\u00eda se financie a s\u00ed misma, pero sobre todo con un s\u00f3lido apoyo de Doha.<\/span><\/p>\n<p style=\"text-align: justify;\"><span style=\"font-family: verdana, geneva, sans-serif; font-size: 12pt;\">Qatar ya ha pagado a muchos pol\u00edticos en Tr\u00edpoli y a algunos grupos yihadistas anti-Haftar, pero tambi\u00e9n ha pagado la totalidad del material militar actual de Tr\u00edpoli, siempre y solo enviado a trav\u00e9s de Turqu\u00eda.<\/span><\/p>\n<p style=\"text-align: justify;\"><span style=\"font-family: verdana, geneva, sans-serif; font-size: 12pt;\">Desde enero de 2020, Ankara, en cualquier caso, ha \u201cexportado\u201d al menos 15.000 mercenarios sirios, incluidos ni\u00f1os soldados, a Tripolitania, junto con otros soldados yihadistas de Yemen.<\/span><\/p>\n<p style=\"text-align: justify;\"><span style=\"font-family: verdana, geneva, sans-serif; font-size: 12pt;\">La GNA tambi\u00e9n ha abolido su derecho aut\u00f3nomo a verificar, incluso formalmente, los barcos y aviones turcos; y permite a Ankara establecer bases que est\u00e1n incluso fuera de la jurisdicci\u00f3n formal de la GNA de Tr\u00edpoli.<\/span><\/p>\n<p style=\"text-align: justify;\"><span style=\"font-family: verdana, geneva, sans-serif; font-size: 12pt;\">En resumen, Tr\u00edpoli Libia ha vuelto a ser un <em>wilayet, <\/em>una parte perif\u00e9rica del Imperio Otomano, pero esta vez solo bajo las \u00f3rdenes de Turqu\u00eda.<\/span><\/p>\n<p style=\"text-align: justify;\"><span style=\"font-family: verdana, geneva, sans-serif; font-size: 12pt;\">Por otro lado, solo para Francia, al menos formalmente, el apoyo a Haftar estaba justificado por la voluntad del hombre de Bengasi de \u201celiminar los grupos yihadistas\u201d, grupos que Par\u00eds hab\u00eda apoyado durante la guerra contra las fuerzas (leg\u00edtimas) por Gaddafi.<\/span><\/p>\n<p style=\"text-align: justify;\"><span style=\"font-family: verdana, geneva, sans-serif; font-size: 12pt;\">Mientras tanto, nos informan dos fuentes turcas, la gran base a\u00e9rea de Al-Watiyah ser\u00e1 reconstruida y ampliada, con solo fuerzas turcas presentes y el puerto de Misrata, en cuyas \u00e1reas a\u00fan existe el gran hospital de campa\u00f1a de las Fuerzas Armadas. Los italianos, olvidados como de costumbre, albergar\u00e1n una vasta base naval turca, adem\u00e1s de ceder todo el puerto, incluso por sus partes puramente comerciales, durante 99 a\u00f1os al gobierno de Ankara.<\/span><\/p>\n<p style=\"text-align: justify;\"><span style=\"font-family: verdana, geneva, sans-serif; font-size: 12pt;\">Pero los turcos tambi\u00e9n hablan con Malta.<\/span><\/p>\n<p style=\"text-align: justify;\"><span style=\"font-family: verdana, geneva, sans-serif; font-size: 12pt;\">Se recordar\u00e1 que La Valeta se retir\u00f3 del inicio de la operaci\u00f3n de la UE denominada \u201cIrini\u201d, ya en mayo pasado, una se\u00f1al muy apreciada por Ankara, que ve la operaci\u00f3n de la UE, aunque in\u00fatil, como una acci\u00f3n claramente contraria.<\/span><\/p>\n<p style=\"text-align: justify;\"><span style=\"font-family: verdana, geneva, sans-serif; font-size: 12pt;\">El ministro de Defensa italiano Guerini tambi\u00e9n ha estado en Tr\u00edpoli.<\/span><\/p>\n<p style=\"text-align: justify;\"><span style=\"font-family: verdana, geneva, sans-serif; font-size: 12pt;\">Los temas a tratar, para Italia, fueron la remoci\u00f3n de minas, las negociaciones sobre los territorios, la salud en Libia, luego finalmente el regreso planeado de las empresas italianas a Tripolitania y la reactivaci\u00f3n de la producci\u00f3n de petr\u00f3leo, que adem\u00e1s hace cuatro d\u00edas, Haftar reabri\u00f3 oficialmente.<\/span><\/p>\n<p style=\"text-align: justify;\"><span style=\"font-family: verdana, geneva, sans-serif; font-size: 12pt;\">Solo necesit\u00e1bamos <em>Nutella<\/em> y los trenes del viejo y glorioso <em>Rivarossi.<\/em><\/span><\/p>\n<p style=\"text-align: justify;\"><span style=\"font-family: verdana, geneva, sans-serif; font-size: 12pt;\">Guerini tambi\u00e9n puso a disposici\u00f3n plazas para la formaci\u00f3n de los cadetes de las FFAA de Tr\u00edpoli, que seguir\u00e1n estando a las \u00f3rdenes de los turcos, adem\u00e1s del apoyo sanitario a las fuerzas del GNA y, finalmente, tambi\u00e9n ofreci\u00f3 trasladar el hospital italiano de Misurata a \u201cotro lugar m\u00e1s adecuado\u201d, en caso de que perturbe el puerto turco.<\/span><\/p>\n<p style=\"text-align: justify;\"><span style=\"font-family: verdana, geneva, sans-serif; font-size: 12pt;\">Todo lo que necesitamos es un festival de cine italo-libio y una clase de cocina para todo el gobierno de Tr\u00edpoli.<\/span><\/p>\n<p style=\"text-align: justify;\"><span style=\"font-family: verdana, geneva, sans-serif; font-size: 12pt;\">Los turcos, sin embargo, han pedido oficialmente que Italia abandone por completo el aeropuerto de Musurata. Ya hecho, por supuesto.<\/span><\/p>\n<p style=\"text-align: justify;\"><span style=\"font-family: verdana, geneva, sans-serif; font-size: 12pt;\">Adem\u00e1s, Ankara quiere la plena inclusi\u00f3n de Argelia, Qatar y T\u00fanez en el proceso de paz en Libia, una medida que habr\u00eda sido obvia para Roma pero, ya sabes, necesitas inteligencia para pensar.<\/span><\/p>\n<p style=\"text-align: justify;\"><span style=\"font-family: verdana, geneva, sans-serif; font-size: 12pt;\">Mientras tanto, Al Serraj, quiz\u00e1s para ampliar su base de apoyo internacional tras los acuerdos leoninos con Turqu\u00eda, incluso propone elecciones en toda Libia para marzo y anuncia un alto el fuego, ciertamente para cubrir el rearme turco, con la petici\u00f3n de que todos las \u201cmilicias extranjeras\u201d (\u00bfincluida Turqu\u00eda?) deber\u00edan abandonar Libia antes de la \u00e9poca de las elecciones.<\/span><\/p>\n<p style=\"text-align: justify;\"><span style=\"font-family: verdana, geneva, sans-serif; font-size: 12pt;\">Las negociaciones con Estados Unidos en Marruecos y T\u00fanez, est\u00e1n bien encaminadas, pero hay poco que creer, dado que las milicias de Misrata y Zintan se oponen completamente al acuerdo, mediado por Aguila Saleh, que no lo ha hecho. Maquiav\u00e9lico, \u201carmas propias\u201d.<\/span><\/p>\n<p>\u00a0<\/p>\n<p style=\"text-align: justify;\"><span style=\"font-family: verdana, geneva, sans-serif; font-size: 10pt;\"><strong><em><sup>* <\/sup><\/em><\/strong><\/span><strong><em><span style=\"font-family: verdana, geneva, sans-serif; font-size: 10pt;\">Copresidente del Consejo Asesor Honoris Causa. El Profesor Giancarlo Elia Valori es un eminente economista y empresario italiano. Posee prestigiosas distinciones acad\u00e9micas y \u00f3rdenes nacionales. El Se\u00f1or Valori ha dado conferencias sobre asuntos internacionales y econom\u00eda en las principales universidades del mundo, como la Universidad de Pek\u00edn, la Universidad Hebrea de Jerusal\u00e9n y la Universidad Yeshiva de Nueva York. Actualmente preside el \u00abInternational World Group\u00bb, es tambi\u00e9n presidente honorario de Huawei Italia, asesor econ\u00f3mico del gigante chino HNA Group y miembro de la Junta de Ayan-Holding. En 1992 fue nombrado Oficial de la Legi\u00f3n de Honor de la Rep\u00fablica Francesa, con esta motivaci\u00f3n: \u201cUn hombre que puede ver a trav\u00e9s de las fronteras para entender el mundo\u201d y en 2002 recibi\u00f3 el t\u00edtulo de \u201cHonorable\u201d de la Academia de Ciencias del Instituto de Francia.<\/span><\/em><\/strong><span style=\"font-size: 10pt; font-family: verdana, geneva, sans-serif;\"><strong><em>\u00a0<\/em><\/strong><\/span><\/p>\n<p><span style=\"font-size: 10pt; font-family: verdana, geneva, sans-serif;\"><strong><em>Art\u00edculo exclusivo para SAEEG. Traducido al espa\u00f1ol por el Equipo de la SAEEG con expresa autorizaci\u00f3n del autor. Prohibida su reproducci\u00f3n.<\/em><\/strong><\/span><\/p>\n<p><strong><em>\u00a0<\/em><\/strong><\/p>\n<p><span style=\"font-family: verdana, geneva, sans-serif; font-size: 12pt;\"><em><strong>\u00a92020-saeeg\u00ae<\/strong><\/em><\/span><\/p>\n<p>\u00a0<\/p>\n<p>\u00a0<\/p>\n","protected":false},"excerpt":{"rendered":"<p>Giancarlo Elia Valori* Ankara quiere la plena inclusi\u00f3n de Argelia, Qatar, T\u00fanez, en el proceso de paz en Libia, una medida que hubiera sido obvia para Roma pero, ya sabes, necesitas inteligencia para pensar. Haftar ya ha respondido a los movimientos de Turqu\u00eda en Libia, todos en fuerte apoyo al gobierno de Al Serraj, con &hellip; <a href=\"https:\/\/saeeg.org\/index.php\/2020\/10\/10\/el-tablero-de-ajedrez-libio-y-los-movimientos-de-turquia-y-haftar\/\" class=\"more-link\">Seguir leyendo <span class=\"screen-reader-text\">EL TABLERO DE AJEDREZ LIBIO Y LOS MOVIMIENTOS DE TURQU\u00cdA (Y HAFTAR)<\/span> <span class=\"meta-nav\">&rarr;<\/span><\/a><\/p>\n","protected":false},"author":2,"featured_media":0,"comment_status":"open","ping_status":"closed","sticky":false,"template":"","format":"standard","meta":{"footnotes":""},"categories":[375,636,712],"tags":[484,713,720,721,485,99,141,714,570,716,717,630,637,651,715,718,32,351,292],"class_list":["post-2316","post","type-post","status-publish","format-standard","hentry","category-analisis","category-libia","category-turquia","tag-arabia-saudi","tag-chipre","tag-egipto","tag-emiratos-arabes-unidos","tag-estado-islamico","tag-estados-unidos","tag-francia","tag-geopolitica-2","tag-hidrocarburos","tag-isis","tag-islamismo","tag-italia","tag-libia","tag-mediterraneo","tag-onu","tag-qatar","tag-rusia","tag-terrorismo","tag-turquia"],"_links":{"self":[{"href":"https:\/\/saeeg.org\/index.php\/wp-json\/wp\/v2\/posts\/2316","targetHints":{"allow":["GET"]}}],"collection":[{"href":"https:\/\/saeeg.org\/index.php\/wp-json\/wp\/v2\/posts"}],"about":[{"href":"https:\/\/saeeg.org\/index.php\/wp-json\/wp\/v2\/types\/post"}],"author":[{"embeddable":true,"href":"https:\/\/saeeg.org\/index.php\/wp-json\/wp\/v2\/users\/2"}],"replies":[{"embeddable":true,"href":"https:\/\/saeeg.org\/index.php\/wp-json\/wp\/v2\/comments?post=2316"}],"version-history":[{"count":0,"href":"https:\/\/saeeg.org\/index.php\/wp-json\/wp\/v2\/posts\/2316\/revisions"}],"wp:attachment":[{"href":"https:\/\/saeeg.org\/index.php\/wp-json\/wp\/v2\/media?parent=2316"}],"wp:term":[{"taxonomy":"category","embeddable":true,"href":"https:\/\/saeeg.org\/index.php\/wp-json\/wp\/v2\/categories?post=2316"},{"taxonomy":"post_tag","embeddable":true,"href":"https:\/\/saeeg.org\/index.php\/wp-json\/wp\/v2\/tags?post=2316"}],"curies":[{"name":"wp","href":"https:\/\/api.w.org\/{rel}","templated":true}]}}