{"id":2588,"date":"2020-11-24T00:15:23","date_gmt":"2020-11-24T03:15:23","guid":{"rendered":"http:\/\/saeeg.org\/?p=2588"},"modified":"2021-01-11T15:35:44","modified_gmt":"2021-01-11T18:35:44","slug":"los-platos-rotos","status":"publish","type":"post","link":"https:\/\/saeeg.org\/index.php\/2020\/11\/24\/los-platos-rotos\/","title":{"rendered":"LOS PLATOS ROTOS"},"content":{"rendered":"\n<p style=\"text-align: center;\"><span style=\"font-family: verdana, geneva, sans-serif;\"><em><strong>F. Javier Blasco*<\/strong><\/em><\/span><\/p>\n\n\n\n<div class=\"wp-block-image\"><figure class=\"aligncenter size-large\"><img loading=\"lazy\" decoding=\"async\" width=\"960\" height=\"640\" src=\"https:\/\/saeeg.org\/wp-content\/uploads\/2020\/11\/BANDERA-DE-ESPANA-PNG.png\" alt=\"\" class=\"wp-image-2589\" srcset=\"https:\/\/saeeg.org\/wp-content\/uploads\/2020\/11\/BANDERA-DE-ESPANA-PNG.png 960w, https:\/\/saeeg.org\/wp-content\/uploads\/2020\/11\/BANDERA-DE-ESPANA-PNG-300x200.png 300w, https:\/\/saeeg.org\/wp-content\/uploads\/2020\/11\/BANDERA-DE-ESPANA-PNG-768x512.png 768w\" sizes=\"auto, (max-width: 960px) 100vw, 960px\" \/><\/figure><\/div>\n\n\n\n<p style=\"text-align: justify;\"><span style=\"font-family: verdana, geneva, sans-serif;\">Solemos identificar el final de los desastres en el hogar o las rupturas sentimentales con la rotura de la vajilla y, sobre todo, de los platos de la misma. No s\u00e9 qu\u00e9 tendr\u00e1 dicho utensilio tan necesario para comer a la manera occidental, pero suele ser lo primero que buscamos y nos echamos a las manos para romperlos si el enfado entre la pareja es may\u00fasculo o cuando la situaci\u00f3n de relaci\u00f3n en el hogar ha llegado a un punto de no retorno y para quererlo significar ruidosamente, aplacamos o demostramos nuestras iras con la estrepitosa y forzada rotura de aquellos.<\/span><\/p>\n<p style=\"text-align: justify;\"><span style=\"font-family: verdana, geneva, sans-serif;\">Los a\u00f1icos que quedan tras la debacle, suelen ser muchos, molestos y dif\u00edciles de hacerlos desaparecer de una sola pasada, porque siempre suelen quedar peque\u00f1os trozos por todos los rincones, lo que, de nuevo, nos retrotrae al momento de la crisis y adem\u00e1s, nos recuerdan y magnifican el hecho de que aquella vajilla, fue la que un d\u00eda comparamos o elegimos con mucho mimo, cari\u00f1o y con la esperanza de que nos sirviera y acompa\u00f1e toda la vida; vajilla que nunca jam\u00e1s se volver\u00e1 a recuperar porque suele ser dif\u00edcil encontrar una copia en el mercado, salvo que esta sea de baratillo o un simple conjunto para salir del paso y cubrir una pasajera e intrascendente necesidad.<\/span><\/p>\n<p style=\"text-align: justify;\"><span style=\"font-family: verdana, geneva, sans-serif;\">Pues bien, nuestro \u00ednclito presidente, aquel de la <em>sui generis<\/em> &nbsp;moci\u00f3n de &nbsp;censura basada en hechos falsos y espurios; el de la tesis doctoral escrita por un negro, aprobada por amigos, llena de errores, plagios y mala a rabiar; el mismo que prometi\u00f3 a bombo y platillo y no una vez sino innumerables m\u00e1s, no pactar con Bildu, mantenerse alejado de su pesadilla Iglesias, respetar la Constituci\u00f3n y la Jefatura del Estado y no enga\u00f1ar a los espa\u00f1oles jam\u00e1s, una vez quitada la careta, se lanz\u00f3 cuesta bajo a toda prisa para incumplir todo lo prometido p\u00fablicamente en sus campa\u00f1as y hasta en sede parlamentaria e institucional.<\/span><\/p>\n<p style=\"text-align: justify;\"><span style=\"font-family: verdana, geneva, sans-serif;\">Ha roto casi toda la vajilla de su dote de boda pol\u00edtica y ahora hasta empieza a rebuscar por los rincones porque sabe que a\u00fan queda olvidada alguna pieza m\u00e1s y que para su desaparici\u00f3n total debe hacerles sufrir el mismo destino que sus compa\u00f1eras de lote, con toda su ira y verdadera maldad. Cierto es que aunque \u00e9l sea el presidente \u2014aunque a veces a Iglesias se olvide o no lo crea de verdad\u2014 y por ello el m\u00e1ximo responsable de todo para bien y para mal, en este desaguisado y carnicer\u00eda est\u00e1 muy bien acompa\u00f1ado y a veces, hasta parece ser guiado por dicho amigo del alma; aquel que desde el ruin y empalagoso \u201cabrazo del oso\u201d ya no le quita el sue\u00f1o y puede dormir pl\u00e1cidamente en su colch\u00f3n de Moncloa o en cualquier otro lugar, a pierna suelta y sin ning\u00fan tranquilizante que tomar; lugares, a los que, por cierto, viaja por la cara, bien acompa\u00f1ado por su clan, sin reparar en gastos y con mucha asiduidad.&nbsp;<\/span><\/p>\n<p style=\"text-align: justify;\"><span style=\"font-family: verdana, geneva, sans-serif;\">Ese amigo que era muy dado a los insultos a los dem\u00e1s, que hac\u00eda feos y sucios escraches a los pol\u00edticos, se re\u00eda de todo y gozaba al ver a los polic\u00edas y guardias con sus cabezas abiertas por las barras de hierro o ladrillos lanzados por sus colegas de ideas cuando estos sal\u00edan a la calle a protestar contra el gobierno del momento; pero que ahora sin embargo, hace que rodeen su casa decenas de guardias civiles, denuncia a todo el que se mueve cerca de la misma o hablen mal de \u00e9l y hasta provoca que suspendan de empleo y sueldo, durante dos meses, a un polic\u00eda sindicalista porque le llama \u201cel mo\u00f1os\u201d y, a pesar de que lo lleva aunque sea mal llevado, dicha palabra le ofende de verdad. Un mal vestido (parece que no tiene ropa de su talla o la poca que tiene la compagina fatal) y peor ali\u00f1ado auxiliar de profesor universitario en la facultad de pol\u00edticas, cuyo nivel intelectual debe dejar mucho que desear porque, al parecer, es incapaz de sacar una plaza fija con lo f\u00e1cil que eso all\u00ed deber\u00e1 estar.<\/span><\/p>\n\n\n\n<div class=\"wp-block-image\"><figure class=\"aligncenter size-large is-resized\"><img loading=\"lazy\" decoding=\"async\" src=\"https:\/\/saeeg.org\/wp-content\/uploads\/2020\/11\/F-JAVIER-BLASCO-LOS-PLATOS-ROTOS.png\" alt=\"\" class=\"wp-image-2590\" width=\"496\" height=\"279\" srcset=\"https:\/\/saeeg.org\/wp-content\/uploads\/2020\/11\/F-JAVIER-BLASCO-LOS-PLATOS-ROTOS.png 402w, https:\/\/saeeg.org\/wp-content\/uploads\/2020\/11\/F-JAVIER-BLASCO-LOS-PLATOS-ROTOS-300x169.png 300w\" sizes=\"auto, (max-width: 496px) 100vw, 496px\" \/><\/figure><\/div>\n\n\n\n<p style=\"text-align: justify;\"><span style=\"font-family: verdana, geneva, sans-serif;\">S\u00e1nchez en su permanente campa\u00f1a de publicidad ha removido Roma con Santiago, no ha dejado t\u00edtere con cabeza y hasta ha sacado de su tumba los restos de Franco porque, seg\u00fan \u00e9l, su vicepresidenta primera y la entonces Ministra de Justicia y hoy Fiscal General, era un clamor popular y una urgente y perentoria exigencia nacional. Tras mucho trasiego pol\u00edtico con implicaci\u00f3n del Vaticano incluso, demasiado bombo en los medios y una excesiva cobertura por la televisi\u00f3n amiga en vivo y en directo, finalmente aquel circo medi\u00e1tico, s\u00f3lo le rent\u00f3 unas pocas horas de popularidad ya que el hecho qued\u00f3 apagado por s\u00ed mismo a los pocos minutos de culminar. Si pensaba sacar mucho r\u00e9dito a tanta hipocres\u00eda y a un considerable gasto, solo le ha servido para pasar a la historia, como el presidente que hizo revivir los muchos legados de Franco, al igual que le sucedi\u00f3 al Cid Campeador, aunque en este caso, tras cuarenta y cinco a\u00f1os de su muerte de viejo, en su cama y por causa natural. Tras tanto remover la memoria hist\u00f3rica, ahora resulta que por ello, algunas estatuas y calles dedicadas a socialistas y comunistas se ver\u00e1n obligadas a desaparecer o cambiar. Es lo que suele ocurrir cuando uno se pasa de frenada al legislar tanto y tan duramente, que se olvida que en su bando hay muchas, much\u00edsimas cosas que callar y por ocultar, otras tantas m\u00e1s.<\/span><\/p>\n<p style=\"text-align: justify;\"><span style=\"font-family: verdana, geneva, sans-serif;\">Su ira y af\u00e1n de revancha han ido in crescendo tanto, que ya en su cabeza y modo de actuar cualquier cosa es posible que ocurra; todo absolutamente todo, tiene cabida en su mente perversa y poco armada; vive en un permanente odio impostado o inculcado, impropio de un joven pijo y mal criado que lo tuvo todo en la vida sin dar muchos palos al agua, al igual que su compa\u00f1era conyugal, quien aunque procede de una familia con determinados negocios poco recomendables, est\u00e1 bien adinerada y, quien ahora adem\u00e1s, goza de todos los posibles e imposibles privilegios personales, trabajos varios y soberbias pagas aunque no tenga un solo m\u00e9rito en su curriculum con los que ninguno avalar o justificar ni siquiera alguno de aquellos.<\/span><\/p>\n<p style=\"text-align: justify;\"><span style=\"font-family: verdana, geneva, sans-serif;\">Como fiel alumno, y hasta m\u00e1s bien el m\u00e1s aventajado, sigue los pasos o completa la faena del poco acertado Zapatero, aquel aprendiz de brujo que \u201cestudi\u00f3 econom\u00eda en dos tardes\u201d y por ello nos llev\u00f3 a la quiebra total, el inventor de la naci\u00f3n de naciones y de que el concepto de naci\u00f3n es discutido y discutible. Quien en lugar de estar contando nubes, como nos prometi\u00f3 al ser expulsado, sigue haciendo el rid\u00edculo dentro y fuera de casa, vendiendo humo y tratando de enga\u00f1ar al mundo entero, mientras oculta unos espurios intereses que a\u00fan est\u00e1n por descubrir, porque sinceramente, habr\u00eda que padecer de idiocia, si hace lo que hace por nada a cambio, solo por figurar o por amor al arte; cosa que nadie, salvo alguien muy despistado, se lo puede tragar.\u00a0<\/span><\/p>\n<p style=\"text-align: justify;\"><span style=\"font-family: verdana, geneva, sans-serif;\">Nuestro presidente como hombre \u201ccon suerte\u201d, para allanar m\u00e1s f\u00e1cilmente el camino en su inmensa perversidad, ha tenido la oportunidad de que llegara la Pandemia del Covid 19; gracias a dicha situaci\u00f3n, y como consecuencia de haber mantenido los o\u00eddos sordos y la mirada fija en otros lados, aquella lleg\u00f3 a Espa\u00f1a y se estableci\u00f3 en ella con toda su crudeza, cosa que se agudiz\u00f3 por su mala o nula gesti\u00f3n. As\u00ed, nos convertimos en el peor pa\u00eds del mundo en gesti\u00f3n y el tercero en n\u00famero de muertos en proporci\u00f3n a la poblaci\u00f3n, lo que justific\u00f3 un dur\u00edsimo y penoso Estado de Alarma de tres meses en plazos prorrogados cada quince d\u00edas y un confinamiento de mes y medio lo que le sirvi\u00f3 para, amparado por en una vieja Ley, hacer lo que viniera en gana durante tanto tiempo y sin tener nada que justificar.<\/span><\/p>\n<p style=\"text-align: justify;\"><span style=\"font-family: verdana, geneva, sans-serif;\">Para ello, inicialmente, c\u00f3mo casi todos le creyeron y confiaron en su palabra de presidente en momentos de grave crisis, cont\u00f3 con el apoyo de todo el espectro parlamentario, que dicho sea de paso, cay\u00f3 en sus garras por ineptos, falta de claridad de ideas, poca experiencia y en algunos casos por su poca o nula dignidad. M\u00e1s tarde, paulatinamente y cuando las cosas ya eran bien malas y patentes y debido a diversos factores como los muchos abusos legislativos, continuos desplantes, errores y determinados abusos, los apoyos iban disminuyendo hasta que se lleg\u00f3 al extremo en el que solo le apoyaban sus compa\u00f1eros de investidura (lo peorcito de Espa\u00f1a) y un partido residual, Ciudadanos (Cs) que caminaba y camina contra corriente desde que les abandon\u00f3 su l\u00edder natural y ahora est\u00e1 en manos de una se\u00f1ora, especialista en olvidarse de sus enga\u00f1ados votantes, hacer lo que le viene en gana y en criticar a los que luego les ruega ir juntos en las listas, aunque solo en aquellos sitios donde sabe que por sus m\u00e9ritos nunca lograr\u00edan una plaza.<\/span><\/p>\n<p style=\"text-align: justify;\"><span style=\"font-family: verdana, geneva, sans-serif;\">Ahora \u2014tras un verano desastroso para todos menos para \u00e9l, su gobierno y una larga lista de amigos que, al parecer siempre le acompa\u00f1an a todo trapo a lugares y en medios oficiales aunque todo ello, para mayor verg\u00fcenza y escarnio en lugar de dejarlo bien claro, en un esfuerzo vano de taparlo, lo ha \u00a0declarado como secreto oficial\u2014 la situaci\u00f3n sanitaria debida a los fuertes rebrotes se ha vuelto a deteriorar y de nuevo, ni corto ni perezoso y apoyado por los mismos ineptos y\/o rufianes, nos marca y deja bien sellado un largo calvario; aunque esta vez, aprendida la lecci\u00f3n de la etapa anterior, con sutiles diferencias que hay que enumerar: ya no se prorrogan los plazos de Alarma cada quince d\u00edas; la situaci\u00f3n durar\u00e1 seis meses sin que nadie le pueda rechistar; el presidente ya no tiene que ir al hemiciclo a rendir cuentas ni a pedir apoyos para mantener la situaci\u00f3n; es un trabajo duro y penoso y lo delega en el fil\u00f3sofo que ejerce de brujo como Ministro de Sanidad; \u00e9l no est\u00e1 para tonter\u00edas, sino para otras cosas de mayor enjundia o calado aunque tenga al pa\u00eds sometido al Estado de Alarma m\u00e1s largo de la historia de la humanidad y sumergido en la segunda peor quiebra de la UE a la espera de unos fondos que Dios sabe, si alguna vez y c\u00f3mo finalmente vendr\u00e1n. La responsabilidad queda en manos de la Comunidades Aut\u00f3nomas a las que toda acci\u00f3n propuesta por ellas, el gobierno, seg\u00fan su personal \u2014que no t\u00e9cnico\u2014 criterio y grado de animadversi\u00f3n personal (Madrid), debe aprobar y a lo sumo, si as\u00ed lo estima oportuno, algunas de aquellas acciones y medidas las podr\u00e1 coordinar.<\/span><\/p>\n<p style=\"text-align: justify;\"><span style=\"font-family: verdana, geneva, sans-serif;\">Gracias a tanto Estado de Alarma ha podido remover, retorcer o aprobar leyes a su antojo y con car\u00e1cter de urgencia, sin pasar los filtros preceptivos o los plazos recomendables y sin ning\u00fan consenso con los agentes sociales, los sectores afectados o la oposici\u00f3n privando a los espa\u00f1oles del leg\u00edtimo derecho a que sean discutidas como corresponde en las C\u00e1maras de las Cortes y el Senado. Un aut\u00e9ntico rodillo al m\u00e1s puro estilo absolutista y dictatorial; tanto, que la generalmente t\u00edmida y lenta UE, no ha podido mirar tanto para afuera y le ha tenido que llamar la atenci\u00f3n en varias ocasiones porque sus pretensiones y humos ol\u00edan muy mal.<\/span><\/p>\n<p style=\"text-align: justify;\"><span style=\"font-family: verdana, geneva, sans-serif;\">En esta semana pasada, aprovechando que la propia UE ha levantado la mano y, al menos por dos a\u00f1os, mirar\u00e1 para otro lado en lo referente a la contenci\u00f3n del gasto, al excesivo incremento del d\u00e9ficit y la deuda (el segundo gran golpe de suerte para \u00e9l y la peor noticia para los espa\u00f1oles) ha aprobado un proyecto de presupuestos falsos e incumplibles por muchas vueltas y enga\u00f1os que se le quieran dar o aplicar. Tambi\u00e9n ha conseguido, por un solo voto m\u00e1s que la mayor\u00eda absoluta requerida, aprobar la peor, m\u00e1s sectaria y destructiva ley de educaci\u00f3n que jam\u00e1s los espa\u00f1oles pudimos pensar. Una Ley, que ataca y pone las bases para destruir la educaci\u00f3n especial y la concertada, desprecia el esfuerzo y la verdadera capacidad; as\u00ed como y esto s\u00ed que es grave, permite que seg\u00fan piensen y consideren las Comunidades, el espa\u00f1ol ser\u00e1 o no lengua vehicular, aunque siga siendo oficial en todo el Estado.<\/span><\/p>\n<p style=\"text-align: justify;\"><span style=\"font-family: verdana, geneva, sans-serif;\">Poco a poco han ido copando los puestos y funciones clave para el funcionamiento y el control de los estamentos y pilares del Estado y de los propios ciudadanos; hace ya a\u00f1os que se tom\u00f3 al asalto, aunque oficialmente era de forma provisional, la direcci\u00f3n y administraci\u00f3n de RTVE convirti\u00e9ndola en la m\u00e1s f\u00e9tida herramienta de propaganda al servicio exclusivo del gobierno; luego se nombr\u00f3 Fiscal General del Estado a aquella persona que hab\u00eda sido, hasta pocos minutos antes, Ministra de Justicia \u2014persona muy deslenguada y poco fiable por su inclinaci\u00f3n a las reuniones y amistades peligrosas con gente juzgada por delitos o encarceladas y pendientes de juicos\u2014 por aquello de controlar las actuaciones y acusaciones judiciales de un \u00f3rgano colegiado y org\u00e1nicamente estructurado; cosa esta que, sin ning\u00fan reparo, el presidente lo dej\u00f3 bien claro y puso blanco sobre negro con aquella desafortunada frase lapidaria, sin cortapisa alguna, intencionada y en directo durante una entrevista p\u00fablica \u201c\u00bfde qui\u00e9n depende la fiscal\u00eda? Pues eso\u201d. Posteriormente, sin dilaci\u00f3n ni pausa alguna, se fueron relevando a las figuras en los puestos fundamentales de las c\u00fapulas del Cuerpo Nacional de Polic\u00eda y de la Guardia civil para aposentar en ellos a personas \u201cmenos conflictivas o incluso m\u00e1s del acomodo\u201d del ministro del ramo a imagen y semejanza de lo previamente sucedido en la direcci\u00f3n y el mando de las fuerzas armadas, cosa que este caso, esta misma semana se ha seguido haciendo. No contentos con ello, se empezaron a contralar los contenidos y las publicaciones en los medios y las redes, primero neg\u00e1ndolo p\u00fablicamente y en sede parlamentaria y m\u00e1s tarde, legislando de tapadillo sobre ello, con excusas tan vanas como evitar los bulos, las llamadas <em>fake news<\/em> procedentes de cualquiera menos del propio gobierno que las produce a mogoll\u00f3n y atacando as\u00ed, un principio fundamental como es la Libertad de Expresi\u00f3n, recogido y defendido en nuestra Constituci\u00f3n.\u00a0<\/span><\/p>\n<p style=\"text-align: justify;\"><span style=\"font-family: verdana, geneva, sans-serif;\">Siguiendo su t\u00e1ctica de lanzar globos sonda para analizar las reacciones o acostumbrarnos poco a poco a los ciudadanos a lo que se nos viene encima, ya se han dado muchos pasos y se empiezan a conocer otros nuevos o muy posibles. Pasos destructivos en todas las direcciones, coordinados y casi todos al mismo tiempo, para evitar que los podamos detectar y estudiar plenamente para poder reaccionar. Esta enloquecida pl\u00e9yade de cambios, reformas y cesiones pueda que sea el hecho que justifique que S\u00e1nchez se haya rodeado del gabinete m\u00e1s numeroso, costoso, incompetente para lo bueno, pero muy eficiente para lo malo y destructivo de la historia de la democracia. Necesita torpederos por todas las bandas en este buque a la deriva antes de que \u00e9l lo hunda definitivamente.\u00a0\u00a0 \u00a0\u00a0<\/span><\/p>\n<p style=\"text-align: justify;\"><span style=\"font-family: verdana, geneva, sans-serif;\">Entre las lindezas en proceso o prontas a llegar est\u00e1n los indultos a los presos protagonistas hace tres a\u00f1os de un golpe de Estado contra Espa\u00f1a y su Constituci\u00f3n; aunque, m\u00e1s tarde, algunos organismos bien coordinados y alentados por diversas influencias o manos negras, lo rebautizaron como una tonter\u00eda o una simple enso\u00f1aci\u00f3n y por aquello de ponerle un apellido algo m\u00e1s serio, lo disfrazaron de sedici\u00f3n en el grado m\u00e1s bajo para su calificaci\u00f3n. No contentos con tama\u00f1a felon\u00eda, ya est\u00e1 en marcha el proceso de cambios en el C\u00f3digo Penal para dejar en nada los delitos contra el Estado, por entender que son decimon\u00f3nicos y fuera de la actualidad aunque, realmente, acaba de pasar y sus protagonistas a\u00fan en la c\u00e1rcel, anuncian a todo trapo que est\u00e1n dispuestos a volverlos a protagonizar.<\/span><\/p>\n<p style=\"text-align: justify;\"><span style=\"font-family: verdana, geneva, sans-serif;\">En Espa\u00f1a, incluso alentado o con implicaci\u00f3n directa de algunos miembros del gobierno, se ultraja al Rey, se quema y pisotea la Bandera, se pide una o varias rep\u00fabliquetas bananeras por canales ilegales y se ofenden y denigran a las v\u00edctimas de terrorismo hasta con menosprecios oficiales e indignos acercamientos de presos sin ning\u00fan signo de arrepentimiento y sin que nadie diga o haga nada para solucionar estos graves hechos que, incluso, hasta han perdido dicha consideraci\u00f3n. Se realizan indecentes acuerdos y pactos de Estado con los que quieren romper la Naci\u00f3n, con los herederos de los terroristas que nunca han condenado los sufrimiento provocados por los casi mil muertos asesinados y los miles de heridos y afectados que dej\u00f3 tras de s\u00ed la banda terrorista ETA en sus violentas correr\u00edas criminales. Se est\u00e1n fraguando nuevos Estatutos que den todo tipo de desconexiones y cesiones varias entre los territorios de Espa\u00f1a, que durante siglos constituyeron la naci\u00f3n m\u00e1s longeva del mundo occidental. La caja \u00fanica de la Seguridad Social es una cosa que est\u00e1 a punto de reventar y entonces veremos que sucede con las pensiones y ese precepto de solidaridad que mantiene a aquellas para todos por igual.<\/span><\/p>\n<p style=\"text-align: justify;\"><span style=\"font-family: verdana, geneva, sans-serif;\">Espa\u00f1a tras los dos o tres pr\u00f3ximos a\u00f1os que nos esperan de un improvisado y m\u00e1s que seguro exagerado dispendio, dadivas a troche y moche y apoyos infectos por interesados en busca de votos y adeptos \u2014realizados de forma desenfrenada y sin control o veto interior o exterior\u2014 acabar\u00e1 en una aut\u00e9ntica e irreparable banca rota; los diezmados trabajadores, aquellos que para entonces no est\u00e9n viviendo del paro, si es que todav\u00eda persiste alg\u00fan fondo para pagarlo, no podr\u00e1n sobrellevar tanto impuesto y el costo para pagar unos gastos desorbitados de un gobierno sin freno ni recato; cuando se acaben las ayudas externas, que se acabar\u00e1n, no se podr\u00e1 costear a tantas personas viviendo de los pocos que trabajen y mucho menos, se deber\u00e1 pensar en reducir en algo una deuda m\u00e1s que exagerada y un d\u00e9ficit espectacular, que solo por los intereses de la que quede sin pagar, seguir\u00e1 creciendo sin parar.<\/span><\/p>\n<p style=\"text-align: justify;\"><span style=\"font-family: verdana, geneva, sans-serif;\">No es precisamente la Espa\u00f1a actual y su gobierno ning\u00fan dechado o ejemplo positivo en las relaciones exteriores; en el flanco sur tenemos a Marruecos, que si bien siempre ha sido un divieso para Espa\u00f1a en los momentos de mayor debilidad o dificultad pol\u00edtica, en estos \u00faltimos a\u00f1os anda a la gre\u00f1a con nosotros reivindicando aguas y recursos en zonas propias, nos tiene en vilo con los cupos de pesca, invade nuestros mercados con frutas y verduras frescas m\u00e1s baratas y no debemos olvidarnos de que las empresas espa\u00f1olas son las primeras inversoras en su territorio con lo que toda dificultad o poco entendimiento pondr\u00eda en peligro mucho capital espa\u00f1ol que ha echado ra\u00edces y crece all\u00ed. Mantiene la llave del grifo de la emigraci\u00f3n propia y vecina; grifo, que abre y cierra a su placer para ponernos en dificultad siempre que lo estime oportuno; sus fuerzas armadas se est\u00e1 equipando de material moderno, mientras las nuestras se desviven por sacar a flote y mantener, con escasos recursos y menor presupuestos, un material en muchos casos, casi obsoleto con el que pretendemos equilibrar\u00a0 fuerzas. El problema del Sahara sigue latente en la ONU y en las relaciones entre el Polisario y Marruecos, mientras todos nos miran como el pa\u00eds que tiene la llave para encontrar la soluci\u00f3n final cuando nos hemos olvidado de aquello. Entre tanto, nuestro presidente, desoyendo todo consejo a\u00fan no se ha dignado \u2014como siempre ha sido costumbre por cortes\u00eda y seriedad\u2014 en visitar al vecino en Rabat y el vicepresidente segundo, en una m\u00e1s de sus guerras particulares, fomenta el mal rollo y la autodeterminaci\u00f3n de los restos del pueblo saharaui, indisponiendo con ello al Rey de Marruecos, persona que, en estas cosas de feos y por lo que econ\u00f3micamente les supone, no se suele dejar amedrentar.<\/span><\/p>\n<p style=\"text-align: justify;\"><span style=\"font-family: verdana, geneva, sans-serif;\">Nuestra relaci\u00f3n con la UE, aparte de haber intentado mentir y sido tantas veces trileros con ellos, es la propia del segundo mayor pedig\u00fce\u00f1o y el peor situado sanitario y econ\u00f3micamente de entre todos los miembros de la Uni\u00f3n; por lo que nuestra imagen y prestigio est\u00e1n bastante da\u00f1ados. En la OTAN somos una especie de apestados porque gastamos menos que un ciego en novelas en contribuir a los gastos generales y particulares en defensa de la Alianza. Veremos en que cambia nuestra relaci\u00f3n con EEUU, muy da\u00f1ada por la ojeriza pol\u00edtica y econ\u00f3mica desarrollada de forma personal por la Administraci\u00f3n Trump y por \u00faltimo, con Suram\u00e9rica, gracias a unos a\u00f1os de abandono oficial tampoco atravesamos una posici\u00f3n preferente o de gloria precisamente; la proliferaci\u00f3n de movimientos bolivarianos y antiespa\u00f1oles en aquellas tierras al considerarnos nocivos colonizadores y, tambi\u00e9n, las muchas injerencias de personajes de mayor o menor calado y prestigio de la pol\u00edtica espa\u00f1ola en el desarrollo de sus pol\u00edticas y futuro, llevadas a cabo sin ser invitados por nadie junto o en defensa de los movimientos m\u00e1s sanguinarios y radicales zonales, crean un caldo de cultivo muy propicio a perder nuestra influencia entre ellos de forma definitiva.<\/span><\/p>\n<p style=\"text-align: justify;\"><span style=\"font-family: verdana, geneva, sans-serif;\">Un panorama particular y global tremendamente dif\u00edcil y muy complicado de enmienda para el que ostente el ministerio del ramo; aunque mucho me temo, que con los bueyes que tenemos para arar en el presente en tanto lodazal, en mucho tiempo, la cosa no se pueda arreglar y el deterioro masivo en la arena internacional, sin duda, ir\u00e1 a m\u00e1s.<\/span><\/p>\n<p style=\"text-align: justify;\"><span style=\"font-family: verdana, geneva, sans-serif;\">El pasado mes de junio escrib\u00ed y publiqu\u00e9 un trabajo al que titule \u201cEspa\u00f1a \u00bfha muerto?\u201d [<a href=\"https:\/\/sites.google.com\/site\/articulosfjavierblasco\/espana-ha-muerto-1\">https:\/\/sites.google.com\/site\/articulosfjavierblasco\/espana-ha-muerto-1<\/a>]; hoy con tan solo unos pocos meses de diferencia, me atrevo a decir afirmativamente \u201cEspa\u00f1a ha muerto y est\u00e1 en camino de su extinci\u00f3n definitiva\u201d somos un pa\u00eds sin futuro y a la mayor\u00eda de los espa\u00f1oles, tras a\u00f1os de sutil y directo adoctrinamiento, se les ha helado la sangre y han perdido las ganas de reaccionar. Vivimos inmersos en la esperanza en el subsidio y la subvenci\u00f3n gratuita sin pensar mucho en el ma\u00f1ana, como si todas esas dadivas y prebendas fueran una especie de inagotable man\u00e1, que fuera a durar toda la eternidad.\u00a0\u00a0<\/span><\/p>\n<p style=\"text-align: justify;\">\u00a0<\/p>\n<p style=\"text-align: justify;\"><span style=\"font-family: verdana, geneva, sans-serif; font-size: 10pt;\"><strong><em>* Coronel de Ej\u00e9rcito de Tierra (Retirado) de Espa\u00f1a.\u00a0 Diplomado de Estado Mayor, con experiencia de m\u00e1s de 40 a\u00f1os en las FAS. Ha participado en Operaciones de Paz en Bosnia Herzegovina y Kosovo y en Estados Mayores de la OTAN (AFSOUTH-J9).<\/em><\/strong> <strong><em>Agregado de Defensa en la Rep\u00fablica Checa y en Eslovaquia. Piloto de helic\u00f3pteros, Vuelo Instrumental y piloto de pruebas.<\/em><\/strong><\/span><\/p>\n<p style=\"text-align: justify;\"><span style=\"font-family: verdana, geneva, sans-serif; font-size: 10pt;\"><strong><em>Miembro de la SAEEG.<\/em><\/strong><\/span><\/p>\n<p style=\"text-align: justify;\"><span style=\"font-family: verdana, geneva, sans-serif;\"><em><strong>\u00a92020-saeeg\u00ae<\/strong><\/em><\/span><\/p>\n<p style=\"text-align: left;\"><span style=\"font-family: verdana, geneva, sans-serif; font-size: 10pt;\"><strong><em>Art\u00edculo publicado en<\/em><\/strong>\u00a0<strong><em><a href=\"https:\/\/sites.google.com\/site\/articulosfjavierblasco\/los-platos-rotos\">https:\/\/sites.google.com\/site\/articulosfjavierblasco\/los-platos-rotos<\/a> <\/em><\/strong><\/span><\/p>\n<p>\u00a0 \u00a0<\/p>\n","protected":false},"excerpt":{"rendered":"<p>F. Javier Blasco* Solemos identificar el final de los desastres en el hogar o las rupturas sentimentales con la rotura de la vajilla y, sobre todo, de los platos de la misma. No s\u00e9 qu\u00e9 tendr\u00e1 dicho utensilio tan necesario para comer a la manera occidental, pero suele ser lo primero que buscamos y nos &hellip; <a href=\"https:\/\/saeeg.org\/index.php\/2020\/11\/24\/los-platos-rotos\/\" class=\"more-link\">Seguir leyendo <span class=\"screen-reader-text\">LOS PLATOS ROTOS<\/span> <span class=\"meta-nav\">&rarr;<\/span><\/a><\/p>\n","protected":false},"author":2,"featured_media":0,"comment_status":"open","ping_status":"closed","sticky":false,"template":"","format":"standard","meta":{"footnotes":""},"categories":[41,63],"tags":[365,127,99,320,880,298,364,19,164,246],"class_list":["post-2588","post","type-post","status-publish","format-standard","hentry","category-espana","category-opinion","tag-covid-19","tag-espana","tag-estados-unidos","tag-gobierno","tag-marruecos","tag-otan","tag-pandemia","tag-politica","tag-politica-exterior","tag-union-europea"],"_links":{"self":[{"href":"https:\/\/saeeg.org\/index.php\/wp-json\/wp\/v2\/posts\/2588","targetHints":{"allow":["GET"]}}],"collection":[{"href":"https:\/\/saeeg.org\/index.php\/wp-json\/wp\/v2\/posts"}],"about":[{"href":"https:\/\/saeeg.org\/index.php\/wp-json\/wp\/v2\/types\/post"}],"author":[{"embeddable":true,"href":"https:\/\/saeeg.org\/index.php\/wp-json\/wp\/v2\/users\/2"}],"replies":[{"embeddable":true,"href":"https:\/\/saeeg.org\/index.php\/wp-json\/wp\/v2\/comments?post=2588"}],"version-history":[{"count":0,"href":"https:\/\/saeeg.org\/index.php\/wp-json\/wp\/v2\/posts\/2588\/revisions"}],"wp:attachment":[{"href":"https:\/\/saeeg.org\/index.php\/wp-json\/wp\/v2\/media?parent=2588"}],"wp:term":[{"taxonomy":"category","embeddable":true,"href":"https:\/\/saeeg.org\/index.php\/wp-json\/wp\/v2\/categories?post=2588"},{"taxonomy":"post_tag","embeddable":true,"href":"https:\/\/saeeg.org\/index.php\/wp-json\/wp\/v2\/tags?post=2588"}],"curies":[{"name":"wp","href":"https:\/\/api.w.org\/{rel}","templated":true}]}}