{"id":3069,"date":"2021-03-03T21:20:26","date_gmt":"2021-03-04T00:20:26","guid":{"rendered":"http:\/\/saeeg.org\/?p=3069"},"modified":"2021-03-03T21:20:34","modified_gmt":"2021-03-04T00:20:34","slug":"ginecocidio-para-decir-las-cosas-por-su-nombre","status":"publish","type":"post","link":"https:\/\/saeeg.org\/index.php\/2021\/03\/03\/ginecocidio-para-decir-las-cosas-por-su-nombre\/","title":{"rendered":"GINECOCIDIO, PARA DECIR LAS COSAS POR SU NOMBRE"},"content":{"rendered":"\n<p style=\"text-align: center;\"><span style=\"font-family: verdana, geneva, sans-serif;\"><strong><em>Abraham G\u00f3mez R.*<\/em><\/strong><\/span><\/p>\n\n\n\n<div class=\"wp-block-image\"><figure class=\"aligncenter size-large\"><img loading=\"lazy\" decoding=\"async\" width=\"640\" height=\"427\" src=\"https:\/\/saeeg.org\/wp-content\/uploads\/2021\/03\/GINECOCIDIO-hand-1832921_640.png\" alt=\"\" class=\"wp-image-3070\" srcset=\"https:\/\/saeeg.org\/wp-content\/uploads\/2021\/03\/GINECOCIDIO-hand-1832921_640.png 640w, https:\/\/saeeg.org\/wp-content\/uploads\/2021\/03\/GINECOCIDIO-hand-1832921_640-300x200.png 300w\" sizes=\"auto, (max-width: 640px) 100vw, 640px\" \/><figcaption><strong>Imagen de\u00a0<a href=\"https:\/\/pixabay.com\/es\/users\/ninocare-3266770\/?utm_source=link-attribution&amp;utm_medium=referral&amp;utm_campaign=image&amp;utm_content=1832921\">Nino Car\u00e8<\/a>\u00a0en\u00a0<a href=\"https:\/\/pixabay.com\/es\/?utm_source=link-attribution&amp;utm_medium=referral&amp;utm_campaign=image&amp;utm_content=1832921\">Pixabay<\/a>\u00a0<\/strong><\/figcaption><\/figure><\/div>\n\n\n\n\n\n<p style=\"text-align: justify;\"><span style=\"font-family: verdana, geneva, sans-serif;\">Nuestro pa\u00eds, de herencia pacifista, se encuentra completamente consternado, por el incremento \u2014en apariencia inexplicable\u2014 de las cifras de asesinatos abominables de mujeres, en casi todas regiones. Actos perpetrados cada vez con m\u00e1s sa\u00f1as, y por los motivos m\u00e1s f\u00fatiles.<\/span><\/p>\n<p style=\"text-align: justify;\"><span style=\"font-family: verdana, geneva, sans-serif;\">Cuando las sociedades, cualquiera sea su idioma, no encuentran la palabra exacta, o no tienen en su lexicograf\u00eda el vocablo que necesita para que sea el referente preciso de un fen\u00f3meno social, esa misma sociedad inventa el t\u00e9rmino. Lo importante es que d\u00e9 cuenta (encierre en su acepci\u00f3n) lo que todos sabemos \u2014que nos identifica\u2014 y lo queremos expresar.<\/span><\/p>\n<p style=\"text-align: justify;\"><span style=\"font-family: verdana, geneva, sans-serif;\">Sin embargo, ocurre bastantes veces que cuando las sociedades se vuelven extremadamente masculinizadas apelan a usos excesivos de atenuantes ling\u00fc\u00edsticos para eludir el modo y la forma de mencionar lo que las aqueja, deforma y pervierte, cuando se trata de hablar de las mujeres.<\/span><\/p>\n<p style=\"text-align: justify;\"><span style=\"font-family: verdana, geneva, sans-serif;\">As\u00ed entonces, comienzan a \u201cmaquillar las palabras\u201d; a llamar las cosas de la manera peor acertada y muy distante al hecho sociop\u00e1tico confrontado. Se refieren a cualquier cosa menos al estricto sentido de lo que debe decirse.<\/span><\/p>\n<p style=\"text-align: justify;\"><span style=\"font-family: verdana, geneva, sans-serif;\">De verdad, entramos a sospechar que hay (casi que en todas partes) complicidad impl\u00edcita para disimular y mitigar las realidades.<\/span><\/p>\n<p style=\"text-align: justify;\"><span style=\"font-family: verdana, geneva, sans-serif;\">En el caso concreto atinente a las mujeres, hace ya varios a\u00f1os me propuse, con la valiosa asesor\u00eda de varios miembros de nuestra Academia Venezolana de la Lengua, la construcci\u00f3n l\u00e9xico-sem\u00e1ntica de una palabra para que, a trav\u00e9s de su significante, alcancemos con la mejor y mayor exactitud el significado de los cr\u00edmenes atroces que contra las mujeres se cometen; y que en infinitas veces, los medios de comunicaci\u00f3n, en las Redes sociales o en conversaciones corrientes, se ha querido disimular su contenido esencial; por eso nos incomoda y molesta cuando escuchamos y leemos que tales hechos abominables los etiquetan r\u00e1pido como femicidio o feminicidio.<\/span><\/p>\n<p style=\"text-align: justify;\"><span style=\"font-family: verdana, geneva, sans-serif;\">Pretenden hacer creer que con esa hip\u00f3crita maniobra de los t\u00e9rminos se curan de la socio patolog\u00eda que se ha incrustado en las interioridades de nuestros cuerpos sociales.<\/span><\/p>\n<p style=\"text-align: justify;\"><span style=\"font-family: verdana, geneva, sans-serif;\">Nos est\u00e1 costando entender que cuando un aberrado ejecuta una acci\u00f3n fatal que acaba con la vida de una mujer, por la raz\u00f3n que haya sido, no liquida al g\u00e9nero; no acab\u00f3 con ella por ser femenina; est\u00e1 matando a la mujer, al ser humano: comete un Ginecocidio.<\/span><\/p>\n<p style=\"text-align: justify;\"><span style=\"font-family: verdana, geneva, sans-serif;\">Explicar\u00e9 que no es por capricho que nos hemos mostrado contrario, y en desacuerdo, con la utilizaci\u00f3n de los t\u00e9rminos femicidio y feminicidio. Saben por qu\u00e9, porque a lo interno de estos vocablos se aloja una trampa l\u00e9xico- sem\u00e1ntica que desvaloriza a la mujer en tanto ser humano.<\/span><\/p>\n<p style=\"text-align: justify;\"><span style=\"font-family: verdana, geneva, sans-serif;\">En casi todos los diccionarios, cuando se consulta por la acepci\u00f3n de feminicidio, aparece: \u201casesinato de una mujer por razones de su g\u00e9nero, a manos de un hombre por machismo o misoginia\u201d; como tambi\u00e9n femicidio: \u201clos asesinatos realizados por varones motivados por un sentido de tener derecho a ello o superioridad sobre las mujeres, por placer o deseos s\u00e1dicos hacia ellas, o por la suposici\u00f3n de propiedad sobre las mujeres\u201d.<\/span><\/p>\n<p style=\"text-align: justify;\"><span style=\"font-family: verdana, geneva, sans-serif;\">Por si fuera poco, habr\u00eda a que a\u00f1adir adem\u00e1s la pr\u00e1ctica deleznable (admitida en muchas culturas) denominada: \u201casesinatos relacionados con el honor\u201d. Aquellos en los que una ni\u00f1a o una mujer mueren a manos de un miembro masculino o femenino de la familia por una transgresi\u00f3n sexual o conductual supuesta o real, como adulterio, relaciones sexuales o embarazo extramatrimoniales, o incluso por haber sido violada. \u00bfC\u00f3mo calificar estos hechos de liquidaci\u00f3n de seres humanos, particularmente perpetrados contra las mujeres? Y que muchas sociedades envuelven o solapan con descaros.<\/span><\/p>\n<p style=\"text-align: justify;\"><span style=\"font-family: verdana, geneva, sans-serif;\">Se ha podido demostrar que a menudo los autores del femicidio consideran que esta es una forma de proteger la reputaci\u00f3n familiar, seguir la tradici\u00f3n o acatar exigencias religiosas interpretadas err\u00f3neamente.<\/span><\/p>\n<p style=\"text-align: justify;\"><span style=\"font-family: verdana, geneva, sans-serif;\">Los asesinatos en nombre del \u201chonor\u201d tambi\u00e9n pueden ser usados para encubrir casos de incesto; llevando la mujer la peor parte; por cuanto se acepta \u2014con pasmosa naturalidad\u2014 que ella pague con su vida, los v\u00ednculos \u00edntimos que mantuvo con alg\u00fan familiar cercano.<\/span><\/p>\n<p style=\"text-align: justify;\"><span style=\"font-family: verdana, geneva, sans-serif;\">Ofrecemos este otro dato que espeluzna: cada a\u00f1o hay en todo el mundo unos 5.000 asesinatos en nombre del honor. Tama\u00f1a distorsi\u00f3n mental. No obstante, quedan encubiertos, y cuando mucho aparecer\u00e1 rese\u00f1ado con una escueta nota de \u201cse ha cometido un femicidio\u201d.<\/span><\/p>\n<p style=\"text-align: justify;\"><span style=\"font-family: verdana, geneva, sans-serif;\">Nuestra convicci\u00f3n sigue intacta, en el sentido de que cuando utilizamos los t\u00e9rminos feminicidio o femicidio, en cualquiera de sus variantes, estamos despersonalizando e indignificando a la mujer como ser humano y encriptando horrendos cr\u00edmenes.<\/span><\/p>\n<p style=\"text-align: justify;\"><span style=\"font-family: verdana, geneva, sans-serif;\">Nos solidarizamos con el esfuerzo de los movimientos feministas en el mundo; tanto que considero que ha llegado el momento de introducir modificaciones de significados en la m\u00e1xima Autoridad\u00a0\u00a0Institucional de nuestra lengua; para que as\u00ed como suprimi\u00f3\u00a0\u00a0las acepciones sexistas de \u201cfemenino\u201d como \u201cd\u00e9bil, endeble\u201d y de \u201cmasculino\u201d, como \u201cvaronil, en\u00e9rgico\u201d; proceda tambi\u00e9n a enderezar o dejar en desuso los vocablos femicidio y feminicidio; muy a pesar como lo define, con muy buenas intenciones, su creadora la antrop\u00f3loga mexicana Marcela Lagarde: \u201dimpunidad que suele estar detr\u00e1s de los cr\u00edmenes; es decir, la inacci\u00f3n o desprotecci\u00f3n estatal frente a la violencia hecha contra la mujer. \u201cDe todas maneras, sigue siendo un crimen atroz contra un ser humano, bajo la mirada o el amparo o no por parte del Estado.<\/span><\/p>\n<p style=\"text-align: justify;\"><span style=\"font-family: verdana, geneva, sans-serif;\">El neologismo Ginecocidio, que propuse, fue acogido por la secretar\u00eda de la Real Academia de la Lengua (RAE), y remitido a la sala de observaci\u00f3n donde est\u00e1 siendo estudiado y analizado por especialistas en lexicograf\u00eda.<\/span><\/p>\n<p style=\"text-align: justify;\"><span style=\"font-family: verdana, geneva, sans-serif;\">Nos informaron \u2014cuando introdujimos hace casi tres a\u00f1os la formal proposici\u00f3n\u2014 que ellos establecen etapas que deben cumplirse, hasta concretar (si fuera el caso) algunas modificaciones o supresiones. Aclaramos que las Academias (inclusive la RAE, creada en 1713) no imponen los elementos ling\u00fc\u00edsticos, sino que procuran mejorar los actos de habla y establecer y difundir los criterios de propiedad y correcci\u00f3n, para contribuir a su esplendor.<\/span><\/p>\n<p style=\"text-align: justify;\"><span style=\"font-family: verdana, geneva, sans-serif;\">Cuando present\u00e9 la fundamentaci\u00f3n completa de nuestra palabra Ginecocidio al precitado organismo, nos respondi\u00f3 de la siguiente manera: <em>\u201cLa Unidad Interactiva del DRAE se complace en comunicarle que su mensaje acaba de ser recibido. La propuesta o sugerencia que nos env\u00eda referente a una voz o acepci\u00f3n del Diccionario de la lengua espa\u00f1ola ser\u00e1 estudiada y valorada para su posible inclusi\u00f3n en la vig\u00e9sima cuarta edici\u00f3n. Le damos las gracias por escribirnos y aprovechamos la ocasi\u00f3n para hacerle llegar nuestra consideraci\u00f3n m\u00e1s distinguida\u201d.<\/em><\/span><\/p>\n<p style=\"text-align: justify;\"><span style=\"font-family: verdana, geneva, sans-serif;\">M\u00e1s adelante, en su escrito la RAE nos advierte que:<em> \u201ces requisito fundamental para el mantenimiento y la inclusi\u00f3n de voces que corresponden a las distintas \u00e1reas y pa\u00edses de habla hisp\u00e1nica, que su empleo actual est\u00e9 suficientemente documentado en textos, preferentemente de los corpus de la RAE, que deben abarcar, adem\u00e1s, un periodo de tiempo de al menos seis o siete a\u00f1os, pues de otro modo, podr\u00edan reflejar un uso pasajero. Por tanto, para la incorporaci\u00f3n o enmienda de una palabra o acepci\u00f3n al Diccionario es necesario testimoniar su uso seg\u00fan hemos relatado anteriormente. Si dispone de textos suficientes con los que podamos iniciar los tr\u00e1mites para posibles adiciones o enmiendas, puede mandarlos\u2026\u201d<\/em><\/span><\/p>\n<p style=\"text-align: justify;\"><span style=\"font-family: verdana, geneva, sans-serif;\">Desde que nos se\u00f1alaron que deb\u00eda d\u00e1rsele al vocablo Ginecocidio suficiente frecuencia de uso, hemos sido insistentes para que en todas partes se utilice este t\u00e9rmino. Nos complace comunicar que ya se refleja \u2014aunque t\u00edmidamente\u2014 en las Redes sociales. Esperamos (y agradecemos) la mayor incorporaci\u00f3n de otros entes comunicacionales para logar el objetivo propuesto.<\/span><\/p>\n<p style=\"text-align: justify;\">\u00a0<\/p>\n<p style=\"text-align: justify;\"><span style=\"font-family: verdana, geneva, sans-serif; font-size: 10pt;\"><strong><em>* Miembro de la Academia Venezolana de la Lengua<\/em><\/strong><\/span><\/p>\n<p style=\"text-align: justify;\"><span style=\"font-family: verdana, geneva, sans-serif; font-size: 10pt;\"><strong><em>Publicado originalmente en Disenso F\u00e9rtil <\/em><\/strong><a href=\"https:\/\/abraham-disensofrtil.blogspot.com\/\"><strong><em>https:\/\/abraham-disensofrtil.blogspot.com\/<\/em><\/strong><\/a><\/span><\/p>\n<p style=\"text-align: justify;\">\u00a0<\/p>\n","protected":false},"excerpt":{"rendered":"<p>Abraham G\u00f3mez R.* Nuestro pa\u00eds, de herencia pacifista, se encuentra completamente consternado, por el incremento \u2014en apariencia inexplicable\u2014 de las cifras de asesinatos abominables de mujeres, en casi todas regiones. Actos perpetrados cada vez con m\u00e1s sa\u00f1as, y por los motivos m\u00e1s f\u00fatiles. Cuando las sociedades, cualquiera sea su idioma, no encuentran la palabra exacta, &hellip; <a href=\"https:\/\/saeeg.org\/index.php\/2021\/03\/03\/ginecocidio-para-decir-las-cosas-por-su-nombre\/\" class=\"more-link\">Seguir leyendo <span class=\"screen-reader-text\">GINECOCIDIO, PARA DECIR LAS COSAS POR SU NOMBRE<\/span> <span class=\"meta-nav\">&rarr;<\/span><\/a><\/p>\n","protected":false},"author":2,"featured_media":0,"comment_status":"open","ping_status":"closed","sticky":false,"template":"","format":"standard","meta":{"footnotes":""},"categories":[226,803],"tags":[381,875,480,314,566],"class_list":["post-3069","post","type-post","status-publish","format-standard","hentry","category-sociedad","category-venezuela","tag-cultura","tag-mujer","tag-sociedad","tag-venezuela","tag-violencia"],"_links":{"self":[{"href":"https:\/\/saeeg.org\/index.php\/wp-json\/wp\/v2\/posts\/3069","targetHints":{"allow":["GET"]}}],"collection":[{"href":"https:\/\/saeeg.org\/index.php\/wp-json\/wp\/v2\/posts"}],"about":[{"href":"https:\/\/saeeg.org\/index.php\/wp-json\/wp\/v2\/types\/post"}],"author":[{"embeddable":true,"href":"https:\/\/saeeg.org\/index.php\/wp-json\/wp\/v2\/users\/2"}],"replies":[{"embeddable":true,"href":"https:\/\/saeeg.org\/index.php\/wp-json\/wp\/v2\/comments?post=3069"}],"version-history":[{"count":0,"href":"https:\/\/saeeg.org\/index.php\/wp-json\/wp\/v2\/posts\/3069\/revisions"}],"wp:attachment":[{"href":"https:\/\/saeeg.org\/index.php\/wp-json\/wp\/v2\/media?parent=3069"}],"wp:term":[{"taxonomy":"category","embeddable":true,"href":"https:\/\/saeeg.org\/index.php\/wp-json\/wp\/v2\/categories?post=3069"},{"taxonomy":"post_tag","embeddable":true,"href":"https:\/\/saeeg.org\/index.php\/wp-json\/wp\/v2\/tags?post=3069"}],"curies":[{"name":"wp","href":"https:\/\/api.w.org\/{rel}","templated":true}]}}