{"id":3425,"date":"2021-05-23T20:52:06","date_gmt":"2021-05-23T23:52:06","guid":{"rendered":"https:\/\/saeeg.org\/?p=3425"},"modified":"2021-05-23T20:52:16","modified_gmt":"2021-05-23T23:52:16","slug":"lo-peor-de-nuestra-historia-contemporanea","status":"publish","type":"post","link":"https:\/\/saeeg.org\/index.php\/2021\/05\/23\/lo-peor-de-nuestra-historia-contemporanea\/","title":{"rendered":"LO PEOR DE NUESTRA HISTORIA CONTEMPOR\u00c1NEA"},"content":{"rendered":"\n<p style=\"text-align: center;\"><span style=\"font-family: verdana, geneva, sans-serif;\"><strong><em>Abraham G\u00f3mez R.*<\/em><\/strong><\/span><\/p>\n\n\n\n<div class=\"wp-block-image\"><figure class=\"aligncenter size-large is-resized\"><img loading=\"lazy\" decoding=\"async\" src=\"https:\/\/saeeg.org\/wp-content\/uploads\/2021\/05\/SOCIALISMO.png\" alt=\"\" class=\"wp-image-3426\" width=\"490\" height=\"320\" srcset=\"https:\/\/saeeg.org\/wp-content\/uploads\/2021\/05\/SOCIALISMO.png 400w, https:\/\/saeeg.org\/wp-content\/uploads\/2021\/05\/SOCIALISMO-300x197.png 300w\" sizes=\"auto, (max-width: 490px) 100vw, 490px\" \/><\/figure><\/div>\n\n\n\n<p style=\"text-align: justify;\"><span style=\"font-family: verdana, geneva, sans-serif;\">Comienzan a despejarse las dudas. Ya no quedan sospechas. A partir de ahora, se acelerar\u00e1 y acentuar\u00e1 el derrumbamiento pol\u00edtico en todos los intersticios de lo que a\u00fan denominan \u201cProceso\u201d; entelequia da\u00f1ina pronunciada con menos fuerza. De ingrata recordaci\u00f3n<\/span><\/p>\n<p style=\"text-align: justify;\"><span style=\"font-family: verdana, geneva, sans-serif;\">Ellos lo saben; por cuanto, la Comunidad Internacional ya los tiene retratados a cuerpo entero. No se necesitan m\u00e1s diagn\u00f3sticos para conocer \u2014con certeza\u2014 lo que realmente son; por eso, hay una intuici\u00f3n que capta en la masa roja la cercan\u00eda del descalabro.<\/span><\/p>\n<p style=\"text-align: justify;\"><span style=\"font-family: verdana, geneva, sans-serif;\">Los copartidarios lo perciben e intentan darse \u00e1nimos unos con otros.<\/span><\/p>\n<p style=\"text-align: justify;\"><span style=\"font-family: verdana, geneva, sans-serif;\">Resulta que se han convertido en los m\u00e1s interesados en concretar, con prontitud, el Acuerdo de Salvaci\u00f3n Nacional que estructur\u00f3 y propuso el Ing. Juan Guaid\u00f3, en su condici\u00f3n de l\u00edder de la verdadera oposici\u00f3n venezolana. Idea de reivindicaci\u00f3n ampliamente acogida por los pa\u00edses y gobiernos democr\u00e1ticos del mundo.<\/span><\/p>\n<p style=\"text-align: justify;\"><span style=\"font-family: verdana, geneva, sans-serif;\">Sin embargo, estamos obligados a se\u00f1alarles \u2014a quienes han estado por m\u00e1s de veinte a\u00f1os conculcando derechos y atropellando a todo un pueblo\u2014 que la voluntad de su \u201cpresunta rectificaci\u00f3n\u201d no basta ante la realidad que los acusa y acecha.<\/span><\/p>\n<p style=\"text-align: justify;\"><span style=\"font-family: verdana, geneva, sans-serif;\">La principal caracter\u00edstica de la histeria colectiva que exhiben viene dada por el desconcierto patol\u00f3gico que manifiesta un gran n\u00famero de comilitantes del r\u00e9gimen. Preste usted atenci\u00f3n para que capte que hasta los m\u00e1s recalcitrantes ortodoxos del inefable \u201csocialismo\u201d transpiran los quejidos.<\/span><\/p>\n<p style=\"text-align: justify;\"><span style=\"font-family: verdana, geneva, sans-serif;\">Hubo un momento en que parec\u00edan invencibles, y a la otra parte de la sociedad; d\u00edgase quienes asumimos desde siempre la libertad y la democracia en tanto Principio existencial: antag\u00f3nica de sus indigestiones ideol\u00f3gicas, nos estuvieron considerando escu\u00e1lidos y guarimberos.<\/span><\/p>\n<p style=\"text-align: justify;\"><span style=\"font-family: verdana, geneva, sans-serif;\">C\u00f3mo olvidar que fuimos sometidos a las m\u00e1s abyectas de las humillaciones quienes hemos tenido la leg\u00edtima y natural actitud de adversar las posiciones oficialistas, no por ultrancismo \u2014que jam\u00e1s hemos practicado\u2014 sino por avizorar el fraude en las ejecutorias de las desacertadas pol\u00edticas p\u00fablicas, en las que nos han pretendido encallejonar este hatajo (con h) de hitlerianos tropicales.<\/span><\/p>\n<p style=\"text-align: justify;\"><span style=\"font-family: verdana, geneva, sans-serif;\">\u00bfA cu\u00e1l socialismo se refer\u00edan cuando hablaban de socialismo? \u00bfQu\u00e9 transformaci\u00f3n dicen que estaban haciendo? \u00bfCu\u00e1l sociedad ideal ten\u00edan para que la hici\u00e9ramos r\u00e9plica en nuestras especificidades?<\/span><\/p>\n<p style=\"text-align: justify;\"><span style=\"font-family: verdana, geneva, sans-serif;\">Nada serio hab\u00eda en sus pobr\u00edsimos discursos cuando nos plantearon hasta la obstinaci\u00f3n que ir\u00edamos a un mundo mejor, parecido a Cuba, China o Corea.<\/span><\/p>\n<p style=\"text-align: justify;\"><span style=\"font-family: verdana, geneva, sans-serif;\">Los \u201cplanificadores\u201d del gobierno asomaban, como mascar\u00f3n de proa inflexibilidades en las decisiones. Nunca aceptaron justificadas observaciones de nadie.<\/span><\/p>\n<p style=\"text-align: justify;\"><span style=\"font-family: verdana, geneva, sans-serif;\">La inocultable ineptitud la estuvieron maquillando con arrogancia y soberbia. Frunc\u00edan el ce\u00f1o para espantar las inc\u00f3modas cr\u00edticas bien fundamentadas. La autocr\u00edtica les resbalaba; porque se cre\u00edan y se la estuvieron dando de autosuficientes.<\/span><\/p>\n<p style=\"text-align: justify;\"><span style=\"font-family: verdana, geneva, sans-serif;\">\u00danicamente ellos pose\u00edan el prodigio \u2014incompartible\u2014 de atesorar \u201cla verdad absoluta\u201d e incuestionable. La deleznable situaci\u00f3n del pa\u00eds hoy devela la ruindad ideol\u00f3gica que los atraviesa.<\/span><\/p>\n<p style=\"text-align: justify;\"><span style=\"font-family: verdana, geneva, sans-serif;\">Por eso y s\u00f3lo por ellos es que estamos como estamos en las peores condiciones sociales y econ\u00f3micas, en la m\u00e1s pat\u00e9tica inseguridad jur\u00eddica y ciudadana, en un descr\u00e9dito internacional. Nos han conducido a tama\u00f1a precariedad \u00e9tica y moral.<\/span><\/p>\n<p style=\"text-align: justify;\"><span style=\"font-family: verdana, geneva, sans-serif;\">Una naci\u00f3n con su extraordinario potencial para el sostenible desarrollo humano integral no merece la abominaci\u00f3n causada por parte de estos detentadores circunstanciales del poder. Que est\u00e1n \u201cpidiendo cacao\u201d. Que quieren irse, en un s\u00e1lvese quien pueda.<\/span><\/p>\n<p style=\"text-align: justify;\"><span style=\"font-family: verdana, geneva, sans-serif;\">Ellos provocaron que en nuestro pa\u00eds \u00fanicamente prevaleciera, en los \u00faltimos a\u00f1os, la detestable militarizaci\u00f3n de los espacios naturales de la sociedad civil, con el agravante de pretender hacer tolerable tal engendro \u201ccomo si\u201d se tratara de una circunstancia normal y rutinaria. Siempre aspiraron que, a fuerza de marchas, persecuciones, juicios ama\u00f1ados la sociedad civil y democr\u00e1tica se tragara la militarizaci\u00f3n.<\/span><\/p>\n<p style=\"text-align: justify;\"><span style=\"font-family: verdana, geneva, sans-serif;\">Ya hay suficientes evidencias de la abominaci\u00f3n que causan los reg\u00edmenes totalitarios-militaristas de derecha o de izquierda. Esto que dieron en llamar \u201csocialismo,\u201d de extra\u00f1o acu\u00f1amiento ideol\u00f3gico, busc\u00f3 arregl\u00e1rsela \u201ccomo si\u201d hubiera una revoluci\u00f3n.<\/span><\/p>\n<p style=\"text-align: justify;\"><span style=\"font-family: verdana, geneva, sans-serif;\">M\u00e1s de una vez, nos sorprendimos al ver a intelectuales que cre\u00edamos densos en sus pensamientos y criterios, desempe\u00f1ar la funci\u00f3n de ex\u00e9getas del r\u00e9gimen, para propagar \u201clas bondades\u201d educativas, sociales, culturales. Cu\u00e1nta desverg\u00fcenza tendr\u00e1n que cargar o arrastrar, en lo sucesivo.<\/span><\/p>\n<p style=\"text-align: justify;\"><span style=\"font-family: verdana, geneva, sans-serif;\">La acumulaci\u00f3n incontenible e insoportable de errores y desaciertos en todos los \u00e1mbitos, sectores y \u00e1reas ubica al actual r\u00e9gimen como el peor de la historia contempor\u00e1nea de Venezuela. Estamos considerados, por la irresponsabilidad e ineptitud de estos facinerosos el pa\u00eds m\u00e1s miserable de la tierra. Las expectativas levantadas de justicia social y reivindicaci\u00f3n de los pobres constituyen en la actualidad un inmenso fraude.<\/span><\/p>\n<p style=\"text-align: justify;\">\u00a0<\/p>\n<p style=\"text-align: justify;\"><span style=\"font-family: verdana, geneva, sans-serif; font-size: 10pt;\"><strong><em>* Miembro de la Academia Venezolana de la Lengua. Miembro de la Fundaci\u00f3n Venezuela Esequiba. Miembro del Instituto de Estudios de la Frontera Venezolana (IDEFV).<\/em><\/strong><\/span><span style=\"font-family: verdana, geneva, sans-serif; font-size: 10pt;\"><strong><em>\u00a0<\/em><\/strong><\/span><\/p>\n<p style=\"text-align: justify;\"><span style=\"font-family: verdana, geneva, sans-serif; font-size: 10pt;\"><strong><em>Publicado originalmente en Disenso F\u00e9rtil <\/em><\/strong><a href=\"https:\/\/abraham-disensofrtil.blogspot.com\/\"><strong><em>https:\/\/abraham-disensofrtil.blogspot.com\/<\/em><\/strong><\/a><\/span><\/p>\n<p style=\"text-align: justify;\">\u00a0<\/p>\n","protected":false},"excerpt":{"rendered":"<p>Abraham G\u00f3mez R.* Comienzan a despejarse las dudas. Ya no quedan sospechas. A partir de ahora, se acelerar\u00e1 y acentuar\u00e1 el derrumbamiento pol\u00edtico en todos los intersticios de lo que a\u00fan denominan \u201cProceso\u201d; entelequia da\u00f1ina pronunciada con menos fuerza. De ingrata recordaci\u00f3n Ellos lo saben; por cuanto, la Comunidad Internacional ya los tiene retratados a &hellip; <a href=\"https:\/\/saeeg.org\/index.php\/2021\/05\/23\/lo-peor-de-nuestra-historia-contemporanea\/\" class=\"more-link\">Seguir leyendo <span class=\"screen-reader-text\">LO PEOR DE NUESTRA HISTORIA CONTEMPOR\u00c1NEA<\/span> <span class=\"meta-nav\">&rarr;<\/span><\/a><\/p>\n","protected":false},"author":2,"featured_media":0,"comment_status":"open","ping_status":"closed","sticky":false,"template":"","format":"standard","meta":{"footnotes":""},"categories":[63,803],"tags":[47,523,499,820,1207,314],"class_list":["post-3425","post","type-post","status-publish","format-standard","hentry","category-opinion","category-venezuela","tag-democracia","tag-libertad","tag-libertades-individuales","tag-socialismo","tag-socialismo-siglo-xxi","tag-venezuela"],"_links":{"self":[{"href":"https:\/\/saeeg.org\/index.php\/wp-json\/wp\/v2\/posts\/3425","targetHints":{"allow":["GET"]}}],"collection":[{"href":"https:\/\/saeeg.org\/index.php\/wp-json\/wp\/v2\/posts"}],"about":[{"href":"https:\/\/saeeg.org\/index.php\/wp-json\/wp\/v2\/types\/post"}],"author":[{"embeddable":true,"href":"https:\/\/saeeg.org\/index.php\/wp-json\/wp\/v2\/users\/2"}],"replies":[{"embeddable":true,"href":"https:\/\/saeeg.org\/index.php\/wp-json\/wp\/v2\/comments?post=3425"}],"version-history":[{"count":0,"href":"https:\/\/saeeg.org\/index.php\/wp-json\/wp\/v2\/posts\/3425\/revisions"}],"wp:attachment":[{"href":"https:\/\/saeeg.org\/index.php\/wp-json\/wp\/v2\/media?parent=3425"}],"wp:term":[{"taxonomy":"category","embeddable":true,"href":"https:\/\/saeeg.org\/index.php\/wp-json\/wp\/v2\/categories?post=3425"},{"taxonomy":"post_tag","embeddable":true,"href":"https:\/\/saeeg.org\/index.php\/wp-json\/wp\/v2\/tags?post=3425"}],"curies":[{"name":"wp","href":"https:\/\/api.w.org\/{rel}","templated":true}]}}