{"id":3755,"date":"2021-07-07T22:14:00","date_gmt":"2021-07-08T01:14:00","guid":{"rendered":"https:\/\/saeeg.org\/?p=3755"},"modified":"2021-07-08T00:43:13","modified_gmt":"2021-07-08T03:43:13","slug":"haiti-el-presidente-jovenel-moise-asesinado-ejecutado-en-la-noche-dentro-de-su-casa","status":"publish","type":"post","link":"https:\/\/saeeg.org\/index.php\/2021\/07\/07\/haiti-el-presidente-jovenel-moise-asesinado-ejecutado-en-la-noche-dentro-de-su-casa\/","title":{"rendered":"HAIT\u00cd: EL PRESIDENTE JOVENEL MOISE ASESINADO. EJECUTADO EN LA NOCHE DENTRO DE SU CASA."},"content":{"rendered":"\n\n\n<p style=\"text-align: center;\"><em><strong><span style=\"font-family: tahoma, arial, helvetica, sans-serif;\">Marco Crabu*<\/span><\/strong><\/em><\/p>\n\n\n\n<div class=\"wp-block-image\"><figure class=\"aligncenter size-large is-resized\"><img loading=\"lazy\" decoding=\"async\" src=\"https:\/\/saeeg.org\/wp-content\/uploads\/2021\/07\/JOVENEL-MOISE-HAITI-1.png\" alt=\"\" class=\"wp-image-3757\" width=\"492\" height=\"328\" srcset=\"https:\/\/saeeg.org\/wp-content\/uploads\/2021\/07\/JOVENEL-MOISE-HAITI-1.png 1024w, https:\/\/saeeg.org\/wp-content\/uploads\/2021\/07\/JOVENEL-MOISE-HAITI-1-300x200.png 300w, https:\/\/saeeg.org\/wp-content\/uploads\/2021\/07\/JOVENEL-MOISE-HAITI-1-768x512.png 768w\" sizes=\"auto, (max-width: 492px) 100vw, 492px\" \/><\/figure><\/div>\n\n\n\n<p style=\"text-align: justify;\"><span style=\"font-family: tahoma, arial, helvetica, sans-serif;\">Esta noche hombres armados ingresaron a la residencia del presidente de la Rep\u00fablica de Hait\u00ed, Jovenel Moise, y lo asesinaron brutalmente. Su esposa Martine, que result\u00f3 gravemente herida, muri\u00f3 luego de ser hospitalizada por sus heridas. Seg\u00fan se supo a trav\u00e9s de los medios de comunicaci\u00f3n del pa\u00eds caribe\u00f1o, un comando armado compuesto por al menos tres personas que, seg\u00fan testimonios se expresaban en espa\u00f1ol, habr\u00edan irrumpido en la casa del presidente en <strong>P<\/strong><strong>\u00e8<\/strong><strong>lerin 5<\/strong> alrededor de la una de la madrugada, involucr\u00e1ndose en una pelea a fuego con la polic\u00eda y logrando penetrar dentro de la casa de Moise.<\/span><\/p>\n<p style=\"text-align: justify;\"><span style=\"font-family: tahoma, arial, helvetica, sans-serif;\">Es un momento muy delicado para el <strong>pueblo de Hait\u00ed<\/strong>, fuertemente afectado por la pandemia de <strong>Covid-19<\/strong>, pero tambi\u00e9n por la profunda crisis social y la corrupci\u00f3n galopante que est\u00e1 provocando olas de violencia a las calles, donde bandas rivales compiten por dividirse el territorio.<\/span><\/p>\n<p style=\"text-align: justify;\"><span style=\"font-family: tahoma, arial, helvetica, sans-serif;\">Uno de los l\u00edderes de las bandas que realizan redadas en el pa\u00eds incluso ha lanzado una <strong>ofensiva contra las \u00e9lites econ\u00f3mica y pol\u00edtica<\/strong> <strong>del pa\u00eds<\/strong>, lo que indica una probable escalada de violencia en la pobre naci\u00f3n caribe\u00f1a. Su nombre es <strong>Jimmy Cherizier<\/strong>, <strong>alias Barbecue<\/strong>, y es un ex polic\u00eda al frente de la denominada <strong>federaci\u00f3n \u201cG9\u201d, integrada<\/strong> por nueve bandas formadas el a\u00f1o pasado que se autodenominaron \u201cuna fuerza revolucionaria\u201d para liberar al pa\u00eds del gobierno (y de la oposici\u00f3n) y de toda la burgues\u00eda.<\/span><\/p>\n<p style=\"text-align: justify;\"><span style=\"font-family: tahoma, arial, helvetica, sans-serif;\"><strong>Cherizier<\/strong> se describe a s\u00ed mismo como un l\u00edder de la comunidad que llena el vac\u00edo dejado por instituciones d\u00e9biles. El a\u00f1o pasado Estados Unidos lo puso <strong>en la lista de las personas m\u00e1s buscadas del mundo<\/strong>, culpable, entre otras cosas, de haber cometido varias masacres en los \u00faltimos a\u00f1os.<\/span><\/p>\n<p style=\"text-align: justify;\"><span style=\"font-family: tahoma, arial, helvetica, sans-serif;\">Estos grupos armados se han extendido ampliamente debido a la agitaci\u00f3n pol\u00edtica en el pa\u00eds y a la creciente pobreza que azota la isla caribe\u00f1a.<\/span><\/p>\n<p style=\"text-align: justify;\"><span style=\"font-family: tahoma, arial, helvetica, sans-serif;\">Un alto representante del <strong>UNICEF<\/strong> en Hait\u00ed se\u00f1al\u00f3 recientemente: \u201cDesde principios de este a\u00f1o, la inseguridad ha aumentado. Pero la capital se enfrenta ahora a una guerra urbana, con miles de ni\u00f1os y mujeres atrapados en el fuego cruzado\u201d.<\/span><\/p>\n<p style=\"text-align: justify;\"><span style=\"font-family: tahoma, arial, helvetica, sans-serif;\">Los <strong>tiroteos<\/strong> que provocaron la muerte de un periodista y activista pol\u00edtico, <strong>Diego Charles<\/strong>, junto con <strong>Antoinette Duclair<\/strong>, hallados muertos en su autom\u00f3vil en Puerto Pr\u00edncipe el pasado mes de junio, a\u00fan se mantienen vivos. Pero hay al menos cinco v\u00edctimas de este tiroteo nocturno en la capital haitiana.<\/span><\/p>\n<p style=\"text-align: justify;\"><span style=\"font-family: tahoma, arial, helvetica, sans-serif;\">Hait\u00ed est\u00e1 experimentando una profunda inestabilidad pol\u00edtica despu\u00e9s de que el presidente Jovenel Moise tambi\u00e9n decidiera <strong>extender su mandato a fines de febrero de 2022<\/strong>, a pesar de que \u00e9ste ya hab\u00eda expirado en ese mismo mes de febrero, seg\u00fan grupos de oposici\u00f3n.<\/span><\/p>\n<p style=\"text-align: justify;\"><span style=\"font-family: tahoma, arial, helvetica, sans-serif;\">El <strong>refer\u00e9ndum constitucional<\/strong>, previsto para el 27 de junio, fue pospuesto por motivos relacionados con la pandemia del Covid-19 y sin dar ni una fecha posterior para la votaci\u00f3n. Esto exacerb\u00f3 a\u00fan m\u00e1s el \u00e1nimo tanto de la poblaci\u00f3n como de la oposici\u00f3n, mientras que la violencia callejera se reaviv\u00f3 amargamente.<\/span><\/p>\n<p style=\"text-align: justify;\"><span style=\"font-family: tahoma, arial, helvetica, sans-serif;\">Pero la crisis continu\u00f3 tambi\u00e9n esta semana cuando el presidente Jovenel liquid\u00f3 por <strong>decreto<\/strong>, despertando una ola de cr\u00edticas, los <strong>derechos econ\u00f3micos<\/strong> <strong>de los ex ministros<\/strong> que sirvieron a Hait\u00ed de 1991 a 2017, congelados hasta entonces.<\/span><\/p>\n<p style=\"text-align: justify;\"><span style=\"font-family: tahoma, arial, helvetica, sans-serif;\">La situaci\u00f3n se agrav\u00f3 con la decisi\u00f3n que tom\u00f3 el lunes el presidente haitiano al anunciar en Twitter que hab\u00eda nominado a Ariel Henry como su nuevo primer ministro, lo que despert\u00f3 la ira de la oposici\u00f3n. El presidente hab\u00eda confiado al nuevo Primer Ministro la tarea de acabar con el problema de la inseguridad en el pa\u00eds y organizar los trabajos para las elecciones generales y el nuevo refer\u00e9ndum.<\/span><\/p>\n<p style=\"text-align: justify;\"><span style=\"font-family: tahoma, arial, helvetica, sans-serif;\"><strong>Pero evidentemente Jovenel Moise no ver\u00e1 la evoluci\u00f3n de estas \u00faltimas decisiones y muy probablemente habr\u00e1 un nuevo intento de estabilizaci\u00f3n pol\u00edtica y social, no sin el eco de nuevas oleadas de violencia en las calles.<\/strong><\/span><\/p>\n<p style=\"text-align: justify;\">\u00a0<\/p>\n<p style=\"text-align: justify;\"><span style=\"font-family: tahoma, arial, helvetica, sans-serif; font-size: 10pt;\"><strong><em>* Licenciado en Ciencias Sociol\u00f3gicas, Facultad de Ciencias Pol\u00edticas de la Universidad de Bolonia. Especialista en Seguridad, Geopol\u00edtica y Defensa.<\/em><\/strong><\/span><\/p>\n<p>\u00a0<\/p>\n<p style=\"text-align: justify;\"><span style=\"font-family: tahoma, arial, helvetica, sans-serif; font-size: 10pt;\"><strong><em>Art\u00edculo publicado originalmente el 07\/07\/2021 en OFCS.Report &#8211; Osservatorio &#8211; Focus per la Cultura della Sicurezza, Roma, Italia, <a href=\"https:\/\/www.ofcs.it\/internazionale\/haiti-ucciso-il-presidente-jovenel-moise\/#gsc.tab=0\">https:\/\/www.ofcs.it\/internazionale\/haiti-ucciso-il-presidente-jovenel-moise\/#gsc.tab=0<\/a> <\/em><\/strong><\/span><\/p>\n<p style=\"text-align: justify;\"><span style=\"font-size: 10pt;\"><strong><em><span style=\"font-family: tahoma, arial, helvetica, sans-serif;\">Traducido al espa\u00f1ol por el Equipo de la SAEEG con expresa autorizaci\u00f3n del autor.<\/span> <\/em><\/strong><\/span><\/p>\n","protected":false},"excerpt":{"rendered":"<p>Marco Crabu* Esta noche hombres armados ingresaron a la residencia del presidente de la Rep\u00fablica de Hait\u00ed, Jovenel Moise, y lo asesinaron brutalmente. Su esposa Martine, que result\u00f3 gravemente herida, muri\u00f3 luego de ser hospitalizada por sus heridas. Seg\u00fan se supo a trav\u00e9s de los medios de comunicaci\u00f3n del pa\u00eds caribe\u00f1o, un comando armado compuesto &hellip; <a href=\"https:\/\/saeeg.org\/index.php\/2021\/07\/07\/haiti-el-presidente-jovenel-moise-asesinado-ejecutado-en-la-noche-dentro-de-su-casa\/\" class=\"more-link\">Seguir leyendo <span class=\"screen-reader-text\">HAIT\u00cd: EL PRESIDENTE JOVENEL MOISE ASESINADO. EJECUTADO EN LA NOCHE DENTRO DE SU CASA.<\/span> <span class=\"meta-nav\">&rarr;<\/span><\/a><\/p>\n","protected":false},"author":2,"featured_media":0,"comment_status":"open","ping_status":"closed","sticky":false,"template":"","format":"standard","meta":{"footnotes":""},"categories":[434],"tags":[142,1335,19,566,826],"class_list":["post-3755","post","type-post","status-publish","format-standard","hentry","category-haiti","tag-haiti","tag-magnicidio","tag-politica","tag-violencia","tag-violencia-politica"],"_links":{"self":[{"href":"https:\/\/saeeg.org\/index.php\/wp-json\/wp\/v2\/posts\/3755","targetHints":{"allow":["GET"]}}],"collection":[{"href":"https:\/\/saeeg.org\/index.php\/wp-json\/wp\/v2\/posts"}],"about":[{"href":"https:\/\/saeeg.org\/index.php\/wp-json\/wp\/v2\/types\/post"}],"author":[{"embeddable":true,"href":"https:\/\/saeeg.org\/index.php\/wp-json\/wp\/v2\/users\/2"}],"replies":[{"embeddable":true,"href":"https:\/\/saeeg.org\/index.php\/wp-json\/wp\/v2\/comments?post=3755"}],"version-history":[{"count":0,"href":"https:\/\/saeeg.org\/index.php\/wp-json\/wp\/v2\/posts\/3755\/revisions"}],"wp:attachment":[{"href":"https:\/\/saeeg.org\/index.php\/wp-json\/wp\/v2\/media?parent=3755"}],"wp:term":[{"taxonomy":"category","embeddable":true,"href":"https:\/\/saeeg.org\/index.php\/wp-json\/wp\/v2\/categories?post=3755"},{"taxonomy":"post_tag","embeddable":true,"href":"https:\/\/saeeg.org\/index.php\/wp-json\/wp\/v2\/tags?post=3755"}],"curies":[{"name":"wp","href":"https:\/\/api.w.org\/{rel}","templated":true}]}}