{"id":3854,"date":"2021-07-18T19:31:26","date_gmt":"2021-07-18T22:31:26","guid":{"rendered":"https:\/\/saeeg.org\/?p=3854"},"modified":"2021-07-18T19:31:35","modified_gmt":"2021-07-18T22:31:35","slug":"variantes-del-poder-en-el-ambito-internacional","status":"publish","type":"post","link":"https:\/\/saeeg.org\/index.php\/2021\/07\/18\/variantes-del-poder-en-el-ambito-internacional\/","title":{"rendered":"VARIANTES DEL PODER EN EL \u00c1MBITO INTERNACIONAL"},"content":{"rendered":"\n<p style=\"text-align: center;\"><span style=\"font-family: tahoma, arial, helvetica, sans-serif;\"><strong><em>Agust\u00edn Saavedra Weise*<\/em><\/strong><\/span><\/p>\n\n\n\n<div class=\"wp-block-image\"><figure class=\"aligncenter size-large is-resized\"><img loading=\"lazy\" decoding=\"async\" src=\"https:\/\/saeeg.org\/wp-content\/uploads\/2021\/07\/continents-695188_640-PNG.png\" alt=\"\" class=\"wp-image-3855\" width=\"483\" height=\"242\" srcset=\"https:\/\/saeeg.org\/wp-content\/uploads\/2021\/07\/continents-695188_640-PNG.png 640w, https:\/\/saeeg.org\/wp-content\/uploads\/2021\/07\/continents-695188_640-PNG-300x150.png 300w\" sizes=\"auto, (max-width: 483px) 100vw, 483px\" \/><figcaption><strong><em>Imagen de <a href=\"https:\/\/pixabay.com\/es\/users\/geralt-9301\/?utm_source=link-attribution&amp;utm_medium=referral&amp;utm_campaign=image&amp;utm_content=695188\">Gerd Altmann<\/a> en <a href=\"https:\/\/pixabay.com\/es\/?utm_source=link-attribution&amp;utm_medium=referral&amp;utm_campaign=image&amp;utm_content=695188\">Pixabay<\/a><\/em><\/strong><br><\/figcaption><\/figure><\/div>\n\n\n\n<p style=\"text-align: justify;\"><span style=\"font-family: tahoma, arial, helvetica, sans-serif;\">Desde hace d\u00e9cadas vengo escribiendo y repiti\u00e9ndole a mis alumnos que la pol\u00edtica exterior \u2014parte esencial de la din\u00e1mica de la pol\u00edtica internacional en el \u00e1mbito global m\u00e1s amplio de las relaciones internacionales\u2014, es la estrategia o programa de acci\u00f3n planeado que cada actor del sistema mundial desarrolla para mejor precautelar sus intereses y procurar cooperaci\u00f3n, crear alianzas o evitar conflictos. Obviamente, el brazo ejecutor de dicha pol\u00edtica exterior es la vieja diplomacia, el cuerpo organizado de profesionales que cada Estado tiene para hacer valer sus derechos y que normalmente se aglutina en torno al despacho encargado de las relaciones exteriores.<\/span><\/p>\n<p style=\"text-align: justify;\"><span style=\"font-family: tahoma, arial, helvetica, sans-serif;\">M\u00e1s all\u00e1 de estos conceptos b\u00e1sicos, subyace siempre en la conducci\u00f3n del \u00e1mbito externo un elemento de poder, aspecto inherente a la pol\u00edtica como tal. Esa capacidad de imponer la voluntad, de hacer que otros hagan lo que queremos que hagan, se refleja en la pol\u00edtica exterior \u2014particularmente en la de las grandes potencias\u2014 mediante los llamados \u201cpoder duro\u201d y \u201cpoder blando\u201d que cada actor esgrime \u2014seg\u00fan sea el caso\u2014 en la consecuci\u00f3n de sus intereses o para presionar cuando as\u00ed corresponda.<\/span><\/p>\n<p style=\"text-align: justify;\"><span style=\"font-family: tahoma, arial, helvetica, sans-serif;\">El poder blando se ejerce por las v\u00edas pac\u00edficas de acciones diplom\u00e1ticas y otros mecanismos de persuasi\u00f3n (tales como cooperaci\u00f3n, ayuda externa, cr\u00e9ditos, etc.), lo suficientemente claros como para hacer saber qu\u00e9 es lo que un actor internacional pretende de otro y\/o para orientar \u201cblandamente\u201d acciones con respecto a determinadas l\u00edneas de conducta y posicionamiento. El poder blando es sutil, pero muy efectivo cuando se lo usa inteligentemente.<\/span><\/p>\n<p style=\"text-align: justify;\"><span style=\"font-family: tahoma, arial, helvetica, sans-serif;\">El poder duro, como el adjetivo que lo acompa\u00f1a as\u00ed lo indica, implica mayor rigidez. En definitiva, se trata de amenazas directas mediante el uso de la fuerza o de otros dr\u00e1sticos m\u00e9todos (bloqueos, corte de la asistencia y de los mecanismos de ayuda, represalias) que obligan al contrario a reaccionar de la misma forma \u2014si tiene los medios adecuados para disponer de su propio poder duro\u2014 o a replegarse ante la contundencia de un factor superior y amenazante. El uso del poder duro es el \u00faltimo \u201cratio\u201d en t\u00e9rminos de acciones de pol\u00edtica exterior antes de ingresar a la guerra propiamente dicha, sobre todo si el adversario se decide por el enfrentamiento directo.<\/span><\/p>\n<p style=\"text-align: justify;\"><span style=\"font-family: tahoma, arial, helvetica, sans-serif;\">Las potencias tradicionales configuran una especie de \u201cdieta balanceada\u201d entre poder duro y poder blando. De ah\u00ed el viejo \u201cconsejo\u201d de Teddy Roosevelt con respecto al proceder de los Estados Unidos hacia los pa\u00edses latinoamericanos: \u201chablar siempre suave, pero tener simult\u00e1neamente y a la mano un gran garrote\u201d. En otras palabras: la combinaci\u00f3n de palo y zanahoria refleja el uso alternativo de los poderes duro y blando.<\/span><\/p>\n<p style=\"text-align: justify;\"><span style=\"font-family: tahoma, arial, helvetica, sans-serif;\">Algunos prefieren hablar de poder y debilidad en la pol\u00edtica exterior. La debilidad es inherente al peso espec\u00edfico \u2014cuantitativo y cualitativo\u2014 de un actor internacional, aunque puede darse el caso de potencias econ\u00f3micas significativas, pero que, por diversas razones, ya no disponen ni desean hacer uso del poder duro. Un ejemplo claro de esto \u00faltimo en la actualidad es la Uni\u00f3n Europea.<\/span><\/p>\n<p style=\"text-align: justify;\"><span style=\"font-family: tahoma, arial, helvetica, sans-serif;\">En la defensa del inter\u00e9s nacional, la prudente dosificaci\u00f3n de la dureza en el marco de una pol\u00edtica global de poder blando, muchas veces acelera el alcance del objetivo deseado. En todo caso, el realismo se impone. Lamentablemente, muchas naciones viven y act\u00faan sobre la base de percepciones ilusorias, lo que provoca el fracaso global de sus pol\u00edticas ya sea con poder blando o con el poder duro.<\/span><\/p>\n<p style=\"text-align: justify;\">\u00a0<\/p>\n<p style=\"text-align: justify;\"><span style=\"font-family: tahoma, arial, helvetica, sans-serif; font-size: 10pt;\"><em><strong>*Ex canciller, economista y polit\u00f3logo. Miembro del CEID y de la SAEEG. <\/strong><\/em><a href=\"http:\/\/www.agustinsaavedraweise.com\/\"><strong><em>www.agustinsaavedraweise.com<\/em><\/strong><\/a><\/span><\/p>\n<p style=\"text-align: justify;\"><span style=\"font-family: tahoma, arial, helvetica, sans-serif; font-size: 10pt;\"><strong><em>Nota original publicada en El Deber, Santa Cruz de la Sierra, Bolivia,<\/em><\/strong> <strong><em><a href=\"https:\/\/eldeber.com.bo\/opinion\/variantes-del-poder-en-el-ambito-internacional_239491\">https:\/\/eldeber.com.bo\/opinion\/variantes-del-poder-en-el-ambito-internacional_239491<\/a> <\/em><\/strong><\/span><\/p>\n<p style=\"text-align: justify;\">\u00a0<\/p>\n","protected":false},"excerpt":{"rendered":"<p>Agust\u00edn Saavedra Weise* Desde hace d\u00e9cadas vengo escribiendo y repiti\u00e9ndole a mis alumnos que la pol\u00edtica exterior \u2014parte esencial de la din\u00e1mica de la pol\u00edtica internacional en el \u00e1mbito global m\u00e1s amplio de las relaciones internacionales\u2014, es la estrategia o programa de acci\u00f3n planeado que cada actor del sistema mundial desarrolla para mejor precautelar sus &hellip; <a href=\"https:\/\/saeeg.org\/index.php\/2021\/07\/18\/variantes-del-poder-en-el-ambito-internacional\/\" class=\"more-link\">Seguir leyendo <span class=\"screen-reader-text\">VARIANTES DEL PODER EN EL \u00c1MBITO INTERNACIONAL<\/span> <span class=\"meta-nav\">&rarr;<\/span><\/a><\/p>\n","protected":false},"author":5,"featured_media":0,"comment_status":"open","ping_status":"closed","sticky":false,"template":"","format":"standard","meta":{"footnotes":""},"categories":[63],"tags":[461,1233,164,446],"class_list":["post-3854","post","type-post","status-publish","format-standard","hentry","category-opinion","tag-poder","tag-poder-blando","tag-politica-exterior","tag-politica-internacional"],"_links":{"self":[{"href":"https:\/\/saeeg.org\/index.php\/wp-json\/wp\/v2\/posts\/3854","targetHints":{"allow":["GET"]}}],"collection":[{"href":"https:\/\/saeeg.org\/index.php\/wp-json\/wp\/v2\/posts"}],"about":[{"href":"https:\/\/saeeg.org\/index.php\/wp-json\/wp\/v2\/types\/post"}],"author":[{"embeddable":true,"href":"https:\/\/saeeg.org\/index.php\/wp-json\/wp\/v2\/users\/5"}],"replies":[{"embeddable":true,"href":"https:\/\/saeeg.org\/index.php\/wp-json\/wp\/v2\/comments?post=3854"}],"version-history":[{"count":0,"href":"https:\/\/saeeg.org\/index.php\/wp-json\/wp\/v2\/posts\/3854\/revisions"}],"wp:attachment":[{"href":"https:\/\/saeeg.org\/index.php\/wp-json\/wp\/v2\/media?parent=3854"}],"wp:term":[{"taxonomy":"category","embeddable":true,"href":"https:\/\/saeeg.org\/index.php\/wp-json\/wp\/v2\/categories?post=3854"},{"taxonomy":"post_tag","embeddable":true,"href":"https:\/\/saeeg.org\/index.php\/wp-json\/wp\/v2\/tags?post=3854"}],"curies":[{"name":"wp","href":"https:\/\/api.w.org\/{rel}","templated":true}]}}