{"id":4232,"date":"2021-09-07T01:47:43","date_gmt":"2021-09-07T04:47:43","guid":{"rendered":"https:\/\/saeeg.org\/?p=4232"},"modified":"2021-09-07T01:53:59","modified_gmt":"2021-09-07T04:53:59","slug":"el-costo-de-la-mala-praxis","status":"publish","type":"post","link":"https:\/\/saeeg.org\/index.php\/2021\/09\/07\/el-costo-de-la-mala-praxis\/","title":{"rendered":"EL COSTO DE LA MALA PRAXIS"},"content":{"rendered":"\n<p style=\"text-align: center;\"><span style=\"font-family: tahoma, arial, helvetica, sans-serif;\"><strong><em><u>Iris Speroni<\/u><\/em><\/strong><strong><em> (gab:<\/em><\/strong><strong><em><a href=\"https:\/\/draft.blogger.com\/u\/1\/blog\/post\/edit\/8741402008723821147\/702660374998619133\"> https:\/\/gab.com\/Iris_Speroni<\/a><\/em><\/strong><strong><em>)<\/em><\/strong><\/span><\/p>\n\n\n\n<div class=\"wp-block-image\"><figure class=\"aligncenter size-full\"><img loading=\"lazy\" decoding=\"async\" width=\"602\" height=\"387\" src=\"https:\/\/saeeg.org\/wp-content\/uploads\/2021\/09\/IRIS-SPERONI-MALA-PRAXIS.png\" alt=\"\" class=\"wp-image-4233\" srcset=\"https:\/\/saeeg.org\/wp-content\/uploads\/2021\/09\/IRIS-SPERONI-MALA-PRAXIS.png 602w, https:\/\/saeeg.org\/wp-content\/uploads\/2021\/09\/IRIS-SPERONI-MALA-PRAXIS-300x193.png 300w\" sizes=\"auto, (max-width: 602px) 100vw, 602px\" \/><\/figure><\/div>\n\n\n\n<p style=\"text-align: center;\"><span style=\"font-size: 14pt;\"><strong><em><span style=\"font-family: tahoma, arial, helvetica, sans-serif;\">Va a estar interesante el d\u00eda que a los gobernadores, senadores, ministros de econom\u00eda y de la producci\u00f3n de las provincias les caiga la ficha.<\/span><\/em><\/strong><\/span><\/p>\n<p>&nbsp;<\/p>\n<p style=\"text-align: justify;\"><span style=\"font-family: tahoma, arial, helvetica, sans-serif;\"><strong><em>\u00bfCu\u00e1nto nos cuesta la casta?&nbsp;<\/em><\/strong><\/span><\/p>\n<p style=\"text-align: justify;\"><span style=\"font-family: tahoma, arial, helvetica, sans-serif;\"><strong><em>\u00bfCu\u00e1nto nos cuesta la mala praxis de estos sujetos?<\/em><\/strong><\/span><\/p>\n<p style=\"text-align: justify;\"><span style=\"font-family: tahoma, arial, helvetica, sans-serif;\">Hagamos algunas cuentas en el aire.<\/span><\/p>\n<ul style=\"text-align: justify;\">\n<li><span style=\"font-family: tahoma, arial, helvetica, sans-serif;\">Perdemos plata por la ca\u00edda del PBI per c\u00e1pita.<\/span><\/li>\n<li><span style=\"font-family: tahoma, arial, helvetica, sans-serif;\">Perdemos dinero porque el fruto de las exportaciones termina en el gobierno central y no en las provincias.<\/span><\/li>\n<li><span style=\"font-family: tahoma, arial, helvetica, sans-serif;\">Perdemos dinero porque el valor de nuestras propiedades cae.<\/span><\/li>\n<li><span style=\"font-family: tahoma, arial, helvetica, sans-serif;\">Perdemos dinero porque para un trabajador es imposible acceder a la propiedad.<\/span><\/li>\n<\/ul>\n<p style=\"text-align: justify;\"><span style=\"font-family: tahoma, arial, helvetica, sans-serif;\">En t\u00e9rminos econ\u00f3micos perdemos por flujo (PBI anual) y por stock (el valor de nuestro departamento o autom\u00f3vil). En resumen, perdemos a diestra y siniestra.<\/span><\/p>\n<p style=\"text-align: justify;\"><span style=\"font-family: tahoma, arial, helvetica, sans-serif;\">Vamos a abrir un poco estos n\u00fameros.<\/span><\/p>\n<h5 style=\"text-align: justify;\"><span style=\"font-family: tahoma, arial, helvetica, sans-serif;\"><strong>Ca\u00edda PBI per c\u00e1pita<\/strong><\/span><\/h5>\n<p style=\"text-align: justify;\"><span style=\"font-family: tahoma, arial, helvetica, sans-serif;\">Hace diez a\u00f1os que la Argentina no crece. O al menos crece menos que la poblaci\u00f3n. Toda ca\u00edda de PBI es dinero que cada uno de nosotros, los cuarenta y cinco millones de argentinos, no tenemos en nuestros bolsillos. Algunos m\u00e1s, otros menos, colectivamente somos m\u00e1s pobres y es mensurable.<\/span><\/p>\n<p style=\"text-align: justify;\"><span style=\"font-family: tahoma, arial, helvetica, sans-serif;\">El PBI per c\u00e1pita del 2011 fue de US$ 12.849 por persona. Para mantener la producci\u00f3n per c\u00e1pita, la misma deber\u00eda crecer al mismo ritmo que la poblaci\u00f3n. Sin embargo el PBI per c\u00e1pita del 2020 fue de US$D 8693. Si dejamos de lado el 2020, por la pandemia y tomamos el 2019 (sin pandemia), el valor es de US$ 10.006. Un 20% menos que una d\u00e9cada antes. Si hubi\u00e9ramos mantenido el ingreso por habitante del a\u00f1o 2011, en la d\u00e9cada hubi\u00e9ramos producido unos US$ 255 mil millones m\u00e1s. En diez a\u00f1os perdimos casi dos tercios de un PBI por ca\u00edda de la producci\u00f3n. Esto es, US$ 5600 menos por habitante. Si no queremos meter el 2020 en la cuenta, 67 mil millones de d\u00f3lares menos en una d\u00e9cada.<\/span><\/p>\n\n\n\n<div class=\"wp-block-image\"><figure class=\"aligncenter size-full\"><img loading=\"lazy\" decoding=\"async\" width=\"400\" height=\"275\" src=\"https:\/\/saeeg.org\/wp-content\/uploads\/2021\/09\/IRIS-SPERONI-MALA-PRAXIS-2.png\" alt=\"\" class=\"wp-image-4234\" srcset=\"https:\/\/saeeg.org\/wp-content\/uploads\/2021\/09\/IRIS-SPERONI-MALA-PRAXIS-2.png 400w, https:\/\/saeeg.org\/wp-content\/uploads\/2021\/09\/IRIS-SPERONI-MALA-PRAXIS-2-300x206.png 300w\" sizes=\"auto, (max-width: 400px) 100vw, 400px\" \/><\/figure><\/div>\n\n\n\n<p style=\"text-align: justify;\"><span style=\"font-family: tahoma, arial, helvetica, sans-serif;\">Esta ca\u00edda se debe \u00fanicamente a la mala praxis del gobierno (uno y otro). No hubo shocks externos, ca\u00edda del mercado inmobiliario de los Tigres Asi\u00e1ticos, derrumbe de Wall Street (2008) o maxidevaluaci\u00f3n del real (Brasil). No. 100% nuestros gobernantes.<\/span><\/p>\n<h5 style=\"text-align: justify;\"><span style=\"font-family: tahoma, arial, helvetica, sans-serif;\"><strong>Transferencia de riqueza de las provincias a gobierno central<\/strong><\/span><\/h5>\n<p style=\"text-align: justify;\"><span style=\"font-family: tahoma, arial, helvetica, sans-serif;\">Escrib\u00ed varias notas sobre el robo por parte del gobierno central a las provincias que ronda los US$ 26.000.000.000 anuales. Es riqueza que producen los habitantes y empresas de las provincias y que el gobierno lo roba usando al BCRA como agente de recaudaci\u00f3n. Un cobrador de impuestos paraestatal.<\/span><\/p>\n<p style=\"text-align: justify;\"><span style=\"font-family: tahoma, arial, helvetica, sans-serif;\">Argentina exporta el 90% del t\u00e9 que produce. De ese dinero, el gobierno central se lo roba a los misioneros para d\u00e1rselo a los amigos, a quienes les vende a $ 103 lo que vale $ 180. \u00bfQuieren hablar del arroz? El BCRA le roba a correntinos, entrerrianos, formose\u00f1os, santafesinos y chaque\u00f1os el 50% del valor del arroz que exportan.<\/span><\/p>\n<p style=\"text-align: justify;\"><span style=\"font-family: tahoma, arial, helvetica, sans-serif;\">Esta semana fue al programa de Canosa el gobernador reelecto de Corrientes. Se quejaba, con justa raz\u00f3n, que la pobreza de Corrientes expele correntinos. Sostuvo que viven 1.600.000 en la provincia y otro mill\u00f3n fuera de ella, mayormente en Buenos Aires. Sostuvo que sus coprovincianos se van no porque lo deseen sino porque en su hogar no hay trabajo. Al gobernador le falta dar el salto conceptual de por qu\u00e9 no hay trabajo. Es f\u00e1cil. Porque el gobierno central les quita la mitad de lo que producen.<\/span><\/p>\n\n\n\n<div class=\"wp-block-image\"><figure class=\"aligncenter size-full\"><img loading=\"lazy\" decoding=\"async\" width=\"400\" height=\"249\" src=\"https:\/\/saeeg.org\/wp-content\/uploads\/2021\/09\/IRIS-SPERONI-MALA-PRAXIS-3.png\" alt=\"\" class=\"wp-image-4235\" srcset=\"https:\/\/saeeg.org\/wp-content\/uploads\/2021\/09\/IRIS-SPERONI-MALA-PRAXIS-3.png 400w, https:\/\/saeeg.org\/wp-content\/uploads\/2021\/09\/IRIS-SPERONI-MALA-PRAXIS-3-300x187.png 300w\" sizes=\"auto, (max-width: 400px) 100vw, 400px\" \/><figcaption><strong><a href=\"https:\/\/draft.blogger.com\/u\/1\/blog\/post\/edit\/8741402008723821147\/702660374998619133\"><em>https:\/\/opex.indec.gob.ar\/index.php?pagina=mapa_dinamico<\/em><\/a><\/strong><\/figcaption><\/figure><\/div>\n\n\n\n<p style=\"text-align: justify;\"><span style=\"font-family: tahoma, arial, helvetica, sans-serif; font-size: 12pt;\">Corrientes export\u00f3 US$ 586 millones en 2020 (INDEC). El gobierno central le rob\u00f3 293 millones con el BCRA. Son US$ 260 per c\u00e1pita (el INDEC dice que hay 1.122.000 habitantes). Son 187.000 pesos por familia.<\/span><\/p>\n<p style=\"text-align: justify;\"><span style=\"font-family: tahoma, arial, helvetica, sans-serif; font-size: 12pt;\">Va a estar interesante el d\u00eda que a los gobernadores, senadores, ministros de econom\u00eda y de la producci\u00f3n de las provincias les caiga la ficha.<\/span><\/p>\n<p style=\"text-align: justify;\"><span style=\"font-family: tahoma, arial, helvetica, sans-serif; font-size: 12pt;\">Hay un punto peor que \u00e9ste, que ya es grave de por s\u00ed. Voy a ver si lo puedo explicar bien.<\/span><\/p>\n<p style=\"text-align: justify;\"><span style=\"font-family: tahoma, arial, helvetica, sans-serif; font-size: 12pt;\">Todos (pyme, agropecuario, software, trabajadores) determinamos el volumen de nuestro trabajo\/producci\u00f3n seg\u00fan el precio a cobrar. Si ir a trabajar me reporta menos que lo que gasto en colectivo, no voy. Me quedo vendiendo garrapi\u00f1ada en mi barrio. Lo mismo sucede con los vol\u00famenes de producci\u00f3n. Si el Banco Central me quita la mitad de la facturaci\u00f3n y con lo que queda no cubro los costos, entonces no siembro, no desarrollo software, no exporto vino\/cuero\/zapatos, no fabrico, no transporto, no vendo. Por lo tanto, el gobierno cuando le dice a TODO el pa\u00eds que va a pagarle la mitad de su valor por sus productos, todos hacen cuentas. As\u00ed se determina un nuevo volumen de producci\u00f3n. Algunos continuar\u00e1n a p\u00e9rdida para no abandonar mercados (ej. las bodegas mendocinas), otros decidir\u00e1n no cosechar (ej. peras de R\u00edo Negro), otros elegir\u00e1n no expandirse (ej. arroz en Chaco y Formosa) o irse (ej. peque\u00f1as producciones de arroz en Entre R\u00edos o empresas de software que se mudan a Uruguay), otros no reinvertir en lo suyo o abandonar\u00e1n proyectos de diversificaci\u00f3n. La consecuencia es siempre menor producci\u00f3n.<\/span><\/p>\n<p style=\"text-align: justify;\"><span style=\"font-family: tahoma, arial, helvetica, sans-serif; font-size: 12pt;\">Pero nuestros gobernantes en su infinita mala praxis lo ignoran.<\/span><\/p>\n<h5 style=\"text-align: justify;\"><span style=\"font-family: tahoma, arial, helvetica, sans-serif; font-size: 14pt;\"><strong>Propiedades<\/strong><\/span><\/h5>\n<p style=\"text-align: justify;\"><span style=\"font-family: tahoma, arial, helvetica, sans-serif; font-size: 12pt;\">Cada vez que hay alguna crisis pol\u00edtica y\/o econ\u00f3mica o problemas de reservas en el central, los precios de las propiedades caen. Esto es as\u00ed porque las propiedades valen seg\u00fan el ingreso de las personas.<\/span><\/p>\n<p style=\"text-align: justify;\"><span style=\"font-family: tahoma, arial, helvetica, sans-serif; font-size: 12pt;\">Si los gobernantes arruinan barrios a prop\u00f3sito (como peri\u00f3dicamente hacen) destruyen el valor inmobiliario del lugar.<\/span><\/p>\n<p style=\"text-align: justify;\"><span style=\"font-family: tahoma, arial, helvetica, sans-serif; font-size: 12pt;\">Destruyeron el Microcentro, primero con una interminable obra de repavimentaci\u00f3n de las calles (sacaron el asfalto para poner bloques de cemento), luego lo llenaron de l\u00fampenes que vend\u00edan droga a cielo abierto, luego con el <em>lockdown <\/em>de un a\u00f1o y medio. Consecuencia: los locales cerrados, las oficinas vac\u00edas. La desolaci\u00f3n. Eso tiene traducci\u00f3n en dinero. Propiedades que no se alquilan. Propiedades invendibles. Edificios bell\u00edsimos de la <em>belle \u00e9poque<\/em> que se van a venir abajo por falta de mantenimiento gracias a las expensas impagas. \u00bfCu\u00e1ntos galpones sin alquilar hay hoy en la Argentina? \u00bfCu\u00e1ntas plantas industriales? Eso es p\u00e9rdida de patrimonio para decenas de miles de propietarios argentinos. Particularmente doloroso para el peque\u00f1o inversor que vive de sus alquileres. Ni hablemos de los alquileres ca\u00eddos por la nueva ley de alquileres, asociados a una ca\u00edda del 20% \u00f3 m\u00e1s del valor de la propiedad, por sobreoferta. Si sumamos la p\u00e9rdida de valor de las millones de propiedades en todo el pa\u00eds, tenemos p\u00e9rdidas multimillonarias.<\/span><\/p>\n<h5 style=\"text-align: justify;\"><span style=\"font-family: tahoma, arial, helvetica, sans-serif; font-size: 14pt;\"><strong>Acceso a la propiedad<\/strong><\/span><\/h5>\n<p style=\"text-align: justify;\"><span style=\"font-family: tahoma, arial, helvetica, sans-serif; font-size: 12pt;\">Vamos a lo \u00faltimo. \u00bfC\u00f3mo es posible que nuestros abuelos y padres pudieran comprarse su vivienda y nosotros no podamos? No es que no se hacen viviendas en la Argentina. S\u00f3lo en la Ciudad de Buenos Aires se han hecho cientos de miles de viviendas en las villas 1-11-14, 31, 31 bis, 21, Rodrigo Bueno, y todas las que est\u00e1n linderas al FFCC. Todas estas edificaciones en el presente siglo. Viviendas donde los transas cobran suculentos alquileres. Pero hay un peque\u00f1o detalle: son propiedades sin escritura. No son propiedades vendibles en el mundo formal, porque no est\u00e1n en el Registro de la Propiedad. Por lo tanto, concluimos, s\u00ed se puede construir vivienda pero no en el mundo formal o no por los trabajadores formales.<\/span><\/p>\n<p style=\"text-align: justify;\"><span style=\"font-family: tahoma, arial, helvetica, sans-serif; font-size: 12pt;\">Comprar una vivienda \u201clegal\u201d es otra cosa. Y hoy, el trabajador no puede acceder. Nuestros abuelos iban a vacacionar a Las Toninas por hotel sindical, ten\u00edan un Renault 4, y se hac\u00edan su casa en Wilde o Lan\u00fas Oeste. Hoy es imposible. Se trabaja en negro o como monotributista, el dinero que se gana se va en el colegio parroquial o la prepaga, no hay cr\u00e9dito hipotecario. Las automotrices no fabrican autos para los trabajadores (chau Renault 4, Fitito, Citr\u00f6en 3cv).<\/span><\/p>\n\n\n\n<div class=\"wp-block-image\"><figure class=\"aligncenter size-full is-resized\"><img loading=\"lazy\" decoding=\"async\" src=\"https:\/\/saeeg.org\/wp-content\/uploads\/2021\/09\/IRIS-SPERONI-MALA-PRAXIS-4.png\" alt=\"\" class=\"wp-image-4236\" width=\"456\" height=\"548\" srcset=\"https:\/\/saeeg.org\/wp-content\/uploads\/2021\/09\/IRIS-SPERONI-MALA-PRAXIS-4.png 333w, https:\/\/saeeg.org\/wp-content\/uploads\/2021\/09\/IRIS-SPERONI-MALA-PRAXIS-4-250x300.png 250w\" sizes=\"auto, (max-width: 456px) 100vw, 456px\" \/><\/figure><\/div>\n\n\n\n<p style=\"text-align: justify;\"><span style=\"font-family: tahoma, arial, helvetica, sans-serif;\">Lo que se gana de sueldo, se deja la mitad en impuestos en el mostrador del almac\u00e9n o supermercado. Comprar una vivienda implica 1,5% para la AFIP, sellos, m\u00e1s tasas en el Registro. Los sueldos son de US$ 300 \u00bfC\u00f3mo hace un trabajador para tener una propiedad, a pesar de que los terrenos est\u00e9n baratos?<\/span><\/p>\n<p style=\"text-align: justify;\"><span style=\"font-family: tahoma, arial, helvetica, sans-serif;\">La \u00fanica respuesta de estos heraldos de la mala praxis es \u201chacer viviendas sociales\u201d, casas diminutas, horribles, sin persianas ni techos a dos aguas, mientras ellos viven en Puerto Madero o en countries. Gente horrible, que hace cosas horribles y desprecia a su pueblo.<\/span><\/p>\n\n\n\n<div class=\"wp-block-image\"><figure class=\"aligncenter size-full is-resized\"><img loading=\"lazy\" decoding=\"async\" src=\"https:\/\/saeeg.org\/wp-content\/uploads\/2021\/09\/IRIS-SPERONI-MALA-PRAXIS-5.png\" alt=\"\" class=\"wp-image-4237\" width=\"461\" height=\"283\"\/><\/figure><\/div>\n\n\n\n<p>Lo mismo sucede con las propiedades comerciales o industriales. Hoy un local inalquilable no vale nada. Dep\u00f3sitos, edificios para instalar f\u00e1bricas est\u00e1n sobre ofertados. Cuando hay par\u00e1lisis econ\u00f3mica, el valor de la propiedad se resiente.<\/p>\n<p>Ser propietario da libertad. Nada hace m\u00e1s libre a una persona que ser due\u00f1a de su techo, de su camioneta, de sus ahorros. Y ac\u00e1 est\u00e1 el peor efecto de la mala praxis de esta gente que pretende gobernarnos.<\/p>\n<p><strong>No hay que tenerles piedad.<\/strong><\/p>\n<p>\u00a0<\/p>\n<p style=\"text-align: justify;\"><span style=\"font-family: tahoma, arial, helvetica, sans-serif; font-size: 10pt;\"><strong><em>* Licenciada de Econom\u00eda (UBA), Master en Finanzas (UCEMA), Posgrado Agronegocios, Agronom\u00eda (UBA).<\/em><\/strong><\/span><\/p>\n<p><span style=\"font-family: tahoma, arial, helvetica, sans-serif; font-size: 10pt;\"><strong><em>Publicado originalmente en Restaurar.org <a href=\"http:\/\/restaurarg.blogspot.com\/2021\/09\/el-costo-de-la-mala-praxis.html\">http:\/\/restaurarg.blogspot.com\/2021\/09\/el-costo-de-la-mala-praxis.html<\/a> <\/em><\/strong><\/span><\/p>\n<p>\u00a0<\/p>\n","protected":false},"excerpt":{"rendered":"<p>Iris Speroni (gab: https:\/\/gab.com\/Iris_Speroni) Va a estar interesante el d\u00eda que a los gobernadores, senadores, ministros de econom\u00eda y de la producci\u00f3n de las provincias les caiga la ficha. &nbsp; \u00bfCu\u00e1nto nos cuesta la casta?&nbsp; \u00bfCu\u00e1nto nos cuesta la mala praxis de estos sujetos? Hagamos algunas cuentas en el aire. Perdemos plata por la ca\u00edda &hellip; <a href=\"https:\/\/saeeg.org\/index.php\/2021\/09\/07\/el-costo-de-la-mala-praxis\/\" class=\"more-link\">Seguir leyendo <span class=\"screen-reader-text\">EL COSTO DE LA MALA PRAXIS<\/span> <span class=\"meta-nav\">&rarr;<\/span><\/a><\/p>\n","protected":false},"author":2,"featured_media":0,"comment_status":"open","ping_status":"closed","sticky":false,"template":"","format":"standard","meta":{"footnotes":""},"categories":[77],"tags":[],"class_list":["post-4232","post","type-post","status-publish","format-standard","hentry","category-argentina-2"],"_links":{"self":[{"href":"https:\/\/saeeg.org\/index.php\/wp-json\/wp\/v2\/posts\/4232","targetHints":{"allow":["GET"]}}],"collection":[{"href":"https:\/\/saeeg.org\/index.php\/wp-json\/wp\/v2\/posts"}],"about":[{"href":"https:\/\/saeeg.org\/index.php\/wp-json\/wp\/v2\/types\/post"}],"author":[{"embeddable":true,"href":"https:\/\/saeeg.org\/index.php\/wp-json\/wp\/v2\/users\/2"}],"replies":[{"embeddable":true,"href":"https:\/\/saeeg.org\/index.php\/wp-json\/wp\/v2\/comments?post=4232"}],"version-history":[{"count":0,"href":"https:\/\/saeeg.org\/index.php\/wp-json\/wp\/v2\/posts\/4232\/revisions"}],"wp:attachment":[{"href":"https:\/\/saeeg.org\/index.php\/wp-json\/wp\/v2\/media?parent=4232"}],"wp:term":[{"taxonomy":"category","embeddable":true,"href":"https:\/\/saeeg.org\/index.php\/wp-json\/wp\/v2\/categories?post=4232"},{"taxonomy":"post_tag","embeddable":true,"href":"https:\/\/saeeg.org\/index.php\/wp-json\/wp\/v2\/tags?post=4232"}],"curies":[{"name":"wp","href":"https:\/\/api.w.org\/{rel}","templated":true}]}}