{"id":4707,"date":"2021-11-23T23:40:00","date_gmt":"2021-11-24T02:40:00","guid":{"rendered":"https:\/\/saeeg.org\/?p=4707"},"modified":"2021-11-24T00:57:57","modified_gmt":"2021-11-24T03:57:57","slug":"el-fenomeno-mapuche","status":"publish","type":"post","link":"https:\/\/saeeg.org\/index.php\/2021\/11\/23\/el-fenomeno-mapuche\/","title":{"rendered":"EL FEN\u00d3MENO MAPUCHE"},"content":{"rendered":"\n<p style=\"text-align: center;\"><span style=\"font-family: verdana, geneva, sans-serif;\"><strong><em>Comandante Espuela (Revista \u201cTiempo GNA\u201d*)<\/em><\/strong><\/span><\/p>\n\n\n\n<div class=\"wp-block-image\"><figure class=\"aligncenter size-full\"><img loading=\"lazy\" decoding=\"async\" width=\"795\" height=\"492\" src=\"https:\/\/saeeg.org\/wp-content\/uploads\/2021\/11\/EL-FENOMENO-MAPUCHE.png\" alt=\"\" class=\"wp-image-4708\" srcset=\"https:\/\/saeeg.org\/wp-content\/uploads\/2021\/11\/EL-FENOMENO-MAPUCHE.png 795w, https:\/\/saeeg.org\/wp-content\/uploads\/2021\/11\/EL-FENOMENO-MAPUCHE-300x186.png 300w, https:\/\/saeeg.org\/wp-content\/uploads\/2021\/11\/EL-FENOMENO-MAPUCHE-768x475.png 768w\" sizes=\"auto, (max-width: 795px) 100vw, 795px\" \/><\/figure><\/div>\n\n\n\n<p style=\"text-align: justify;\"><span style=\"font-family: tahoma, arial, helvetica, sans-serif; font-size: 12pt;\">En 1879 con la Campa\u00f1a al Desierto el General Julio A. Roca elimin\u00f3 la amenaza ind\u00edgena desde el sur de las provincias de Mendoza, C\u00f3rdoba y Buenos Aires hasta el R\u00edo Negro. Durante un siglo se vivi\u00f3 en paz y las salvajadas de los malones fueron olvidadas. Pero hacia 1990, con el colapso del mundo socialista, el tema del indigenismo, repentinamente cobr\u00f3 vigencia.<\/span><\/p>\n<p style=\"text-align: justify;\"><span style=\"font-family: tahoma, arial, helvetica, sans-serif; font-size: 12pt;\">A partir de ese momento, financiados y apoyados por intelectuales y fundaciones europeas, este grupo comenz\u00f3 a demandar entrega de tierras, tambi\u00e9n al derecho a una reparaci\u00f3n patrimonial hist\u00f3rica y al derecho de autogobierno. <strong>Para la polic\u00eda de Chubut todo comenz\u00f3 el 28 de diciembre de 2014 <\/strong>cuando un grupo de 4 encapuchados intercept\u00f3 un cami\u00f3n en El Mait\u00e9n sobre la Ruta 40. Gritando consigas separatistas del RAM, bajaron a golpes al conductor y arrojaron una bomba molotov al cami\u00f3n, incendi\u00e1ndolo completamente. Los RAM enfrentan denuncias penales de todo tipo por provocar m\u00e1s de decenas de incendios, robar ganado y atentar con armas de fuego contra empleados de la Compa\u00f1\u00eda de Tierras Sud Argentino, propiedad de Benetton. Tambi\u00e9n atentar contra la GNA. Habr\u00eda recibido millones de pesos a trav\u00e9s de fundaciones extranjeras y argentinas. De otra forma no podr\u00eda operar.<\/span><\/p>\n<p style=\"text-align: justify;\"><span style=\"font-family: tahoma, arial, helvetica, sans-serif; font-size: 12pt;\">Pero aqu\u00ed cabe un an\u00e1lisis, la fisonom\u00eda actual de un mapuche es la de un nativo de piel cobriza, estatura baja, que camina sin armon\u00eda, de pocas palabras y no es en absoluto el guerrero peligroso de otros siglos.<\/span><\/p>\n<p style=\"text-align: justify;\"><span style=\"font-family: tahoma, arial, helvetica, sans-serif; font-size: 12pt;\">El encapuchado de la <strong>foto <\/strong>no es de piel oscura, m\u00e1s bien tiene aspecto de un latino y se cubre para que no se advierta su origen. Esto hace pensar, \u00bfsi realmente el RAM es una organizaci\u00f3n pura de origen mapuche o tambi\u00e9n tiene personajes de ciudad, incluso de regiones m\u00e1s c\u00e1lidas\u2026?<\/span><span style=\"font-family: tahoma, arial, helvetica, sans-serif; font-size: 12pt;\"><strong>\u00a0<\/strong><\/span><\/p>\n<h5 style=\"text-align: justify;\"><span style=\"font-family: tahoma, arial, helvetica, sans-serif; font-size: 14pt;\"><strong>\u00bfUn segundo frente?<\/strong><\/span><\/h5>\n<p style=\"text-align: justify;\"><span style=\"font-family: tahoma, arial, helvetica, sans-serif; font-size: 12pt;\">Por una cuesti\u00f3n de imagen internacional, el gobierno de Chile, y el de Argentina, saben que para no afectar la llegada de inversores extranjeros, no pueden aceptar la existencia de un grupo guerrillero operando en su territorio.<\/span><\/p>\n<p style=\"text-align: justify;\"><span style=\"font-family: tahoma, arial, helvetica, sans-serif; font-size: 12pt;\">Por ello y al igual que un incendio deber\u00edan extinguirlo antes que sea demasiado tarde, de lo contrario se corre el riesgo de tener dos frentes: uno en el norte con el narcotr\u00e1fico y otro en el sur con una guerrilla.<\/span><\/p>\n<p style=\"text-align: justify;\"><span style=\"font-family: tahoma, arial, helvetica, sans-serif; font-size: 12pt;\"><strong>Una guerrilla es igual que un incendio, si no se lo extingue a tiempo se descontrola y todo lo destruye.<\/strong><\/span><span style=\"font-family: tahoma, arial, helvetica, sans-serif; font-size: 12pt;\"><strong>\u00a0<\/strong><\/span><\/p>\n<h5 style=\"text-align: justify;\"><span style=\"font-family: tahoma, arial, helvetica, sans-serif; font-size: 14pt;\"><strong>L\u00f3gica pura<\/strong><\/span><\/h5>\n<p style=\"text-align: justify;\"><span style=\"font-family: tahoma, arial, helvetica, sans-serif; font-size: 12pt;\">Pensar que Chile y Argentina en el siglo XXI van a ceder graciosamente una parte de su territorio a una fracci\u00f3n separatista mapuche es tan disparatado como gracioso.<\/span><\/p>\n<p style=\"text-align: justify;\">\u00a0<\/p>\n<p style=\"text-align: justify;\"><span style=\"font-family: tahoma, arial, helvetica, sans-serif; font-size: 10pt;\"><strong><em>* Revista independiente para el personal de la GNA, Tiempo GNA, N\u00ba 62 bis, noviembre de 2021.<\/em><\/strong><\/span><\/p>\n<p>\u00a0<\/p>\n","protected":false},"excerpt":{"rendered":"<p>Comandante Espuela (Revista \u201cTiempo GNA\u201d*) En 1879 con la Campa\u00f1a al Desierto el General Julio A. Roca elimin\u00f3 la amenaza ind\u00edgena desde el sur de las provincias de Mendoza, C\u00f3rdoba y Buenos Aires hasta el R\u00edo Negro. Durante un siglo se vivi\u00f3 en paz y las salvajadas de los malones fueron olvidadas. Pero hacia 1990, &hellip; <a href=\"https:\/\/saeeg.org\/index.php\/2021\/11\/23\/el-fenomeno-mapuche\/\" class=\"more-link\">Seguir leyendo <span class=\"screen-reader-text\">EL FEN\u00d3MENO MAPUCHE<\/span> <span class=\"meta-nav\">&rarr;<\/span><\/a><\/p>\n","protected":false},"author":2,"featured_media":0,"comment_status":"open","ping_status":"closed","sticky":false,"template":"","format":"standard","meta":{"footnotes":""},"categories":[77],"tags":[27,24,150,1460,45,1639,351],"class_list":["post-4707","post","type-post","status-publish","format-standard","hentry","category-argentina-2","tag-argentina","tag-chile","tag-chubut","tag-financiacion-del-terrorismo","tag-patagonia","tag-rio-negro","tag-terrorismo"],"_links":{"self":[{"href":"https:\/\/saeeg.org\/index.php\/wp-json\/wp\/v2\/posts\/4707","targetHints":{"allow":["GET"]}}],"collection":[{"href":"https:\/\/saeeg.org\/index.php\/wp-json\/wp\/v2\/posts"}],"about":[{"href":"https:\/\/saeeg.org\/index.php\/wp-json\/wp\/v2\/types\/post"}],"author":[{"embeddable":true,"href":"https:\/\/saeeg.org\/index.php\/wp-json\/wp\/v2\/users\/2"}],"replies":[{"embeddable":true,"href":"https:\/\/saeeg.org\/index.php\/wp-json\/wp\/v2\/comments?post=4707"}],"version-history":[{"count":0,"href":"https:\/\/saeeg.org\/index.php\/wp-json\/wp\/v2\/posts\/4707\/revisions"}],"wp:attachment":[{"href":"https:\/\/saeeg.org\/index.php\/wp-json\/wp\/v2\/media?parent=4707"}],"wp:term":[{"taxonomy":"category","embeddable":true,"href":"https:\/\/saeeg.org\/index.php\/wp-json\/wp\/v2\/categories?post=4707"},{"taxonomy":"post_tag","embeddable":true,"href":"https:\/\/saeeg.org\/index.php\/wp-json\/wp\/v2\/tags?post=4707"}],"curies":[{"name":"wp","href":"https:\/\/api.w.org\/{rel}","templated":true}]}}