{"id":471,"date":"2019-04-30T22:27:51","date_gmt":"2019-04-30T22:27:51","guid":{"rendered":"http:\/\/saeeg.org\/?p=471"},"modified":"2020-05-30T19:56:10","modified_gmt":"2020-05-30T22:56:10","slug":"barrabas","status":"publish","type":"post","link":"https:\/\/saeeg.org\/index.php\/2019\/04\/30\/barrabas\/","title":{"rendered":"BARRAB\u00c1S"},"content":{"rendered":"<p style=\"text-align: center;\"><em><strong><span style=\"font-family: verdana, geneva, sans-serif;\">F. Javier Blasco*<\/span><\/strong><\/em><\/p>\n<p style=\"text-align: center;\"><a href=\"http:\/\/saeeg.org\/wp-content\/uploads\/2019\/05\/spain-1758851_1280.png\"><img loading=\"lazy\" decoding=\"async\" class=\"alignnone wp-image-473 size-large\" src=\"http:\/\/saeeg.org\/wp-content\/uploads\/2019\/05\/spain-1758851_1280-1024x763.png\" alt=\"\" width=\"474\" height=\"353\" srcset=\"https:\/\/saeeg.org\/wp-content\/uploads\/2019\/05\/spain-1758851_1280-1024x763.png 1024w, https:\/\/saeeg.org\/wp-content\/uploads\/2019\/05\/spain-1758851_1280-300x224.png 300w, https:\/\/saeeg.org\/wp-content\/uploads\/2019\/05\/spain-1758851_1280-768x572.png 768w, https:\/\/saeeg.org\/wp-content\/uploads\/2019\/05\/spain-1758851_1280.png 1280w\" sizes=\"auto, (max-width: 474px) 100vw, 474px\" \/><\/a><\/p>\n<p style=\"text-align: center;\"><strong><em><span style=\"font-family: verdana, geneva, sans-serif; font-size: 10pt;\">Imagen de\u00a0<a href=\"https:\/\/pixabay.com\/es\/users\/GDJ-1086657\/?utm_source=link-attribution&amp;utm_medium=referral&amp;utm_campaign=image&amp;utm_content=1758851\">Gordon Johnson<\/a>\u00a0en\u00a0<a href=\"https:\/\/pixabay.com\/es\/?utm_source=link-attribution&amp;utm_medium=referral&amp;utm_campaign=image&amp;utm_content=1758851\">Pixabay<\/a>\u00a0<\/span><\/em><\/strong><\/p>\n<p style=\"text-align: justify;\"><span style=\"font-family: verdana, geneva, sans-serif;\">Barrab\u00e1s fue un famoso preso o un preso famoso del que hablan los cuatro evangelistas en sus relatos sobre la pasi\u00f3n de Jesucristo. Famoso, por ser el preso al que gracias a la presi\u00f3n popular, Poncio Pilatos ofreci\u00f3 liberar a cambio de la vida de Jes\u00fas en el extra\u00f1o proceso que acab\u00f3 con la crucifixi\u00f3n de este.<\/span><\/p>\n<p style=\"text-align: justify;\"><span style=\"font-family: verdana, geneva, sans-serif;\">Realmente, no se sabe a ciencia cierta quien fue dicho personaje; hay opiniones para todos los gustos tal y seg\u00fan se describe en el estudio de la referencia\u00a0<\/span><span style=\"font-family: verdana, geneva, sans-serif;\"><a href=\"#_edn1\" name=\"_ednref1\">[1]<\/a>; pero lo que s\u00ed se sabe, es que su vida y destino cambiaron porque el pueblo casi amotinado, sin importarle mucho su mal pasado, se lanz\u00f3 a las calles en solicitud de su liberalizaci\u00f3n permut\u00e1ndola por la condena a Jes\u00fas sin que los posibles y muy escasos \u201cpecados\u201d de \u00e9ste fueran ni tan graves ni comparables con los de aquel.<\/span><\/p>\n<p style=\"text-align: justify;\"><span style=\"font-family: verdana, geneva, sans-serif;\">Valga este ejemplo b\u00edblico para <em>iluminar y servir de ilustraci\u00f3n<\/em> del relato sobre el tema que quiero traer a colaci\u00f3n, dejando bien claro y por anticipaci\u00f3n que no est\u00e1 en mi intenci\u00f3n ni pensamiento crear una comparativa o un silogismo real entre ning\u00fan personaje implicado en aquel hecho y los que intervienen en la situaci\u00f3n y desenlace de la pol\u00edtica actual ocurrida y discurriendo en Espa\u00f1a.<\/span><\/p>\n<p style=\"text-align: justify;\"><span style=\"font-family: verdana, geneva, sans-serif;\">Aquellos que me conocen y siguen saben que soy, uno de los m\u00e1s grandes defensores del Pensamiento Cr\u00edtico, una ciencia o manera <em>sui generis<\/em> y muy eficiente de pensar y analizar la informaci\u00f3n que nos llega. Por ello, y siguiendo mi costumbre, seguir\u00e9 sus pasos<a href=\"#_edn2\" name=\"_ednref2\">[2]<\/a> para tratar de descifrar el verdadero mensaje y consecuencias de cada hecho seg\u00fan el personaje implicado en este vodevil que acabamos de vivir.<\/span><\/p>\n<p style=\"text-align: justify;\"><span style=\"font-family: verdana, geneva, sans-serif;\">Para empezar, nadie puede negar que se haya llegado a este proceso electoral tras una serie de situaciones, decisiones o imposiciones de mucha transcendencia \u2014algunas de considerable anomal\u00eda o por lo menos algo extra\u00f1as\u2014 acaecidas de forma sucesiva, aunque \u00faltimamente hab\u00edan quedado bastante amontonadas.<\/span><\/p>\n<p style=\"text-align: justify;\"><span style=\"font-family: verdana, geneva, sans-serif;\">Algunas fueron superadas a su manera o simplemente soslayadas sin m\u00e1s, con la indiferencia o el bochornoso silencio para ser quien eran el o los implicados en aquellas, escenas tan escabrosas que, en un pa\u00eds democr\u00e1tico est\u00e1ndar, hubieran dejado la inc\u00f3gnita de si iban a ser un verdadero problema a la hora del momento de votar. Aqu\u00ed en Espa\u00f1a, ni para valorar.<\/span><\/p>\n<p style=\"text-align: justify;\"><span style=\"font-family: verdana, geneva, sans-serif;\">Bien es cierto que han sido convenientemente adobadas, mezcladas, sazonadas y cocinadas para darles la vuelta y presentarlas como elementos o chascarrillos in\u00fatiles, banales, cuasi anecd\u00f3ticos, f\u00e1ciles de olvidar y poco dignos de ser guardados en el rinc\u00f3n m\u00e1s lejano o peque\u00f1o de la memoria, pasando para ello por una campa\u00f1a neutra y de puntillas en la que no se quer\u00eda debatir ni hablar de los asuntos referidos a la honradez ni de los verdaderos problemas que ata\u00f1en a los espa\u00f1oles a la econom\u00eda, a la ense\u00f1anza y al papel de Espa\u00f1a en la arena internacional.<\/span><\/p>\n<p style=\"text-align: justify;\"><span style=\"font-family: verdana, geneva, sans-serif;\">Sin embargo y por el otro lado, ciertos hechos muy testimoniales o de aparente poca relevancia por solo haber sido motivo suficiente para levantar los adormilados \u00e1nimos de aquellos que dicen amar y querer a Espa\u00f1a, igualmente sazonados y cocinados \u2014aunque de otra manera\u2014 se les ha dado la vuelta para mostrarlos a propios y extra\u00f1os como las peores amenazas para nuestra existencia, algo as\u00ed como el regreso a la Espa\u00f1a cainita, guerra civilista, la de Franco, la eternamente dividida entre rojos y azules e irreconciliable por muy lejos que quede aquella afrenta; en definitiva, las dos Espa\u00f1as de siempre.<\/span><\/p>\n<p style=\"text-align: justify;\"><span style=\"font-family: verdana, geneva, sans-serif;\">Hay que facilitar por su buen saber hacer el oficio a los art\u00edfices, animadores, impulsores, esclavos y amanuenses de todas las ama\u00f1adas campa\u00f1as medi\u00e1ticas, tertulias, la explotaci\u00f3n en las redes y el boca a boca por sus actos y comentarios infestos y repletos de mentiras, falacias que, estando bien urdidos, mascullados y magnificados, han sido motivo para crear los grandes temores capaces de movilizar a los realmente desconectados de la marcha de la pol\u00edtica y del futuro de Espa\u00f1a como naci\u00f3n, de su sociedad y econom\u00eda.<\/span><\/p>\n<p style=\"text-align: center;\"><img loading=\"lazy\" decoding=\"async\" class=\"alignnone size-full wp-image-472\" src=\"http:\/\/saeeg.org\/wp-content\/uploads\/2019\/05\/articulo-barrabas.png\" alt=\"\" width=\"286\" height=\"176\" \/><\/p>\n<p style=\"text-align: justify;\"><span style=\"font-family: verdana, geneva, sans-serif;\">Les felicito por su buen trabajo, aunque no por los resultados y la manera de lograrlos, a todos aquellos que han luchado con empe\u00f1o y denuedo para evitar que llegue la derechona fascista, dictatorial y totalmente controladora que \u201cpresuntamente\u201d pretende recortar los derechos y libertades logrados durante largos a\u00f1os en raz\u00f3n del sexo, inclinaci\u00f3n, tendencia, raza, modos, usos, condici\u00f3n social y salarial o pensamiento pol\u00edtico. Con todo ello, han conseguido movilizar a los suyos a base de usar el miedo esc\u00e9nico sobrecargando los gestos y actos a\u00fan a sabiendas de no ser ciertos, pero siempre en busca de buenos resultados.<\/span><\/p>\n<p style=\"text-align: justify;\"><span style=\"font-family: verdana, geneva, sans-serif;\">Por el contrario, recrimino a todo el inmenso n\u00famero de sordos y ciegos pol\u00edticos y personas m\u00e1s o menos responsables que, tras o a pesar de los muchos y constantes avisos, campanadas y luces de alarma, han mantenido sus f\u00e9rreas posturas de cr\u00edticas y guerra sucia casi cainita con los compa\u00f1eros de \u201cbando\u201d, pensando que todo ello no era m\u00e1s que campa\u00f1as de propaganda de los llamados perdedores o de la misma oposici\u00f3n porque ellos, y solo ellos, iban a alzarse con la victoria, la suya, a imagen y semejanza de la \u00faltima e in\u00fatil tras las elecciones regionales de Catalu\u00f1a; aquella de la que si recuerdan, realmente no sirvi\u00f3 de nada.<\/span><\/p>\n<p style=\"text-align: justify;\"><span style=\"font-family: verdana, geneva, sans-serif;\">Tambi\u00e9n deben entrar en el mismo saco de los reproches todos aquellos que, de forma irresponsable y a pesar de claros avisos de que su nueva apuesta era mala, siguieron a sus exaltados gu\u00edas de mitin en mitin y de red en red, autoconvenci\u00e9ndose de que su n\u00famero era el mayor de toda la oposici\u00f3n y de que votar a su partido, era la mejor soluci\u00f3n para vencer al perjuro. A pesar de los serios avisos y de todas las alarmas bien claras, hicieron de su capa un sallo y ahora sabemos que lo avisado era cierto y poco exagerado por lo que cientos de miles de aquellos votos, que por cierto eran tan necesarios, no valieron para nada y fueron directos al cubo de la basura<a href=\"#_edn3\" name=\"_ednref3\">[3]<\/a> donde ser quemados.<\/span><\/p>\n<p style=\"text-align: justify;\"><span style=\"font-family: verdana, geneva, sans-serif;\">Los resultados mostrados no se logran por si solos desde afuera s\u00f3lo con m\u00edtines o discursos m\u00e1s o menos manidos y mal intencionados. No, precisan de una serie de movimientos s\u00edsmicos internos y\/o cercanos calculados y provocados para que, cual terremotos de diverso grado, vayan limando voluntades y creencias para que finalmente se a\u00fanen los esfuerzos y entre todos lleven al traste la idea de la fuerte cohesi\u00f3n de Espa\u00f1a as\u00ed como el mantenimiento de las ra\u00edces, costumbres y sistemas educativos y de relaci\u00f3n social y familiar que han servido de ejemplo y modus operandi de la mayor parte de los europeos durante varios siglos.<\/span><\/p>\n<p style=\"text-align: justify;\"><span style=\"font-family: verdana, geneva, sans-serif;\">Los hay que alteran el resultado de las cosas a base provocar cierto malestar en forma de matraca continua gracias a exabruptos y propuestas muy at\u00edpicas en los partidos exaltados o de posiciones extrema, tanto a izquierdas o derechas, con los que llenar las cabezas de falsas ideas o p\u00e1jaros a aquellos que pretenden asaltar el poder f\u00e1cilmente para instaurar sus ideas al precio que sea y sin vacilar.<\/span><\/p>\n<p style=\"text-align: justify;\"><span style=\"font-family: verdana, geneva, sans-serif;\">A los anteriores, hay que unir los ataques de aquellos otros partidos que llevan a\u00f1os cambiando de idea y bando pero so\u00f1ando, esperando y desesperando por sobrepasar a sus inmediatos correligionarios, aunque, por falta de fuelle o escasa preparaci\u00f3n personal, nunca llegan a fraguar un proyecto y campa\u00f1a lo suficientemente capaz, por muchos ataques directos o golpes bajos y zancadillas que usen contra sus oficiales correligionarios.<\/span><\/p>\n<p style=\"text-align: justify;\"><span style=\"font-family: verdana, geneva, sans-serif;\">En este mismo orden de cosas, pero en otros escenarios, nos encontramos con los movimientos separatistas e independentistas que nada m\u00e1s ver en peligro sus proyectos, alcanzados o la posibilidad de no poder seguir en la senda de ir culminando hitos progresivos alarman y ponen al pie de guerra frente a las urnas \u2014con su voto en ristre\u2014 a sus huestes que, normalmente, viven dispersas en su mundo de yupis y totalmente desconectados de la realidad nacional.<\/span><\/p>\n<p style=\"text-align: justify;\"><span style=\"font-family: verdana, geneva, sans-serif;\">Para ello, basta mencionarles la posibilidad de perder todo tipo de prebendas que normalmente les llegan de las numerosas concesiones pol\u00edticas arrastradas durante a\u00f1os de manos de sucesivos gobiernos sin escr\u00fapulos que \u2014por lograr su tranquilidad personal\u2014 no dudaron en dejar su huella de cobardes y de mal pagano. Aunque en esta ocasi\u00f3n, a pesar de haberse empleado a fondo y celebrar sus \u201cbuenos\u201d resultados, no han sido tantos como lo fueron anta\u00f1o<a href=\"#_edn4\" name=\"_ednref4\">[4]<\/a>.<\/span><\/p>\n<p style=\"text-align: justify;\"><span style=\"font-family: verdana, geneva, sans-serif;\">Como suele ocurrir en la mayor\u00eda de pa\u00edses de la UE, siempre aparecen determinados espurios intereses debidos a movimientos pol\u00edticos y\/o lobbies extranjeros que mantienen a Espa\u00f1a entre sus objetivos a alcanzar, lugares de donde sacar tajada o como el terreno donde sembrar la semilla de cualquier mal desde el que poco a poco pueda irse extendiendo a pa\u00edses amigos y cercanos.<\/span><\/p>\n<p style=\"text-align: justify;\"><span style=\"font-family: verdana, geneva, sans-serif;\">Situaci\u00f3n aquella que se ve facilitada por la progresiva y constante desestabilizaci\u00f3n y degradaci\u00f3n de Europa donde en los \u00faltimos tiempos, y cual fina lluvia, estos movimientos y sentimientos van calando y produciendo sus efectos como una mala simiente que va creciendo y extendiendo para acabar con los principios sociales derivados de la religi\u00f3n cat\u00f3lica y sus viejas leyes y normas de convivencia aceptadas y practicadas durante siglos.<\/span><\/p>\n<p style=\"text-align: justify;\"><span style=\"font-family: verdana, geneva, sans-serif;\">La exaltaci\u00f3n, exageraci\u00f3n y exasperaciones de todo tipo de movimientos ciertamente extremistas que florecen en cualquier ambiente y rinc\u00f3n del mundo occidental en una irresponsable y a veces irreverente defensa numantina de ideas sobre nuevos o viejos principios que jam\u00e1s nos hab\u00edan interesado o preocupado m\u00ednimamente como: los animalistas, veganos, verdes, feministas, no nucleares, pacifistas, antitabaco, LGTBI, okupas, manteros, facilitadores de la inmigraci\u00f3n indiscriminada, etc&#8230; Lo que, unido a una casi completa falta de cultura o la ausencia de ella, aunque alg\u00fan d\u00eda se poseyera, hacen que los partidos que los adoptan y dan cobijo suban en perjuicio de los que no lo hacen, les combaten o ignoran.<\/span><\/p>\n<p style=\"text-align: justify;\"><span style=\"font-family: verdana, geneva, sans-serif;\">Los movimientos y actitudes totalmente impostadas y adoptadas durante las campa\u00f1as por los partidos que realmente tienen y defienden idearios muy diferentes para disimular su vileza y aparentar, mediante el falaz enga\u00f1o, no ser tan fieros o perjudiciales como los dem\u00e1s les pintan; a pesar de rallar con lo irrisorio, suelen dar buenos r\u00e9ditos y recuperar votos de entre aquellos seguidores que se dejan enga\u00f1ar f\u00e1cilmente.<\/span><\/p>\n<p style=\"text-align: justify;\"><span style=\"font-family: verdana, geneva, sans-serif;\">Igualmente sucede con la falta de escr\u00fapulos \u2014en general, de la izquierda y su enorme capacidad para el disimulo\u2014 para provocar el olvido o el encubrimiento de sus grandes corrupciones y vilezas, tratando de ocultarlas, depreciarlas y as\u00ed tratar de evitar que nunca sean puestas en las balanzas comparativas por aquello de que su afilado fiel, suele ser muy traicionero y nunca miente al que quiere saber su verdadero valor o peso.<\/span><\/p>\n<p style=\"text-align: justify;\"><span style=\"font-family: verdana, geneva, sans-serif;\">Por \u00faltimo, y no por ello menos importante, nos tropezamos con los propios errores de un PP \u2014la mayor\u00eda arrastrados durante a\u00f1os y bajo otros mandos\u2014 a base de ciertos y grandes complejos o temores infundados; tambi\u00e9n \u2014como en la mayor\u00eda de los partidos\u2014 por no haber evitado nutrirse de personas sin escr\u00fapulos, corruptos, tr\u00e1nsfugas, mentirosos, in\u00fatiles, poco formados y aprovechados que han dado al traste con la ilusi\u00f3n y el apoyo de miles o millones de votantes convencidos y muy esperanzados.<\/span><\/p>\n<p style=\"text-align: justify;\"><span style=\"font-family: verdana, geneva, sans-serif;\">Caldo de cultivo para que dichos penosos infiltrados aparezcan en los medios de propaganda poco afines, ingresen en la c\u00e1rcel antes o tras ser juzgados con toda notoriedad o caigan en las redes de aquellos ruines ya mencionados que juegan en \u201cpol\u00edtica\u201d diciendo y anunciando que proceden del propio partido y por ello, aunque con ligeras desavenencias y ciertos matices, \u201cson del mismo bando\u201d, pero realmente lo que tienen es una gran capacidad de disimulo y enga\u00f1o para atraer al incauto, al aprovechado o al desecho de tienta a unos brazos envenenados que s\u00f3lo buscan tras el abrazo del oso, su voto y el de aquellos que este arrastra para irles robando a los populares esca\u00f1o tras esca\u00f1o.<\/span><\/p>\n<p style=\"text-align: justify;\"><span style=\"font-family: verdana, geneva, sans-serif;\">No limpiar a tiempo las sentinas podridas, vacilar en el rumbo y direcci\u00f3n contra el viento y la marea o por ser atrevidos, ir\u00e1n a chocar contra s\u00f3lidos icebergs pudiendo provocar una epidemia de ratas o hacer zozobrar al buque m\u00e1s capaz y s\u00f3lido que, distra\u00eddo y autoconvencido, navega haciendo caso omiso a todo tipo de avisos.<\/span><\/p>\n<p style=\"text-align: justify;\"><span style=\"font-family: verdana, geneva, sans-serif;\">Como complemento a lo anterior, cabe decir que la falta de seriedad y calidad pol\u00edtica de los diferentes partidos hace que a veces se juegue al oportunismo y se use un ardid por el que, al igual que ya ocurri\u00f3 anta\u00f1o, muchas personas, sobre todo bastantes mujeres, se rijan por el porte, cara o hermosura aparente de aquellos que ocupan dichos cargos. S\u00ed los pol\u00edticos hacen un gran culto a su ego o al narcisismo<a href=\"#_edn5\" name=\"_ednref5\">[5]<\/a> y los votantes s\u00f3lo nos fijamos en sus dotes de belleza y no en sus cualidades de liderazgo, preparaci\u00f3n, experiencia y entereza, vamos directamente al fracaso.<\/span><\/p>\n<p style=\"text-align: justify;\"><span style=\"font-family: verdana, geneva, sans-serif;\">Ahora nos queda un largo trecho por delante, puede f\u00e1cilmente llegar a ser de cuatro a\u00f1os. Los ciudadanos han tenido la oportunidad de votar a una gran variedad de partidos y han elegido \u2014a sabiendas que hac\u00edan mal\u2014 ya que su voto se perd\u00eda para siempre. Tambi\u00e9n han decidido salvar a su propio Barrab\u00e1s tan aclamado en la noche electoral para perdonarle, al mismo tiempo, todos sus pecados, males, errores, defectos y enga\u00f1os conocidos \u2014desde el principio hasta en el \u00faltimo debate electoral\u2014.<\/span><\/p>\n<p style=\"text-align: justify;\"><span style=\"font-family: verdana, geneva, sans-serif;\">Todo aquello, con tal de anular al candidato que llevaba menos tiempo de preparaci\u00f3n y en la arena de la responsabilidad real, que se presentaba bien respaldado, con menos bagajes y ambages sucios o poco limpios en su mochila; el que mostraba una gran dosis de seriedad y buena voluntad a pesar de la losa que lleva sobre sus hombros heredada tras a\u00f1os, tras muchos desaciertos ajenos.<\/span><\/p>\n<p style=\"text-align: justify;\"><span style=\"font-family: verdana, geneva, sans-serif;\">Ha sucedido as\u00ed, simplemente porque \u00e9l parec\u00eda ser el designado a unificar de nuevo al centro-derecha. Un espectro partido en tres trozos muy diferenciados, poco arm\u00f3nicos y casi en lucha feroz por culpa de sus malas pol\u00edticas, diversas corruptelas y, sobre todo, por sus muy personalistas y ambiciosos liderazgos.<\/span><\/p>\n<p style=\"text-align: justify;\"><span style=\"font-family: verdana, geneva, sans-serif;\">Llego a la conclusi\u00f3n de que a la vista del papel que se le hab\u00eda otorgado y, s\u00f3lo por ello, ten\u00eda que ser destronado. Las fuerzas internas y externas que impulsan a las izquierdas y derechas, los separatistas y nacionalistas, ciertos lobbies publicitarios y econ\u00f3micos y algunos intereses ajenos y extra\u00f1os a Espa\u00f1a se han confabulado, o al menos, todos han aportado algo, para que este nuevo \u201csalvador\u201d no llegara a su cargo.<\/span><\/p>\n<p style=\"text-align: justify;\"><span style=\"font-family: verdana, geneva, sans-serif;\">La soluci\u00f3n al tema de las derechas es francamente dif\u00edcil si se deja en sus manos y no en las de los votantes; de momento, a pesar de que por su mala cabeza o intenci\u00f3n pudo ser y no ha sido<a href=\"#_edn6\" name=\"_ednref6\">[6]<\/a>, la situaci\u00f3n apunta a que todos ellos mantienen posturas irreconciliables y seguir\u00e1n despreciando nuestros votos y deseos mostrados claramente cuando fuimos juntos a la plaza de Col\u00f3n, en defensa de nuestra naci\u00f3n y no de sus poltronas respectivas.<\/span><\/p>\n<p style=\"text-align: justify;\"><span style=\"font-family: verdana, geneva, sans-serif;\">Todo seguir\u00e1 por el mismo camino<a href=\"#_edn7\" name=\"_ednref7\">[7]<\/a> y los que contin\u00faan pensando que la famosa foto de aquella mencionada cita fue el principio del triunfo de la derecha o de su partido sobre un \u201csanchismo\u201d ruinmente vendido a los separatismos, se volver\u00e1n a confundir porque, precisamente ese momento, fue la excusa y punto de partida para que nuestro Barrab\u00e1s lanzara el toque de Diana para iniciar el movimiento de sus masas adormiladas o dolidas por los resultados de las pasadas elecciones en Andaluc\u00eda y le salvaran su pellejo y cuello al menos por un tiempo prudencial.<\/span><\/p>\n<p style=\"text-align: justify;\"><span style=\"font-family: verdana, geneva, sans-serif;\">S\u00e1nchez, con mucho acierto por su parte y por los grandes errores de sus contrincantes, ser\u00e1 investido de nuevo como presidente a pesar de todo lo suyo y muy malo conocido gracias al necesario apoyo de muchos espa\u00f1oles que directa o indirectamente se lo han permitido, aunque realmente se hayan obtenido m\u00e1s votos entre los tres de centro-derecha (PP, C\u2019s y Vox) que la natural coalici\u00f3n de izquierdas (PSOE y Podemos)<a href=\"#_edn8\" name=\"_ednref8\">[8]<\/a>. Espa\u00f1a sigue estando dividida en dos tras d\u00e9cadas de \u201cesperanzadora convivencia\u201d. No tenemos soluci\u00f3n.<\/span><\/p>\n<p style=\"text-align: justify;\"><span style=\"font-family: verdana, geneva, sans-serif;\">S\u00f3lo nos resta saber qu\u00e9 har\u00e1 el escurridizo y cambiante S\u00e1nchez para formar gobierno tras haberle dado mucha al pico y despu\u00e9s de tanto cante a izquierdas y derechas con Iglesias, Rivera, algunos nacionalistas, separatistas y hasta filo etarras por si fueran necesarios. Ahora parece que, tras ofrecerse a unos para luego despreciarlos y ponerle la miel en la boca a Iglesias como medio de salvarle de su derrota, quiere salir s\u00f3lo al ruedo, sin compa\u00f1\u00eda ni ataduras que le manejen el tim\u00f3n del enredo<a href=\"#_edn9\" name=\"_ednref9\">[9]<\/a>. Veremos.<\/span><\/p>\n<p style=\"text-align: justify;\"><span style=\"font-family: verdana, geneva, sans-serif;\">Cada uno tendr\u00e1 su propia justificaci\u00f3n, excusa, y consuelo. Pocos reconocer\u00e1n que se han equivocado o se fustigar\u00e1n por haberse dejado llevar de la mano de aquellos \u201carc\u00e1ngeles del mal\u201d que, dotados de p\u00edfanos, arpas, tambores y trompetas, entonaban c\u00e1nticos de bellas sirenas para anunciar a pleno pulm\u00f3n una aplastante victoria propia, a pesar de los muchos avisos sobre los peligros de continuar por tal camino. Otra vez Barrab\u00e1s sali\u00f3 triunfante al balc\u00f3n para recibir su propio ba\u00f1o en olor de multitudes. Se dice que la historia se suele repetir, pero en Espa\u00f1a es ya una autentica tradici\u00f3n.<\/span><\/p>\n<p style=\"text-align: justify;\"><span style=\"font-family: verdana, geneva, sans-serif;\">Ahora, todos de puente y dentro de unos d\u00edas a volver a votar con el mismo patr\u00f3n. As\u00ed va Espa\u00f1a.<\/span><\/p>\n<p style=\"text-align: justify;\"><span style=\"font-family: verdana, geneva, sans-serif; font-size: 10pt;\"><strong><em>* Coronel de Ej\u00e9rcito de Tierra (Reserva), Diplomado de Estado Mayor, con experiencia de m\u00e1s de 40 a\u00f1os en las FAS.<\/em><\/strong><\/span><\/p>\n<p>&nbsp;<\/p>\n<p><strong>Referencias<\/strong><\/p>\n<p style=\"text-align: justify;\"><span style=\"font-family: verdana, geneva, sans-serif; font-size: 10pt;\"><a href=\"#_ednref1\" name=\"_edn1\">[1]<\/a> \u00bfQui\u00e9n era Barrab\u00e1s? <em>El Espejo del evangelio<\/em>, &lt;https:\/\/web.espejodelevangelio.com\/quien-era-barrabas\/&gt;.<\/span><\/p>\n<p style=\"text-align: justify;\"><span style=\"font-family: verdana, geneva, sans-serif; font-size: 10pt;\"><a href=\"#_ednref2\" name=\"_edn2\">[2]<\/a> \u201cPensamiento cr\u00edtico y an\u00e1lisis estructurado\u201d, 29\/09\/2014, &lt;https:\/\/sites.google.com\/site\/articulosfjavierblasco\/articulo-critical-thinking&gt;.<\/span><\/p>\n<p style=\"text-align: justify;\"><span style=\"font-family: verdana, geneva, sans-serif; font-size: 10pt;\"><a href=\"#_ednref3\" name=\"_edn3\">[3]<\/a> Enrique Delgado Sanz, \u201cLos 700.000 votos (in\u00fatiles) de Vox que penalizaron al centro-derecha\u201d. <em>ABC<\/em>, 30\/04\/2019, &lt;https:\/\/www.abc.es\/elecciones\/elecciones-generales\/abci-700000-votos-inutiles-penalizaron-centro-derecha-201904292324_noticia.html&gt;.<\/span><\/p>\n<p style=\"text-align: justify;\"><span style=\"font-family: verdana, geneva, sans-serif; font-size: 10pt;\"><a href=\"#_ednref4\" name=\"_edn4\">[4]<\/a> Gonzaga Dur\u00e1n. \u201cEl independentismo catal\u00e1n pierde 500.000 votos con respecto a las auton\u00f3micas de 2017\u201d. <em>OK Diario<\/em>, 30\/04\/2019, &lt;https:\/\/okdiario.com\/espana\/independentismo-catalan-pierde-500-000-votos-respecto-autonomicas-2017-4050219&gt;.<\/span><\/p>\n<p style=\"text-align: justify;\"><span style=\"font-family: verdana, geneva, sans-serif; font-size: 10pt;\"><a href=\"#_ednref5\" name=\"_edn5\">[5]<\/a> \u201cLas 25 frases m\u00e1s sonrojantes de &#8216;Manual de Resistencia&#8217;, el libro de Pedro S\u00e1nchez\u201d. <em>Libertad <\/em>Digital, 24\/02\/2019, https:\/\/www.libertaddigital.com\/espana\/2019-02-24\/25-frases-sonrojantes-de-manual-de-resistencia-el-libro-de-pedro-sanchez-1276633683\/<\/span><\/p>\n<p style=\"text-align: justify;\"><span style=\"font-family: verdana, geneva, sans-serif; font-size: 10pt;\"><a href=\"#_ednref6\" name=\"_edn6\">[6]<\/a> Luz Sela. \u201cPP, C\u2019s y Vox tendr\u00edan la mayor\u00eda absoluta a tiro de haber ido unidos a las urnas\u201d. <em>Ok Diario<\/em>, 29\/04\/2019, &lt;https:\/\/okdiario.com\/espana\/pp-cs-vox-tendrian-mayoria-absoluta-tiro-haber-ido-unidos-urnas-4050909&gt;.<\/span><\/p>\n<p style=\"text-align: justify;\"><span style=\"font-family: verdana, geneva, sans-serif; font-size: 10pt;\"><a href=\"#_ednref7\" name=\"_edn7\">[7]<\/a> \u201cElecciones 2019: Santiago Abascal: \u2018Ni vamos a cambiar un \u00e1pice el discurso ni vamos a reintegrarnos en el PP\u2019\u201d. <em>El Mundo<\/em>, 29\/04\/2019, &lt;<a href=\"https:\/\/www.elmundo.es\/espana\/2019\/04\/29\/5cc6dfd321efa0ac1b8b458e.html\">https:\/\/www.elmundo.es\/espana\/2019\/04\/29\/5cc6dfd321efa0ac1b8b458e.html<\/a>&gt;. Olaya Gonz\u00e1lez. \u201cArrimadas descarta apoyar al PSOE y asegura que Cs liderar\u00e1 la oposici\u00f3n\u201d. <em>La Raz\u00f3n<\/em>, 29\/04\/2019, &lt;https:\/\/www.larazon.es\/elecciones-generales\/arrimadas-descarta-apoyar-al-psoe-y-asegura-que-cs-liderara-la-oposicion-CB23114666&gt;.<\/span><\/p>\n<p style=\"text-align: justify;\"><span style=\"font-family: verdana, geneva, sans-serif; font-size: 10pt;\"><a href=\"#_ednref8\" name=\"_edn8\">[8]<\/a> M.A. Ruiz Coll. \u201cEl tripartito de centroderecha suma 63.000 votos m\u00e1s que PSOE y Podemos pero tiene 16 esca\u00f1os menos\u201d. <em>Ok Diario<\/em>, 29\/04\/2019, &lt;https:\/\/okdiario.com\/espana\/tripartito-centroderecha-suma-63-000-votos-mas-que-psoe-podemos-pero-tiene-16-escanos-menos-4048604&gt;.<\/span><\/p>\n<p style=\"text-align: justify;\"><span style=\"font-family: verdana, geneva, sans-serif; font-size: 10pt;\"><a href=\"#_ednref9\" name=\"_edn9\">[9]<\/a> Ignacio Camacho. \u201cDeber y querer\u201d. <em>ABC<\/em>, 30\/04\/2019, &lt;https:\/\/www.abc.es\/opinion\/abci-deber-y-querer-201904300007_noticia.html&gt;.<\/span><\/p>\n","protected":false},"excerpt":{"rendered":"<p>F. Javier Blasco* Imagen de\u00a0Gordon Johnson\u00a0en\u00a0Pixabay\u00a0 Barrab\u00e1s fue un famoso preso o un preso famoso del que hablan los cuatro evangelistas en sus relatos sobre la pasi\u00f3n de Jesucristo. Famoso, por ser el preso al que gracias a la presi\u00f3n popular, Poncio Pilatos ofreci\u00f3 liberar a cambio de la vida de Jes\u00fas en el extra\u00f1o &hellip; <a href=\"https:\/\/saeeg.org\/index.php\/2019\/04\/30\/barrabas\/\" class=\"more-link\">Seguir leyendo <span class=\"screen-reader-text\">BARRAB\u00c1S<\/span> <span class=\"meta-nav\">&rarr;<\/span><\/a><\/p>\n","protected":false},"author":2,"featured_media":0,"comment_status":"open","ping_status":"open","sticky":false,"template":"","format":"standard","meta":{"footnotes":""},"categories":[41,63],"tags":[],"class_list":["post-471","post","type-post","status-publish","format-standard","hentry","category-espana","category-opinion"],"_links":{"self":[{"href":"https:\/\/saeeg.org\/index.php\/wp-json\/wp\/v2\/posts\/471","targetHints":{"allow":["GET"]}}],"collection":[{"href":"https:\/\/saeeg.org\/index.php\/wp-json\/wp\/v2\/posts"}],"about":[{"href":"https:\/\/saeeg.org\/index.php\/wp-json\/wp\/v2\/types\/post"}],"author":[{"embeddable":true,"href":"https:\/\/saeeg.org\/index.php\/wp-json\/wp\/v2\/users\/2"}],"replies":[{"embeddable":true,"href":"https:\/\/saeeg.org\/index.php\/wp-json\/wp\/v2\/comments?post=471"}],"version-history":[{"count":0,"href":"https:\/\/saeeg.org\/index.php\/wp-json\/wp\/v2\/posts\/471\/revisions"}],"wp:attachment":[{"href":"https:\/\/saeeg.org\/index.php\/wp-json\/wp\/v2\/media?parent=471"}],"wp:term":[{"taxonomy":"category","embeddable":true,"href":"https:\/\/saeeg.org\/index.php\/wp-json\/wp\/v2\/categories?post=471"},{"taxonomy":"post_tag","embeddable":true,"href":"https:\/\/saeeg.org\/index.php\/wp-json\/wp\/v2\/tags?post=471"}],"curies":[{"name":"wp","href":"https:\/\/api.w.org\/{rel}","templated":true}]}}