{"id":483,"date":"2019-05-10T03:14:19","date_gmt":"2019-05-10T03:14:19","guid":{"rendered":"http:\/\/saeeg.org\/?p=483"},"modified":"2019-05-25T05:43:53","modified_gmt":"2019-05-25T05:43:53","slug":"el-festival-argentino-usa-una-ventana-cultural-ibeoramerica-en-estados-unidos","status":"publish","type":"post","link":"https:\/\/saeeg.org\/index.php\/2019\/05\/10\/el-festival-argentino-usa-una-ventana-cultural-ibeoramerica-en-estados-unidos\/","title":{"rendered":"EL FESTIVAL ARGENTINO USA. UNA VENTANA CULTURAL A IBEORAM\u00c9RICA EN ESTADOS UNIDOS."},"content":{"rendered":"<p style=\"text-align: center;\"><span style=\"font-family: verdana, geneva, sans-serif;\"><strong>S\u00e1bado 11 de mayo de 2019<\/strong><\/span><\/p>\n<p style=\"text-align: center;\"><span style=\"font-family: verdana, geneva, sans-serif;\"><strong>Kenmore Auditorium, Arlington<\/strong><\/span><\/p>\n<p style=\"text-align: justify;\"><span style=\"font-family: verdana, geneva, sans-serif;\">Daniel Manzoni se exili\u00f3 de la Argentina en la d\u00e9cada del 70. Al radicarse en los Estados Unidos debi\u00f3 sortear todas las vicisitudes propias de todo joven que se instala en otro pa\u00eds. El idioma fue otro de sus primeros obst\u00e1culos. Sin embargo, ello no le impidi\u00f3 so\u00f1ar y darle forma a su sue\u00f1o.<\/span><\/p>\n<p style=\"text-align: justify;\"><span style=\"font-family: verdana, geneva, sans-serif;\">En una entrevista, el propio Manzoni cuenta c\u00f3mo fueron esos a\u00f1os y c\u00f3mo empez\u00f3 a concretarlo, para lo cual se tom\u00f3 unos tres a\u00f1os que \u00e9l denomina como \u201cun proceso de incubadora\u201d. El proyecto surgi\u00f3 a partir del desarraigo de muchos hispanos que llegaron a los Estados Unidos con la intenci\u00f3n de participar de su cultura c\u00edvica, seg\u00fan expres\u00f3 Manzoni.<\/span><\/p>\n<p style=\"text-align: justify;\"><span style=\"font-family: verdana, geneva, sans-serif;\">Como le gustaban los libros, un amigo le sugiri\u00f3 que se ofreciera como voluntario en la biblioteca p\u00fablica Arlington, en la que \u2014en ese momento\u2014 no hab\u00eda un asistente de bibliotecario, por lo que se propuso ser un <em>bilingual librar\u00edan<\/em>. Mientras tanto fue haciendo investigaciones sobre la comunidad con respecto a las posibilidades de hacer un festival y, a esos efectos, cre\u00f3 un comit\u00e9 argentino.<\/span><\/p>\n<p style=\"text-align: justify;\"><span style=\"font-family: verdana, geneva, sans-serif;\">En 1988 pudo plasmar su idea realizando el <strong>Primer Festival Argentino<\/strong>, el cual se celebr\u00f3 el 25 de mayo, fecha que en la Argentina es considerada una Fiesta Patria en conmemoraci\u00f3n del que se considera el Primer Gobierno Patrio, la Primera Junta de Gobierno, la cual se form\u00f3 en 1810 en oportunidad de la invasi\u00f3n napole\u00f3nica a Espa\u00f1a. De ese primer festival celebrado en Washington participaron las reconocidas folkloristas <strong>Teresa Parodi<\/strong> y <strong>Ramona Galarza<\/strong>.<\/span><\/p>\n<p style=\"text-align: center;\"><a href=\"http:\/\/saeeg.org\/wp-content\/uploads\/2019\/05\/FESTIVAL-ARGENTINA-USA-1988.png\"><img loading=\"lazy\" decoding=\"async\" class=\"aligncenter wp-image-484\" src=\"http:\/\/saeeg.org\/wp-content\/uploads\/2019\/05\/FESTIVAL-ARGENTINA-USA-1988-240x300.png\" alt=\"\" width=\"400\" height=\"500\" srcset=\"https:\/\/saeeg.org\/wp-content\/uploads\/2019\/05\/FESTIVAL-ARGENTINA-USA-1988-240x300.png 240w, https:\/\/saeeg.org\/wp-content\/uploads\/2019\/05\/FESTIVAL-ARGENTINA-USA-1988.png 450w\" sizes=\"auto, (max-width: 400px) 100vw, 400px\" \/><\/a><\/p>\n<p style=\"text-align: center;\"><span style=\"font-size: 10pt;\"><strong><span style=\"font-family: verdana, geneva, sans-serif;\">Primer Festival Argentino USA, 1988<\/span><\/strong><\/span><\/p>\n<p style=\"text-align: justify;\"><span style=\"font-family: verdana, geneva, sans-serif;\">Daniel Manzoni recuerda que se trat\u00f3 de un comienzo muy modesto, pero fue la inauguraci\u00f3n de un festival que, desde entonces, se organiza todos los meses de mayo en Washington. Debido a la falta de recursos, los primeros festivales contaron m\u00e1s con artistas locales, algunos de los cuales tampoco eran ciudadanos argentinos pero que contribu\u00edan cabalmente en la difusi\u00f3n de la cultura argentina. De tal modo, que el <strong>Festival Argentino USA <\/strong>es, en verdad, un festival de Iberoam\u00e9rica ya que participan actores de diversos pa\u00edses. A los artistas de Bolivia o de Per\u00fa, por ejemplo, a esta 32\u00aa versi\u00f3n del <strong>Festival Argentino USA<\/strong> se sumar\u00e1 una pareja rusa que bailar\u00e1 tango. <strong><em>Liza y Alexey Semyonov<\/em><\/strong> son dos bailarines amateurs de tango, originarios de Rusia, quienes se conocieron mientras obten\u00edan sus t\u00edtulos de matem\u00e1ticas y han estado casados por m\u00e1s de 30 a\u00f1os. Recientemente, han trabajado con la famosa bailarina y core\u00f3grafa argentina <strong><em>Carina Losano<\/em><\/strong>, quien fue la instructora oficial de Tango de la Embajada Argentina en Washington DC.<\/span><\/p>\n<p style=\"text-align: center;\"><a href=\"http:\/\/saeeg.org\/wp-content\/uploads\/2019\/05\/DANIEL-MANZONI-Y-EL-FESTIVAL.png\"><img loading=\"lazy\" decoding=\"async\" class=\"aligncenter wp-image-485\" src=\"http:\/\/saeeg.org\/wp-content\/uploads\/2019\/05\/DANIEL-MANZONI-Y-EL-FESTIVAL-214x300.png\" alt=\"\" width=\"400\" height=\"560\" srcset=\"https:\/\/saeeg.org\/wp-content\/uploads\/2019\/05\/DANIEL-MANZONI-Y-EL-FESTIVAL-214x300.png 214w, https:\/\/saeeg.org\/wp-content\/uploads\/2019\/05\/DANIEL-MANZONI-Y-EL-FESTIVAL.png 435w\" sizes=\"auto, (max-width: 400px) 100vw, 400px\" \/><\/a><\/p>\n<p style=\"text-align: center;\"><span style=\"font-size: 10pt;\"><strong><span style=\"font-family: verdana, geneva, sans-serif;\">Daniel Manzoni con el afiche del 29\u00b0 Festival Argentino USA<\/span><\/strong><\/span><\/p>\n<p style=\"text-align: justify;\"><span style=\"font-family: verdana, geneva, sans-serif;\">La maestra de ceremonia de esta versi\u00f3n 2019 del festival ser\u00e1 la conductora boliviana <strong><em>Arely P\u00e9rez<\/em><\/strong>.<\/span><\/p>\n<p style=\"text-align: justify;\"><span style=\"font-family: verdana, geneva, sans-serif;\">El <strong>Festival Argentino USA 2019<\/strong> ser\u00e1 un encuentro con las atracciones de la cocina argentina \u2014carne argentina y carne estadounidense preparada al estilo argentino, chorip\u00e1n, empanadas, alfajores, etc.\u2014, con la m\u00fasica y con la cultura en general ya que tambi\u00e9n participar\u00e1n escritores del <strong><em>C\u00edrculo Literario Letras Vivas<\/em><\/strong>.<\/span><\/p>\n<p style=\"text-align: justify;\"><span style=\"font-family: verdana, geneva, sans-serif;\">El <strong>32\u00b0 Festival Argentino USA<\/strong> tendr\u00e1 como sede el <strong><em>Kenmore Auditorium<\/em><\/strong>, 200 South Carlin Spring Road, Arlington, el cual cuenta con una amplia galer\u00eda que brinda un mayor espacio para realizar actividades culturales. Tambi\u00e9n cuenta con espacio para estacionamiento gratuito.<\/span><\/p>\n<p style=\"text-align: justify;\"><span style=\"font-family: verdana, geneva, sans-serif;\">Abrir\u00e1 sus puertas a las 3:45 y los shows comenzar\u00e1n a las 5:50.<\/span><\/p>\n<p style=\"text-align: justify;\"><span style=\"font-family: verdana, geneva, sans-serif;\">Los interesados pueden adquirir su entrada en el sitio web <strong><a href=\"http:\/\/www.festivalargentinousa.com\/\">www.festivalargentinousa.com\/<\/a> <\/strong>a un valor de US$ 20, o sino el d\u00eda 11 en el Kenmore Auditorium a US$ 30. Los concurrentes, con su entrada, tendr\u00e1n la oportunidad de participar del sorteo de dos pasajes ida y vuelta a Buenos Aires, \u201cCortes\u00eda Copa Airlines\u201d.<\/span><\/p>\n<p style=\"text-align: center;\"><a href=\"http:\/\/saeeg.org\/wp-content\/uploads\/2019\/05\/FESTIVAL-ARGENTINA-USA-2019.png\"><img loading=\"lazy\" decoding=\"async\" class=\"aligncenter wp-image-486\" src=\"http:\/\/saeeg.org\/wp-content\/uploads\/2019\/05\/FESTIVAL-ARGENTINA-USA-2019-300x202.png\" alt=\"\" width=\"458\" height=\"309\" srcset=\"https:\/\/saeeg.org\/wp-content\/uploads\/2019\/05\/FESTIVAL-ARGENTINA-USA-2019-300x202.png 300w, https:\/\/saeeg.org\/wp-content\/uploads\/2019\/05\/FESTIVAL-ARGENTINA-USA-2019.png 589w\" sizes=\"auto, (max-width: 458px) 100vw, 458px\" \/><\/a><\/p>\n<p style=\"text-align: center;\"><span style=\"font-family: verdana, geneva, sans-serif; font-size: 10pt;\"><strong>Afiche del 32\u00b0 Festival Argentino USA 2019<\/strong><\/span><\/p>\n<p style=\"text-align: justify;\"><span style=\"font-family: verdana, geneva, sans-serif;\">El <strong>Festival Argentino USA<\/strong> es auspiciado por la Embajada Argentina en <span style=\"color: #000000;\">Estados Unidos y contar\u00e1 con la presencia de <strong><em>Mario Alberto Kempes<\/em><\/strong>, quien estar\u00e1 firmando su libro \u201cEl Matador\u201d, adem\u00e1s de la participaci\u00f3n de los siguientes artistas:<\/span><\/span><\/p>\n<ul style=\"text-align: justify;\">\n<li><span style=\"font-family: verdana, geneva, sans-serif; color: #000000;\"><a style=\"color: #000000;\" href=\"https:\/\/www.youtube.com\/watch?v=GJMxiYf8bLQ&amp;feature=youtu.be\"><strong>FABRICIO RODRIGUEZ<\/strong><\/a>, quien ha recorrido todos los principales festivales de Argentina, incluidos Cosqu\u00edn, Jes\u00fas Mar\u00eda y Villa Mar\u00eda. En este \u00faltimo festival comparti\u00f3 escenario con Ricky Martin, Man\u00e1 y Joaqu\u00edn Sabina.<\/span><\/li>\n<li><span style=\"font-family: verdana, geneva, sans-serif; color: #000000;\"><a style=\"color: #000000;\" href=\"http:\/\/www.festivalargentino.org\/omar-nunez-el-chimpa\/\"><strong>OMAR NUNEZ<\/strong><\/a>, \u201cEl Chimpa\u201d canta autor. Edit\u00f3 su reciente material discogr\u00e1fico titulado \u201cSR FORASTERO.<\/span><\/li>\n<li><span style=\"font-family: verdana, geneva, sans-serif; color: #000000;\"><a style=\"color: #000000;\" href=\"https:\/\/www.youtube.com\/watch?%20v=_QhHcRZes4o\"><strong>LUNA SURE\u00d1A<\/strong><\/a>, quien fusiona canciones del folklore popular argentino y de Latinoam\u00e9rica con colores y estructuras propias. Cantante internacional de los festivales m\u00e1s relevantes de Am\u00e9rica.<\/span><\/li>\n<li><span style=\"font-family: verdana, geneva, sans-serif; color: #000000;\"><a style=\"color: #000000;\" href=\"https:\/\/www.facebook.com\/ruben.gimenez.779\"><strong>RUBEN GIMENEZ<\/strong><\/a> &amp; <a style=\"color: #000000;\" href=\"https:\/\/www.facebook.com\/marcospereyra.francogiaquinto\"><strong>MARCOS PEREYRA<\/strong><\/a><strong>. <\/strong>Gim\u00e9nez interpreta melod\u00edas coloridas, mostrando a su provincia natal de Entre R\u00edos como \u201cuna tierra diferente\u201d. El cantante, compositor y guitarrista Marcos Pereyra se une a Gim\u00e9nez en la realizaci\u00f3n de cl\u00e1sicos regionales con los ritmos ch\u00e1mame y chaparritas<strong>.<\/strong><\/span><\/li>\n<li><span style=\"font-family: verdana, geneva, sans-serif; color: #000000;\"><a style=\"color: #000000;\" href=\"https:\/\/www.youtube.com\/watch?v=y8EoRxMhsgw&amp;feature=youtu.be\"><strong>MARIELA DESIA<\/strong><\/a>, int\u00e9rprete, escritora y compositora de m\u00fasica folkl\u00f3rica que est\u00e1 presentando su nuevo material \u201cCanciones y emociones\u201d.<\/span><\/li>\n<li><span style=\"font-family: verdana, geneva, sans-serif; color: #000000;\"><a style=\"color: #000000;\" href=\"https:\/\/www.facebook.com\/oscar.magallanes.9\/videos\/1688290307917513\/\"><strong>OSCAR MAGALLANES<\/strong><\/a>, director y profesor de la escuela de danza Chakaymanta, con su compa\u00f1ero Blanch Xeinoum, interpretan un gran repertorio de bailes y canciones de varias regiones de Argentina, Chile y los Estados Unidos. Su baile ha sido descrito como \u201csiempre lleno de frescura salvaje y vitalidad vital\u201d y \u201csiempre expresando el esp\u00edritu heroico y el alma vibrante del pueblo argentino.<\/span><\/li>\n<li><span style=\"font-family: verdana, geneva, sans-serif; color: #000000;\"><a style=\"color: #000000;\" href=\"https:\/\/www.facebook.com\/viviana.rettori\"><strong>VIVIANA RETTORI<\/strong><\/a> &amp; <a style=\"color: #000000;\" href=\"https:\/\/www.facebook.com\/profile.php?id=100022068579155\"><strong>JOSE ROJAS<\/strong><\/a>. Viviana (de Misiones, Argentina) y Jos\u00e9 (de Entre R\u00edos, Argentina) son bailarines independientes y profesores de bailes tradicionales argentinos con un largo historial de actuaciones en los principales festivales de Argentina y Estados Unidos.<\/span><\/li>\n<li><span style=\"font-family: verdana, geneva, sans-serif; color: #000000;\"><a style=\"color: #000000;\" href=\"http:\/\/folkloredeaqui.blogspot.com\/2007\/12\/alberto-cuello.html\"><strong>ALBERTO CUELLO<\/strong><\/a><strong>. <\/strong>Cantante de folklore de Entre R\u00edos con a\u00f1os de experiencia, Cuello presentar\u00e1 su nuevo CD \u2018ENTRERRIANO\u2019 en el Festival Argentino de 2019.<\/span><\/li>\n<\/ul>\n<p style=\"text-align: justify;\"><span style=\"font-family: verdana, geneva, sans-serif; color: #000000;\">A los artistas que ir\u00e1n desde Argentina, se sumar\u00e1n artistas locales de gran talento con ra\u00edces argentinas:<\/span><\/p>\n<ul>\n<li style=\"text-align: justify;\"><span style=\"font-family: verdana, geneva, sans-serif; color: #000000;\"><a style=\"color: #000000;\" href=\"http:\/\/www.festivalargentino.org\/carlos-gutierrez\/\"><strong>CARLOS GUTI\u00c9RREZ<\/strong><\/a>. Instructor, int\u00e9rprete, core\u00f3grafo y autor de Tango Guti\u00e9rrez, ha ense\u00f1ado profesionalmente Tango Argentino durante m\u00e1s de treinta a\u00f1os en el \u00e1rea de Washington, DC y en todo el mundo. Tambi\u00e9n es el autor de \u201cEl lenguaje corporal de la danza\u201d, \u201cLa sabidur\u00eda en acci\u00f3n\u201d y \u201cNuestras verdades espirituales.<\/span><\/li>\n<li style=\"text-align: justify;\"><span style=\"font-family: verdana, geneva, sans-serif; color: #000000;\"><a style=\"color: #000000;\" href=\"https:\/\/www.facebook.com\/salvatorealpacino\"><strong>SALVATORE GONZALEZ<\/strong><\/a>. Nativo de La Paz, Bolivia, es un showman internacional de m\u00fasica latina y mundial y conocido en toda el \u00e1rea metropolitana de Washington, D.C. Canta en ingl\u00e9s, espa\u00f1ol, portugu\u00e9s e italiano, y toca varios instrumentos, incluyendo piano y guitarra. y varios instrumentos.<\/span><\/li>\n<\/ul>\n","protected":false},"excerpt":{"rendered":"<p>S\u00e1bado 11 de mayo de 2019 Kenmore Auditorium, Arlington Daniel Manzoni se exili\u00f3 de la Argentina en la d\u00e9cada del 70. Al radicarse en los Estados Unidos debi\u00f3 sortear todas las vicisitudes propias de todo joven que se instala en otro pa\u00eds. El idioma fue otro de sus primeros obst\u00e1culos. Sin embargo, ello no le &hellip; <a href=\"https:\/\/saeeg.org\/index.php\/2019\/05\/10\/el-festival-argentino-usa-una-ventana-cultural-ibeoramerica-en-estados-unidos\/\" class=\"more-link\">Seguir leyendo <span class=\"screen-reader-text\">EL FESTIVAL ARGENTINO USA. UNA VENTANA CULTURAL A IBEORAM\u00c9RICA EN ESTADOS UNIDOS.<\/span> <span class=\"meta-nav\">&rarr;<\/span><\/a><\/p>\n","protected":false},"author":4,"featured_media":0,"comment_status":"open","ping_status":"open","sticky":false,"template":"","format":"standard","meta":{"footnotes":""},"categories":[73],"tags":[],"class_list":["post-483","post","type-post","status-publish","format-standard","hentry","category-cultura"],"_links":{"self":[{"href":"https:\/\/saeeg.org\/index.php\/wp-json\/wp\/v2\/posts\/483","targetHints":{"allow":["GET"]}}],"collection":[{"href":"https:\/\/saeeg.org\/index.php\/wp-json\/wp\/v2\/posts"}],"about":[{"href":"https:\/\/saeeg.org\/index.php\/wp-json\/wp\/v2\/types\/post"}],"author":[{"embeddable":true,"href":"https:\/\/saeeg.org\/index.php\/wp-json\/wp\/v2\/users\/4"}],"replies":[{"embeddable":true,"href":"https:\/\/saeeg.org\/index.php\/wp-json\/wp\/v2\/comments?post=483"}],"version-history":[{"count":0,"href":"https:\/\/saeeg.org\/index.php\/wp-json\/wp\/v2\/posts\/483\/revisions"}],"wp:attachment":[{"href":"https:\/\/saeeg.org\/index.php\/wp-json\/wp\/v2\/media?parent=483"}],"wp:term":[{"taxonomy":"category","embeddable":true,"href":"https:\/\/saeeg.org\/index.php\/wp-json\/wp\/v2\/categories?post=483"},{"taxonomy":"post_tag","embeddable":true,"href":"https:\/\/saeeg.org\/index.php\/wp-json\/wp\/v2\/tags?post=483"}],"curies":[{"name":"wp","href":"https:\/\/api.w.org\/{rel}","templated":true}]}}