{"id":544,"date":"2019-05-27T02:46:26","date_gmt":"2019-05-27T02:46:26","guid":{"rendered":"http:\/\/saeeg.org\/?p=544"},"modified":"2020-05-30T19:44:06","modified_gmt":"2020-05-30T22:44:06","slug":"guerra-comercial-destruccion-creativa-oportunidades","status":"publish","type":"post","link":"https:\/\/saeeg.org\/index.php\/2019\/05\/27\/guerra-comercial-destruccion-creativa-oportunidades\/","title":{"rendered":"Guerra comercial, destrucci\u00f3n creativa y oportunidades"},"content":{"rendered":"<p style=\"text-align: center;\"><em><strong><span style=\"font-family: verdana, geneva, sans-serif;\">Agust\u00edn Saavedra Weise*<\/span><\/strong><\/em><\/p>\n<p style=\"text-align: center;\"><a href=\"http:\/\/saeeg.org\/wp-content\/uploads\/2019\/05\/CHINA-EEUU.jpg\"><img loading=\"lazy\" decoding=\"async\" class=\"aligncenter wp-image-545 size-large\" src=\"http:\/\/saeeg.org\/wp-content\/uploads\/2019\/05\/CHINA-EEUU-1024x869.jpg\" alt=\"\" width=\"474\" height=\"402\" srcset=\"https:\/\/saeeg.org\/wp-content\/uploads\/2019\/05\/CHINA-EEUU-1024x869.jpg 1024w, https:\/\/saeeg.org\/wp-content\/uploads\/2019\/05\/CHINA-EEUU-300x255.jpg 300w, https:\/\/saeeg.org\/wp-content\/uploads\/2019\/05\/CHINA-EEUU-768x652.jpg 768w, https:\/\/saeeg.org\/wp-content\/uploads\/2019\/05\/CHINA-EEUU.jpg 1920w\" sizes=\"auto, (max-width: 474px) 100vw, 474px\" \/><\/a><\/p>\n<p style=\"text-align: center;\"><span style=\"color: #000000;\"><strong><span style=\"font-family: verdana, geneva, sans-serif; font-size: 10pt;\">Imagen de\u00a0<a style=\"color: #000000;\" href=\"https:\/\/pixabay.com\/es\/users\/AbsolutVision-6158753\/?utm_source=link-attribution&amp;utm_medium=referral&amp;utm_campaign=image&amp;utm_content=2636250\">Gino Crescoli<\/a>\u00a0en\u00a0<a style=\"color: #000000;\" href=\"https:\/\/pixabay.com\/es\/?utm_source=link-attribution&amp;utm_medium=referral&amp;utm_campaign=image&amp;utm_content=2636250\">Pixabay<\/a>\u00a0<\/span><\/strong><\/span><\/p>\n<p style=\"text-align: justify;\"><span style=\"font-family: verdana, geneva, sans-serif;\">En abril de 2018 predije que la guerra comercial iniciada por Trump a largo plazo ser\u00eda negativa para EEUU. El tiempo transcurrido me est\u00e1 dando la raz\u00f3n. Veamos.La destrucci\u00f3n creativa \u2014original de Karl Marx\u2014 fue divulgada por Werner Sombart y finalmente, Joseph Schumpeter la populariz\u00f3 como fundamento de su teor\u00eda de la innovaci\u00f3n. La destrucci\u00f3n creativa ocurre por la aparici\u00f3n de productos que desplazan a los viejos. El autom\u00f3vil sustituy\u00f3 las carretas tiradas por caballos; los discos de vinilo cambiaron por casetes, luego el CD y despu\u00e9s el mp3. Inventos y\/o mejoras extinguen (\u201cdestruyen\u201d) lo anterior. Y as\u00ed viene el desarrollo, el cambio cualitativo.<\/span><\/p>\n<p style=\"text-align: justify;\"><span style=\"font-family: verdana, geneva, sans-serif;\">La ventaja tradicional de EEUU radic\u00f3 en su gran capacidad de generar destrucci\u00f3n creativa y desarrollo sostenido por medio de constantes innovaciones. Al no tener \u2014aparentemente\u2014 capacidad de innovaci\u00f3n (se dec\u00eda que s\u00f3lo copiaba) se pens\u00f3 que el crecimiento de la Rep\u00fablica Popular China (RPC) tarde o temprano decaer\u00eda. Sin embargo, en esta \u00faltima d\u00e9cada China ha demostrado tener notable capacidad de innovaci\u00f3n propia y ahora la guerra comercial la est\u00e1 incentivando a\u00fan m\u00e1s. Al crecer la innovaci\u00f3n, habr\u00e1 mayor destrucci\u00f3n creativa y desarrollo en la RPC. Ese proceso ir\u00e1 en contra de los intereses econ\u00f3micos de EEUU. Los bur\u00f3cratas de Washington no consideraron que una guerra de tarifas incentivar\u00eda en Beijing la innovaci\u00f3n explicada por Schumpeter un siglo atr\u00e1s. En el cercano futuro el liderazgo mundial no ser\u00e1 militar: estar\u00e1 en manos de quien lidere el cambio tecnol\u00f3gico. Ese \u00e1mbito parec\u00eda ser eterno monopolio de EEUU. Ya no ser\u00e1 as\u00ed, hay temporada abierta para quien innove m\u00e1s y la RCP podr\u00eda tomar la delantera&#8230;<\/span><\/p>\n<p style=\"text-align: justify;\"><span style=\"font-family: verdana, geneva, sans-serif;\">En todo conflicto hay perjudicados y beneficiados; el enfrentamiento comercial no escapa a esa verdad. En estos lares nuestros, surgen potenciales ganancias en algunos rubros. El drag\u00f3n chino importaba alrededor de 100 millones de toneladas de soya de EEUU y Brasil. En represalia a tarifas impuestas por Trump, su colega Xi Jinping le aplic\u00f3 25% de arancel a la soya norteamericana. En medio de estas trifulcas surgieron en China la fiebre porcina y la escasez de otros tipos de carne. No es por casualidad ni por turismo que delegados de Beijing han estado recorriendo frigor\u00edficos cruce\u00f1os y haciendo pruebas de calidad de la carne boliviana. Los chinos deber\u00e1n importar productos c\u00e1rnicos para compensar p\u00e9rdidas internas. Por tanto, para nuestro pa\u00eds se abre un mercado gigantesco en la materia y que deber\u00e1 ser bien aprovechado. Con la soya puede pasar lo mismo, la RPC tiene que compensar el no importar m\u00e1s soya proveniente de EEUU. Ya ven, hasta en las crisis hay oportunidades&#8230;<\/span><\/p>\n<p style=\"text-align: justify;\"><span style=\"font-family: verdana, geneva, sans-serif; font-size: 10pt;\"><strong><em>* Economista y polit\u00f3logo \u2013 <\/em><\/strong><em><a href=\"http:\/\/www.agustinsaavedraweise.com\/\"><strong style=\"font-style: inherit;\">www.agustinsaavedraweise.com<\/strong><\/a><\/em><\/span><\/p>\n<p style=\"text-align: justify;\"><span style=\"font-family: verdana, geneva, sans-serif; font-size: 10pt;\"><span style=\"font-style: inherit; font-weight: inherit;\"><em style=\"font-weight: inherit;\"><strong>El Deber, Santa Cruz de la Sierra, Bolivia, <\/strong><\/em><\/span><strong><em><a href=\"https:\/\/www.eldeber.com.bo\/opinion\/Guerra-comercial-destruccion-creativa-y-oportunidades-20190525-9610.html\">https:\/\/www.eldeber.com.bo\/opinion\/Guerra-comercial-destruccion-creativa-y-oportunidades-20190525-9610.html<\/a><\/em><\/strong><\/span><\/p>\n<p>&nbsp;<\/p>\n<p>&nbsp;<\/p>\n<p>&nbsp;<\/p>\n","protected":false},"excerpt":{"rendered":"<p>Agust\u00edn Saavedra Weise* Imagen de\u00a0Gino Crescoli\u00a0en\u00a0Pixabay\u00a0 En abril de 2018 predije que la guerra comercial iniciada por Trump a largo plazo ser\u00eda negativa para EEUU. El tiempo transcurrido me est\u00e1 dando la raz\u00f3n. Veamos.La destrucci\u00f3n creativa \u2014original de Karl Marx\u2014 fue divulgada por Werner Sombart y finalmente, Joseph Schumpeter la populariz\u00f3 como fundamento de su &hellip; <a href=\"https:\/\/saeeg.org\/index.php\/2019\/05\/27\/guerra-comercial-destruccion-creativa-oportunidades\/\" class=\"more-link\">Seguir leyendo <span class=\"screen-reader-text\">Guerra comercial, destrucci\u00f3n creativa y oportunidades<\/span> <span class=\"meta-nav\">&rarr;<\/span><\/a><\/p>\n","protected":false},"author":5,"featured_media":0,"comment_status":"open","ping_status":"open","sticky":false,"template":"","format":"standard","meta":{"footnotes":""},"categories":[1],"tags":[],"class_list":["post-544","post","type-post","status-publish","format-standard","hentry","category-sin-categoria"],"_links":{"self":[{"href":"https:\/\/saeeg.org\/index.php\/wp-json\/wp\/v2\/posts\/544","targetHints":{"allow":["GET"]}}],"collection":[{"href":"https:\/\/saeeg.org\/index.php\/wp-json\/wp\/v2\/posts"}],"about":[{"href":"https:\/\/saeeg.org\/index.php\/wp-json\/wp\/v2\/types\/post"}],"author":[{"embeddable":true,"href":"https:\/\/saeeg.org\/index.php\/wp-json\/wp\/v2\/users\/5"}],"replies":[{"embeddable":true,"href":"https:\/\/saeeg.org\/index.php\/wp-json\/wp\/v2\/comments?post=544"}],"version-history":[{"count":0,"href":"https:\/\/saeeg.org\/index.php\/wp-json\/wp\/v2\/posts\/544\/revisions"}],"wp:attachment":[{"href":"https:\/\/saeeg.org\/index.php\/wp-json\/wp\/v2\/media?parent=544"}],"wp:term":[{"taxonomy":"category","embeddable":true,"href":"https:\/\/saeeg.org\/index.php\/wp-json\/wp\/v2\/categories?post=544"},{"taxonomy":"post_tag","embeddable":true,"href":"https:\/\/saeeg.org\/index.php\/wp-json\/wp\/v2\/tags?post=544"}],"curies":[{"name":"wp","href":"https:\/\/api.w.org\/{rel}","templated":true}]}}