{"id":5444,"date":"2022-02-28T23:45:00","date_gmt":"2022-03-01T02:45:00","guid":{"rendered":"https:\/\/saeeg.org\/?p=5444"},"modified":"2022-03-01T01:19:56","modified_gmt":"2022-03-01T04:19:56","slug":"al-mundo-le-tiemblan-las-canillas","status":"publish","type":"post","link":"https:\/\/saeeg.org\/index.php\/2022\/02\/28\/al-mundo-le-tiemblan-las-canillas\/","title":{"rendered":"AL MUNDO LE TIEMBLAN LAS CANILLAS"},"content":{"rendered":"\n<p style=\"text-align: center;\"><strong><em><span style=\"font-family: tahoma, arial, helvetica, sans-serif;\">F. Javier Blasco*<\/span><\/em><\/strong><\/p>\n\n\n\n<div class=\"wp-block-image\"><figure class=\"aligncenter size-full is-resized\"><img loading=\"lazy\" decoding=\"async\" src=\"https:\/\/saeeg.org\/wp-content\/uploads\/2022\/03\/F-JAVIER-BLASCO-AL-MUNDO-LE-TIEMBLAN-LAS-CANILLAS.png\" alt=\"\" class=\"wp-image-5445\" width=\"510\" height=\"291\" srcset=\"https:\/\/saeeg.org\/wp-content\/uploads\/2022\/03\/F-JAVIER-BLASCO-AL-MUNDO-LE-TIEMBLAN-LAS-CANILLAS.png 372w, https:\/\/saeeg.org\/wp-content\/uploads\/2022\/03\/F-JAVIER-BLASCO-AL-MUNDO-LE-TIEMBLAN-LAS-CANILLAS-300x172.png 300w\" sizes=\"auto, (max-width: 510px) 100vw, 510px\" \/><\/figure><\/div>\n\n\n\n<p style=\"text-align: justify;\"><span style=\"font-family: tahoma, arial, helvetica, sans-serif;\">Hemos acabado hasta el mo\u00f1o de ver, o\u00edr y escuchar a nuestros dirigentes nacionales y a las asociaciones, organismos y alianzas internacionales proclamar a todos los vientos \u2014al son de trompetas de Jeric\u00f3, bombos como para cualquiera de las famosas tamborradas en Espa\u00f1a y platillos tan grandes como los volantes\u2014 que la Comunidad Internacional no iba a consentir a Putin invadir a un pa\u00eds libre y democr\u00e1tico y que si osaba quebrantar y pisotear sus libertades, las medidas sobre \u00e9l y Rusia iban a ser de tal tama\u00f1o que se arrepentir\u00eda de haberlo hecho, record\u00e1ndonos a tiempos de la guerra contra Irak.<\/span><\/p>\n<p style=\"text-align: justify;\"><span style=\"font-family: tahoma, arial, helvetica, sans-serif;\">Las reuniones presenciales, vistas parlamentarias, as\u00ed como las amenazas individuales y colectivas sobre las medidas a adoptar, se han venido sucediendo a todos los niveles de tal modo y manera que no ha quedado ni un resquicio por donde poderse escapar del palo justiciero que iba a caer sobre la cabeza de Putin, sus m\u00e1s directos asesores y sobre la aborregada naci\u00f3n rusa que, acostumbrada a ello, le sigue sin apenas rechistar.<\/span><\/p>\n<p style=\"text-align: justify;\"><span style=\"font-family: tahoma, arial, helvetica, sans-serif;\">Pero a la hora de la verdad, la triste realidad es tan penosa, vergonzosa, in\u00fatil o f\u00fatil y banal, que hasta da verg\u00fcenza comentarlo y hacerlo ver a los dem\u00e1s. Militarmente, tal y como estaba previsto, nos arrinconamos tras la pantalla de la OTAN para decir que legalmente no pod\u00edamos intervenir por no ser territorio de la Alianza, olvid\u00e1ndonos que tampoco lo era Serbia y Kosovo y entramos en fuerza en Kosovo y bombardeamos dicho territorio y hasta Belgrado, sin miramientos ni contemplaci\u00f3n.<\/span><\/p>\n<p style=\"text-align: justify;\"><span style=\"font-family: tahoma, arial, helvetica, sans-serif;\">Ayer daba aut\u00e9ntico pavor escuchar que el T\u00edo Sam aprobaba mandar m\u00e1s armamento a base de misiles y otros medios efectivos a Ucrania, cuando en Kiev y otras ciudades ucranianas se repart\u00edan fusiles en la calle a quien pasaba por la acera y se le ped\u00eda a la gente que fabricase sus propios c\u00f3cteles Molotov \u00bfDe qu\u00e9 servir\u00e1 dicho armamento si cuando llegue, si llega, no habr\u00e1 nada que defender?<\/span><\/p>\n<p style=\"text-align: justify;\"><span style=\"font-family: tahoma, arial, helvetica, sans-serif;\">Ahora que la estructura militar ucraniana ha sido desbaratada y destruida sin piedad ni capacidad para defenderse de dichos ataques selectivos y certeros, parece ser que es el momento en que pensamos que los cinco mil cascos individuales de combate, que les remiti\u00f3 la gran Alemania, no son suficientes para mejorar su capacidad defensiva.<\/span><\/p>\n<p style=\"text-align: justify;\"><span style=\"font-family: tahoma, arial, helvetica, sans-serif;\">La UE pronto enarbol\u00f3 la Bandera Blanca porque si la OTAN no interven\u00eda, con mucha m\u00e1s raz\u00f3n no lo har\u00eda la Uni\u00f3n, esgrimiendo al mismo tiempo que no tiene capacidad de combate suficiente a pesar de que lleva a\u00f1os, planeando y tratando de conseguir algo que se parezca a un Ej\u00e9rcito europeo que sirva algo m\u00e1s que para llevar a cabo, de forma parcial, misiones de paz de corta o peque\u00f1a entidad.<\/span><\/p>\n<p style=\"text-align: justify;\"><span style=\"font-family: tahoma, arial, helvetica, sans-serif;\">Biden, de carrerilla en carrerilla, hablando a los medios todo el d\u00eda y quit\u00e1ndose la mascarilla en p\u00fablico para que se le viera la cara de gran enfado; pero de mandar tropas a combatir por y en Ucrania, nada de nada.<\/span><\/p>\n<p style=\"text-align: justify;\"><span style=\"font-family: tahoma, arial, helvetica, sans-serif;\">Los norteamericanos ya no est\u00e1n por apoyar a las democracias atacadas o en peligro y no interesa meterse con un le\u00f3n dormido al que llevan muchos a\u00f1os ninguneando y que, recientemente, se ha despertado hambriento y con ganas de romper el equilibrio y ciertos delirios de varios de sus vecinos que quieren jugar a ser mayores e \u00edrsele de sus manos. Est\u00e1 bien claro que Putin no se lo va a consentir en aras de alimentar su orgullo y para mantener su propia seguridad.<\/span><\/p>\n<p style=\"text-align: justify;\"><span style=\"font-family: tahoma, arial, helvetica, sans-serif;\">Bueno, si militarmente no pod\u00edamos hacer nada, salvo dejar a Ucrania a su maldita suerte, por lo menos econ\u00f3micamente hab\u00eda y hay muchas herramientas que se pueden utilizar, o al menos eso nos cre\u00edamos algunos ilusos.<\/span><\/p>\n<p style=\"text-align: justify;\"><span style=\"font-family: tahoma, arial, helvetica, sans-serif;\">Se habl\u00f3 de todo tipo de medidas, de aplicaci\u00f3n progresiva en funci\u00f3n de los pasos dados por el nuevo Zar de Rusia y resulta que a pesar de haberlos dado todos y muchos m\u00e1s de lo esperado; ayer mismo cuando las tropas rusas asediaban a las puertas de Kiev, las bolsas del mundo entero, incluida la rusa, subieron varios enteros y hasta recuperaron las p\u00e9rdidas del d\u00eda anterior.<\/span><\/p>\n<p style=\"text-align: justify;\"><span style=\"font-family: tahoma, arial, helvetica, sans-serif;\">Para m\u00e1s inri, ese mismo d\u00eda, Rusia vend\u00eda m\u00e1s petr\u00f3leo que cualquier otro antes del conflicto y varios pa\u00edses europeos, precisamente, la mayor\u00eda de los m\u00e1s grandes, se arrugaron el ombligo y no han permitido que los bancos rusos sean desconectados de la propia red de intranet, Swift; el \u00abarma nuclear econ\u00f3mica\u00bb que realmente nadie se atreve a activar contra Rusia.<\/span><\/p>\n<p style=\"text-align: justify;\"><span style=\"font-family: tahoma, arial, helvetica, sans-serif;\">Rusia puede seguir vendi\u00e9ndonos de todo y nosotros se lo pagaremos en efectivo, aunque nos enga\u00f1emos diciendo que ellos no nos pueden comprar tecnolog\u00eda. Todos sabemos que eso no ser\u00e1 cierto, porque la econom\u00eda es la econom\u00eda, la pela es la pela y los votos del ciudadano sosegado alimentan los egos, calientan los ri\u00f1ones y multiplican las prebendas de esos mequetrefes que nos pretenden gobernar.<\/span><\/p>\n<p style=\"text-align: justify;\"><span style=\"font-family: tahoma, arial, helvetica, sans-serif;\">Tan solo el mundo del deporte, limpio y claro como casi siempre, anuncia que muchos premios, torneos y mecenazgos suprimen sus lazos con Rusia y todo lo que huela a ruso.<\/span><\/p>\n<p style=\"text-align: justify;\"><span style=\"font-family: tahoma, arial, helvetica, sans-serif;\">A estas horas del partido, no s\u00e9 si ser\u00e1 fruto de un calent\u00f3n, una precipitaci\u00f3n en sus decisiones o el haber ca\u00eddo en la trampa saducea de que las medidas coercitivas y punitivas del mundo iban en serio. Pronto veremos si repliegan velas o mantienen su posici\u00f3n.<\/span><\/p>\n<p style=\"text-align: justify;\"><span style=\"font-family: tahoma, arial, helvetica, sans-serif;\">Por lo dem\u00e1s, basta ya de tanta miseria individual y colectiva, de tama\u00f1a hipocres\u00eda y de enga\u00f1ar a propios y extra\u00f1os con tant\u00edsima sinvergonzoner\u00eda e impunidad.<\/span><\/p>\n<p style=\"text-align: justify;\"><span style=\"font-family: tahoma, arial, helvetica, sans-serif;\">Ya que la pandemia ha demostrado que las videoconferencias son mucho m\u00e1s efectivas, r\u00e1pidas y sencillas de organizar, creo que ha llegado la hora de que nuestros dirigentes dejen aparcados sus aviones presidenciales y a sus numerosos sequitos en casa, porque tanto vano desplazamiento a Bruselas solo vale para reconfortarse y apoyarse el uno con el otro en su inmensa debilidad, gastar mucho dinero del erario p\u00fablico y para infectar el espacio a\u00e9reo de poluci\u00f3n y gases que queremos erradicar.<\/span><\/p>\n<p style=\"text-align: justify;\"><span style=\"font-family: tahoma, arial, helvetica, sans-serif;\">Ninguno tiene verg\u00fcenza, ni torera ni de otra calidad; son unos trileros y enga\u00f1abobos que nos llenan la cabeza de pajarillos y de falsa dignidad, como el ministro de exteriores que ayer se pase\u00f3 por todos los medios posibles hablando de la posici\u00f3n y el falso papel de Espa\u00f1a en una serie de dr\u00e1sticas medidas que \u00e9l sab\u00eda que no se iban a aplicar.<\/span><\/p>\n<p style=\"text-align: justify;\"><span style=\"font-family: tahoma, arial, helvetica, sans-serif;\">Mucho me temo que la fiera se ha despertado totalmente, que ha comprobado claramente la gran debilidad e hipocres\u00eda internacional y que lo hecho hasta ahora, por mucho que fuera y sea criticado y amenazado, pronto ser\u00e1 consumado sin m\u00e1s. No habr\u00e1 reacci\u00f3n que merezca la pena o le escueza de verdad y que otras v\u00edctimas propiciatorias, que ya est\u00e1n anunciadas en su tablero de ambiciones, pronto en sus redes caer\u00e1n.<\/span><\/p>\n<p style=\"text-align: justify;\"><span style=\"font-family: tahoma, arial, helvetica, sans-serif;\">Veremos lo que ocurre cuando se quede con todos los recursos naturales ucranianos que ahora les compramos a ellos y en breve, pasar\u00e1n bajo su control.<\/span><\/p>\n<p style=\"text-align: justify;\"><span style=\"font-family: tahoma, arial, helvetica, sans-serif;\">Lo peor, como siempre, es para el m\u00e1s d\u00e9bil; los ucranianos y la propia Ucrania; por lo que no me extra\u00f1ar\u00eda nada que, como consecuencia de esta vergonzosa actuaci\u00f3n internacional, aumente el n\u00famero de ucranianos que desprecien todo lo que venga de la UE, la OTAN u otro Organismo internacional y se abracen a Rusia porque, al menos enga\u00f1arles, no est\u00e1 en su af\u00e1n.<\/span><\/p>\n<p style=\"text-align: justify;\"><span style=\"font-family: tahoma, arial, helvetica, sans-serif;\">Finalmente, y me arriesgo a asegurarlo porque s\u00e9 que estoy en lo cierto, esta guerra de Gila o conflicto de <em>PlayStation<\/em> para todos, menos para Ucrania y sus pobladores, ser\u00e1 aprovechada como excusa por la mayor parte de los dirigentes y organismos econ\u00f3micos internacionales para tapar sus incapacidades a la hora de hacer sus previsiones o de sacarnos del pozo tan profundo en el que nos encontramos sumidos por culpa de una gran crisis econ\u00f3mica a nivel global, que no supieron o quisieron ver llegar.<\/span><\/p>\n<p style=\"text-align: justify;\"><span style=\"font-family: tahoma, arial, helvetica, sans-serif; font-size: 10pt;\"><strong><em>* Coronel de Ej\u00e9rcito de Tierra (Retirado) de Espa\u00f1a. Diplomado de Estado Mayor, con experiencia de m\u00e1s de 40 a\u00f1os en las FAS. Ha participado en Operaciones de Paz en Bosnia Herzegovina y Kosovo y en Estados Mayores de la OTAN (AFSOUTH-J9).<\/em><\/strong> <strong><em>Agregado de Defensa en la Rep\u00fablica Checa y en Eslovaquia. Piloto de helic\u00f3pteros, Vuelo Instrumental y piloto de pruebas. Miembro de la SAEEG.<\/em><\/strong><\/span><\/p>\n<p style=\"text-align: justify;\"><span style=\"font-family: tahoma, arial, helvetica, sans-serif;\"><em><strong>\u00a92022-saeeg\u00ae<\/strong><\/em><\/span><\/p>\n<p style=\"text-align: justify;\">\u00a0<\/p>\n","protected":false},"excerpt":{"rendered":"<p>F. Javier Blasco* Hemos acabado hasta el mo\u00f1o de ver, o\u00edr y escuchar a nuestros dirigentes nacionales y a las asociaciones, organismos y alianzas internacionales proclamar a todos los vientos \u2014al son de trompetas de Jeric\u00f3, bombos como para cualquiera de las famosas tamborradas en Espa\u00f1a y platillos tan grandes como los volantes\u2014 que la &hellip; <a href=\"https:\/\/saeeg.org\/index.php\/2022\/02\/28\/al-mundo-le-tiemblan-las-canillas\/\" class=\"more-link\">Seguir leyendo <span class=\"screen-reader-text\">AL MUNDO LE TIEMBLAN LAS CANILLAS<\/span> <span class=\"meta-nav\">&rarr;<\/span><\/a><\/p>\n","protected":false},"author":2,"featured_media":0,"comment_status":"open","ping_status":"closed","sticky":false,"template":"","format":"standard","meta":{"footnotes":""},"categories":[442,1710],"tags":[156,127,298,32,445,246],"class_list":["post-5444","post","type-post","status-publish","format-standard","hentry","category-rusia-2","category-ucrania","tag-economia","tag-espana","tag-otan","tag-rusia","tag-ucrania","tag-union-europea"],"_links":{"self":[{"href":"https:\/\/saeeg.org\/index.php\/wp-json\/wp\/v2\/posts\/5444","targetHints":{"allow":["GET"]}}],"collection":[{"href":"https:\/\/saeeg.org\/index.php\/wp-json\/wp\/v2\/posts"}],"about":[{"href":"https:\/\/saeeg.org\/index.php\/wp-json\/wp\/v2\/types\/post"}],"author":[{"embeddable":true,"href":"https:\/\/saeeg.org\/index.php\/wp-json\/wp\/v2\/users\/2"}],"replies":[{"embeddable":true,"href":"https:\/\/saeeg.org\/index.php\/wp-json\/wp\/v2\/comments?post=5444"}],"version-history":[{"count":0,"href":"https:\/\/saeeg.org\/index.php\/wp-json\/wp\/v2\/posts\/5444\/revisions"}],"wp:attachment":[{"href":"https:\/\/saeeg.org\/index.php\/wp-json\/wp\/v2\/media?parent=5444"}],"wp:term":[{"taxonomy":"category","embeddable":true,"href":"https:\/\/saeeg.org\/index.php\/wp-json\/wp\/v2\/categories?post=5444"},{"taxonomy":"post_tag","embeddable":true,"href":"https:\/\/saeeg.org\/index.php\/wp-json\/wp\/v2\/tags?post=5444"}],"curies":[{"name":"wp","href":"https:\/\/api.w.org\/{rel}","templated":true}]}}