{"id":547,"date":"2019-05-27T02:57:24","date_gmt":"2019-05-27T02:57:24","guid":{"rendered":"http:\/\/saeeg.org\/?p=547"},"modified":"2020-05-30T19:43:08","modified_gmt":"2020-05-30T22:43:08","slug":"la-filosofia-de-bolsonaro","status":"publish","type":"post","link":"https:\/\/saeeg.org\/index.php\/2019\/05\/27\/la-filosofia-de-bolsonaro\/","title":{"rendered":"La filosof\u00eda de Bolsonaro"},"content":{"rendered":"<p style=\"text-align: center;\"><span style=\"font-family: verdana, geneva, sans-serif;\"><em><strong>Hugo Jos\u00e9 Su\u00e1rez<\/strong><\/em><\/span><\/p>\n<p style=\"text-align: justify;\"><span style=\"font-family: verdana, geneva, sans-serif;\">Hace unos d\u00edas, el presidente brasilero volvi\u00f3 a la pol\u00e9mica -en realidad nunca ha salido- con una frase que lo dibuja en su peor perfil -acaso el \u00fanico que tiene-. Tuite\u00f3: \u201cEl ministro de Educaci\u00f3n estudia descentralizar la inversi\u00f3n en facultades de filosof\u00eda y sociolog\u00eda (humanas) (\u2026). El objetivo es focalizarse en \u00e1reas que generen retorno inmediato al contribuyente como veterinaria, ingenier\u00eda y medicina\u201d.<\/span><\/p>\n<p style=\"text-align: justify;\"><span style=\"font-family: verdana, geneva, sans-serif;\">La pol\u00edtica del tuit ha sido una caracter\u00edstica de estos tiempos, pero hay algunos que la usan peor que otros. Trump, frente al incendio en Notre Dame, con una mano en la cintura sugiri\u00f3 que echaran agua -ni siquiera bendita- desde helic\u00f3pteros. Parec\u00eda obvio, \u00bfc\u00f3mo no se les hab\u00eda ocurrido a las autoridades locales esa genial soluci\u00f3n? Claro, luego los t\u00e9cnicos explicaron que, de seguir las recomendaciones de la Casa Blanca, se hubiera destruido la hermosa catedral parisina. Bolsonaro, en sinton\u00eda con su par estadounidense, resuelve el problema de la educaci\u00f3n, la inserci\u00f3n laboral y las prioridades de estado en 140 caracteres.<\/span><\/p>\n<p style=\"text-align: justify;\"><span style=\"font-family: verdana, geneva, sans-serif;\">El caso es que, detr\u00e1s de esas pocas palabras, se esconde una peligrosa filosof\u00eda m\u00e1s expandida de lo que parece; hay que decirlo: no es que el presidente est\u00e9 en contra de la disciplina madre de las ideas, sino que no soporta las ideas que est\u00e1n contra su filosof\u00eda. Primero, en sus peque\u00f1as palabras se expresa una jerarqu\u00eda clara en la toma de decisiones, es el ministro -instruido por el presidente- que tomar\u00e1 la determinaci\u00f3n que afecte a millones de estudiantes y maestros.<\/span><\/p>\n<p style=\"text-align: justify;\"><span style=\"font-family: verdana, geneva, sans-serif;\">En ning\u00fan momento se habla de la posibilidad de un di\u00e1logo, encuentro, intercambio, tomar en cuenta las posiciones de los actores involucrados, consensuar una decisi\u00f3n sobre el contenido de una reforma, ni hablar de una pedagog\u00eda liberadora como so\u00f1aba Paulo Freire. Aqu\u00ed alguien manda, el otro ejecuta y el \u00faltimo reciente. Hay que recordar que ese proceder va en contra de \u201cplanificaci\u00f3n de presupuesto participativo\u201d que, otrora, caracteriz\u00f3 algunas gestiones p\u00fablicas del Brasil. En el fondo est\u00e1 la idea de la democracia liberal: me eligieron en las urnas, ahora hago lo que quiero hasta la pr\u00f3xima elecci\u00f3n.<\/span><\/p>\n<p style=\"text-align: justify;\"><span style=\"font-family: verdana, geneva, sans-serif;\">Segundo, el presidente habla de inversi\u00f3n en educaci\u00f3n como se invierte en la bolsa de valores. No menciona la educaci\u00f3n como un derecho, la libertad de elegir estudiar lo que uno considera pertinente, la obligaci\u00f3n de la autoridad de dar las condiciones para que la gente acuda a las universidades a ser m\u00e1s libres y plenos, mejores personas, m\u00e1s humanos. En la cabeza de Bolsonaro cada peso \u201cinvertido\u201d en el sistema educativo debe dar r\u00e9dito y multiplicarse al infinito. La vinculaci\u00f3n entre educaci\u00f3n y generaci\u00f3n de dinero es indisoluble, todo saber no redituable est\u00e1 dem\u00e1s.<\/span><\/p>\n<p style=\"text-align: justify;\"><span style=\"font-family: verdana, geneva, sans-serif;\">En el mismo tono, el presidente habla de \u201ccontribuyentes\u201d, no de ciudadanos. Como si el saber, el producir conocimiento y transmitirlo, fuera una cuesti\u00f3n utilitaria, que solo es exitosa si da un r\u00e9dito econ\u00f3mico; todo se mide en monedas, con calculadora en mano. Quienes son beneficiarios de la educaci\u00f3n no son seres con derechos pertenecientes a una naci\u00f3n con historia, son n\u00fameros con un valor fiscal. A esto se suma el tiempo, el aqu\u00ed y el ahora, el \u201cretorno inmediato\u201d de la inversi\u00f3n. El futuro no est\u00e1 en juego, se trata de optar por lo que asegure la reproducci\u00f3n inmediata. Por \u00faltimo, la jerarqu\u00eda de las disciplinas pertinentes, estrat\u00e9gicas, eficientes en t\u00e9rminos comerciales y aquellas cuyos resultados no est\u00e1n a la vista. Formar un veterinario es m\u00e1s \u00fatil que graduar un antrop\u00f3logo.<\/span><\/p>\n<p style=\"text-align: justify;\"><span style=\"font-family: verdana, geneva, sans-serif;\">Cada uno de los puntos de Bolsonaro responden a una filosof\u00eda clara que beneficia la l\u00f3gica del dinero en la gesti\u00f3n p\u00fablica. Y aunque parezca escandaloso, sus ideas est\u00e1n mucho m\u00e1s presentes de lo que parece en m\u00faltiples contextos. Por ejemplo, hace unos a\u00f1os Francia s\u00f3lo otorgaba becas a Bolivia para estudiantes que optaban por Medicina y Agronom\u00eda, no para Sociolog\u00eda o Literatura; asimismo, no faltan los programas educativos en todos lados que proponen con entusiasmo eliminar las ciencias sociales por no ser pertinentes en pa\u00edses cuya prioridad es, se dice, resolver los problemas de salud.<\/span><\/p>\n<p style=\"text-align: justify;\"><span style=\"font-family: verdana, geneva, sans-serif;\">Esa postura es negar la importancia de las ideas en la vida de los seres humanos, es no considerar que gracias a una consigna, buena o mala, se han cometido las m\u00e1s atroces guerras o se han erigido los m\u00e1s nobles proyectos que han afectado a miles y de millones de personas. Pero m\u00e1s curioso todav\u00eda que la torpe propuesta en contra de las humanidades provenga del presidente del \u00fanico pa\u00eds latinoamericano que tuvo un antecesor que fue uno de los soci\u00f3logos m\u00e1s importantes de estos tiempos, y \u00fanico cuya bandera tiene inscritas las dos palabras emblema de las ideas de la modernidad: orden y progreso.<\/span><\/p>\n<p style=\"text-align: justify;\"><em><span style=\"font-family: verdana, geneva, sans-serif; font-size: 10pt;\">Tomado de El Deber, Santa Cruz de la Sierra, Bolivia, https:\/\/www.eldeber.com.bo\/opinion\/La-filosofia-de-Bolsonaro-20190524-0013.html<\/span><\/em><\/p>\n","protected":false},"excerpt":{"rendered":"<p>Hugo Jos\u00e9 Su\u00e1rez Hace unos d\u00edas, el presidente brasilero volvi\u00f3 a la pol\u00e9mica -en realidad nunca ha salido- con una frase que lo dibuja en su peor perfil -acaso el \u00fanico que tiene-. Tuite\u00f3: \u201cEl ministro de Educaci\u00f3n estudia descentralizar la inversi\u00f3n en facultades de filosof\u00eda y sociolog\u00eda (humanas) (\u2026). El objetivo es focalizarse en &hellip; <a href=\"https:\/\/saeeg.org\/index.php\/2019\/05\/27\/la-filosofia-de-bolsonaro\/\" class=\"more-link\">Seguir leyendo <span class=\"screen-reader-text\">La filosof\u00eda de Bolsonaro<\/span> <span class=\"meta-nav\">&rarr;<\/span><\/a><\/p>\n","protected":false},"author":2,"featured_media":0,"comment_status":"open","ping_status":"open","sticky":false,"template":"","format":"standard","meta":{"footnotes":""},"categories":[82,63],"tags":[],"class_list":["post-547","post","type-post","status-publish","format-standard","hentry","category-brasil","category-opinion"],"_links":{"self":[{"href":"https:\/\/saeeg.org\/index.php\/wp-json\/wp\/v2\/posts\/547","targetHints":{"allow":["GET"]}}],"collection":[{"href":"https:\/\/saeeg.org\/index.php\/wp-json\/wp\/v2\/posts"}],"about":[{"href":"https:\/\/saeeg.org\/index.php\/wp-json\/wp\/v2\/types\/post"}],"author":[{"embeddable":true,"href":"https:\/\/saeeg.org\/index.php\/wp-json\/wp\/v2\/users\/2"}],"replies":[{"embeddable":true,"href":"https:\/\/saeeg.org\/index.php\/wp-json\/wp\/v2\/comments?post=547"}],"version-history":[{"count":0,"href":"https:\/\/saeeg.org\/index.php\/wp-json\/wp\/v2\/posts\/547\/revisions"}],"wp:attachment":[{"href":"https:\/\/saeeg.org\/index.php\/wp-json\/wp\/v2\/media?parent=547"}],"wp:term":[{"taxonomy":"category","embeddable":true,"href":"https:\/\/saeeg.org\/index.php\/wp-json\/wp\/v2\/categories?post=547"},{"taxonomy":"post_tag","embeddable":true,"href":"https:\/\/saeeg.org\/index.php\/wp-json\/wp\/v2\/tags?post=547"}],"curies":[{"name":"wp","href":"https:\/\/api.w.org\/{rel}","templated":true}]}}