{"id":597,"date":"2019-07-14T21:49:16","date_gmt":"2019-07-14T21:49:16","guid":{"rendered":"http:\/\/saeeg.org\/?p=597"},"modified":"2019-07-15T01:59:13","modified_gmt":"2019-07-15T01:59:13","slug":"sera-imposible-prosperar-si-se-respeta-la-constitucion","status":"publish","type":"post","link":"https:\/\/saeeg.org\/index.php\/2019\/07\/14\/sera-imposible-prosperar-si-se-respeta-la-constitucion\/","title":{"rendered":"Ser\u00e1 imposible prosperar si no se respeta la Constituci\u00f3n"},"content":{"rendered":"<h4 style=\"text-align: center;\"><span style=\"color: #000000;\"><em><span style=\"font-family: verdana, geneva, sans-serif; font-size: 12pt;\"><a style=\"color: #000000;\" href=\"http:\/\/www.laprensa.com.ar\/author.aspx?author=156\">Iris Speroni*<\/a><\/span><\/em><\/span><\/h4>\n<div>\n<h3 class=\"page-summary\" style=\"text-align: justify;\"><span style=\"font-family: verdana, geneva, sans-serif; font-size: 12pt;\">El poder legislativo debe ejercer su rol y tomar las decisiones clave para el futuro de la Naci\u00f3n.<\/span><\/h3>\n<p style=\"text-align: center;\"><a href=\"http:\/\/saeeg.org\/wp-content\/uploads\/2019\/07\/El-Congreso-tiene-entre-sus-facultades-contraer-deuda-externa-SPERONI.jpg\"><img loading=\"lazy\" decoding=\"async\" class=\"alignnone wp-image-598\" src=\"http:\/\/saeeg.org\/wp-content\/uploads\/2019\/07\/El-Congreso-tiene-entre-sus-facultades-contraer-deuda-externa-SPERONI-300x150.jpg\" alt=\"\" width=\"500\" height=\"250\" srcset=\"https:\/\/saeeg.org\/wp-content\/uploads\/2019\/07\/El-Congreso-tiene-entre-sus-facultades-contraer-deuda-externa-SPERONI-300x150.jpg 300w, https:\/\/saeeg.org\/wp-content\/uploads\/2019\/07\/El-Congreso-tiene-entre-sus-facultades-contraer-deuda-externa-SPERONI.jpg 620w\" sizes=\"auto, (max-width: 500px) 100vw, 500px\" \/><\/a><\/p>\n<\/div>\n<div style=\"text-align: center;\"><strong><span style=\"font-family: verdana, geneva, sans-serif; font-size: 8pt;\">El Congreso tiene entre sus facultades contraer deuda externa, reglar los derechos de importaci\u00f3n y exportaci\u00f3n, y generar los incentivos para poblar el pa\u00eds.<\/span><\/strong><\/div>\n<div>\n<p>&nbsp;<\/p>\n<p style=\"text-align: justify;\"><span style=\"font-family: verdana, geneva, sans-serif;\">Somos testigos de la campa\u00f1a electoral m\u00e1s cara de la historia: u$s 9.600.000.000 (1). Con este dinero el Poder Ejecutivo junto a directores del BCRA retrasa artificialmente el tipo de cambio para enmascarar la inflaci\u00f3n y as\u00ed favorecer sus chances electorales.<\/span><\/p>\n<p style=\"text-align: justify;\"><span style=\"font-family: verdana, geneva, sans-serif;\">Para llevar adelante esta acci\u00f3n el Poder Ejecutivo viola la Constituci\u00f3n Nacional en dos puntos: contrae deuda (con el FMI) y fija el tipo de cambio, ambas atribuciones del Congreso de la Naci\u00f3n (2). \u00abConstituci\u00f3n Nacional,&#8230; Cap\u00edtulo Cuarto, Atribuciones del Congreso; Art\u00edculo 75.- Corresponde al Congreso:&#8230;inc. 4. Contraer empr\u00e9stitos sobre el cr\u00e9dito de la Naci\u00f3n,&#8230;inc. 11. Hacer sellar moneda, fijar su valor y el de las extranjeras\u00bb.<\/span><\/p>\n<p style=\"text-align: justify;\"><span style=\"font-family: verdana, geneva, sans-serif;\">Representantes de la oposici\u00f3n han protestado p\u00fablicamente por este accionar, pero ninguno ha llamado a sesiones para rechazar la deuda y la manipulaci\u00f3n del tipo de cambio, ni ha pedido la remoci\u00f3n de los directores del BCRA nombrados en comisi\u00f3n, ni se ha presentado a la justicia por la malversaci\u00f3n de 9.600 millones de d\u00f3lares de fondos p\u00fablicos.<\/span><\/p>\n<p style=\"text-align: justify;\"><span style=\"font-family: verdana, geneva, sans-serif;\">Los representantes de la ciudadan\u00eda y de las provincias no creen relevante hacer cumplir la Constituci\u00f3n. Un tipo de cambio atrasado representa pobreza en las econom\u00edas provinciales. Sin embargo, o los senadores no lo asumen como un problema o creen que no amerita elevar la voz.<\/span><\/p>\n<p style=\"text-align: justify;\"><span style=\"font-family: verdana, geneva, sans-serif;\">La omisi\u00f3n del cumplimiento de la constituci\u00f3n por parte de nuestros representantes nos causa p\u00e9rdidas en nuestro nivel de vida, en nuestra capacidad de ahorro y nos impide generar nuestro peque\u00f1o patrimonio. \u00bfVer\u00e1n la relaci\u00f3n de causa y efecto entre sus acciones y las consecuencias que pagamos todos?<\/span><\/p>\n<p style=\"text-align: justify;\"><span style=\"font-family: verdana, geneva, sans-serif;\"><strong>EL CONGRESO<\/strong><\/span><\/p>\n<p style=\"text-align: justify;\"><span style=\"font-family: verdana, geneva, sans-serif;\">\u00bfLos diputados y senadores relacionan que aprueban un presupuesto miserable para las Fuerzas Armadas y luego se hunde el ARA San Juan? \u00bfRelacionan que dejan al Poder Ejecutivo bajar artificialmente el tipo de cambio y luego las econom\u00edas de Formosa y Chaco sufren?<\/span><\/p>\n<p style=\"text-align: justify;\"><span style=\"font-family: verdana, geneva, sans-serif;\">El a\u00f1o pasado el ministro de Econom\u00eda decidi\u00f3 subir las retenciones. No es facultad del Ejecutivo. La Constituci\u00f3n es clara: \u00abArt\u00edculo 75.- Corresponde al Congreso: inc. 1. Legislar en materia aduanera. Establecer los derechos de importaci\u00f3n y exportaci\u00f3n,&#8230;\u00bb.<\/span><\/p>\n<p style=\"text-align: justify;\"><span style=\"font-family: verdana, geneva, sans-serif;\">Es una medida que afect\u00f3 a los exportadores de software. La c\u00e1mara empresarial, si es que no lo hizo a\u00fan, puede acudir a la Justicia a pedir su inconstitucionalidad y reclamar la devoluci\u00f3n de los aranceles de exportaci\u00f3n abonados.<\/span><\/p>\n<p style=\"text-align: justify;\"><span style=\"font-family: verdana, geneva, sans-serif;\">Dir\u00e1n: \u00abTodos los presidentes manejan los aranceles aduaneros\u00bb. S\u00ed, por el C\u00f3digo Aduanero firmado por Jos\u00e9 Mart\u00ednez de Hoz y Jorge Rafael Videla. El horror a la dictadura de nuestros grandes dem\u00f3cratas desde 1983 a la fecha es selectiva. Recaudar impuestos no los horroriza.<\/span><\/p>\n<p style=\"text-align: justify;\"><span style=\"font-family: verdana, geneva, sans-serif;\">S\u00f3lo el Congreso puede disponer la venta de tierras de propiedad nacional. Sin embargo, desde que asumi\u00f3, Mauricio Macri entr\u00f3 en una vor\u00e1gine de venta de tierras p\u00fablicas, a trav\u00e9s del sol\u00edcito Ram\u00f3n Lan\u00fas. Al asumir, Macri no sab\u00eda cu\u00e1l era el panorama de gobierno, seg\u00fan sus propios dichos, sin embargo a los quince d\u00edas decidi\u00f3 vender terrenos y edificios p\u00fablicos, en coquetos barrios de la capital y en Washington. \u00abArt\u00edculo 75.- Corresponde al Congreso:&#8230;inc. 5. Disponer del uso y de la enajenaci\u00f3n de las tierras de propiedad nacional\u00bb.<\/span><\/p>\n<p style=\"text-align: justify;\"><span style=\"font-family: verdana, geneva, sans-serif;\">Todo lo que arregl\u00f3 el actual gobierno con el FMI no es v\u00e1lido seg\u00fan nuestra Constituci\u00f3n Nacional. \u00abArt\u00edculo 75.- Corresponde al Congreso:&#8230;7. Arreglar el pago de la deuda interior y exterior de la Naci\u00f3n\u00bb.<\/span><\/p>\n<p style=\"text-align: justify;\"><span style=\"font-family: verdana, geneva, sans-serif;\">Si uno va a pedir un cr\u00e9dito al banco, \u00e9ste exige copia del estatuto de la empresa, y las actas de nombramiento de autoridades y apoderados. Si el estatuto dice que s\u00f3lo el Directorio puede solicitar cr\u00e9ditos, el banco exigir\u00e1 la correspondiente acta de Directorio con la autorizaci\u00f3n a contraer el cr\u00e9dito.<\/span><br \/>\n<span style=\"font-family: verdana, geneva, sans-serif;\">\u00bfY el FMI presta dinero en violaci\u00f3n a la Constituci\u00f3n de un pa\u00eds? Mala praxis. Tal vez vez provoquemos el cierre de ese antro de bur\u00f3cratas sobrepagados que es el FMI.<\/span><\/p>\n<p style=\"text-align: justify;\"><span style=\"font-family: verdana, geneva, sans-serif;\"><strong>CRECIMIENTO<\/strong><\/span><\/p>\n<p style=\"text-align: justify;\"><span style=\"font-family: verdana, geneva, sans-serif;\">Quiero ahora detenerme en el inc. 19 del Art. 75 de nuestra CN. \u00ab\u00bbArt\u00edculo 75.- Corresponde al Congreso:&#8230; Proveer al crecimiento arm\u00f3nico de la Naci\u00f3n y al poblamiento de su territorio; promover pol\u00edticas diferenciadas que tiendan a equilibrar el desigual desarrollo relativo de provincias y regiones\u00bb\u00bb.<\/span><br \/>\n<span style=\"font-family: verdana, geneva, sans-serif;\">El 15 de julio del a\u00f1o pasado propuse en esta columna duplicar o triplicar nuestro PBI mediante una Segunda Conquista del Desierto (3). Aumentar la poblaci\u00f3n de todos los pueblos artificialmente deshabitados. Despoblar las grandes urbes mediante la eliminaci\u00f3n de subsidios y privilegios que llevan a la concentraci\u00f3n poblacional.<\/span><\/p>\n<p style=\"text-align: justify;\"><span style=\"font-family: verdana, geneva, sans-serif;\">La Constituci\u00f3n obliga a nuestros gobernantes a generar los incentivos para que la poblaci\u00f3n se instale en todo el pa\u00eds. Hacen lo contrario. Gravan a las zonas rurales (u$s 11.000.000.000 s\u00f3lo en retenciones mayormente agr\u00edcolas), a lo que se le suma el impuesto a los bienes personales -que afecta a quien tiene su capital en tierras- y el impuesto al combustible que encarece artificialmente el flete (perjudica las econom\u00edas regionales). Sin embargo los impuestos al combustible fueron votados por los senadores de todas las econom\u00edas regionales del pa\u00eds.<\/span><\/p>\n<p style=\"text-align: justify;\"><span style=\"font-family: verdana, geneva, sans-serif;\">Las retenciones agropecuarias son un incentivo a despoblar el interior del pa\u00eds y mudarse a las grandes ciudades donde el estado gasta esas mismas retenciones. Va de nuevo: las retenciones a los productos agropecuarios son un mecanismo para despoblar las provincias y poblar las grandes urbes. \u00bfPor qu\u00e9? Porque el estado gasta esos recursos en subsidios a los habitantes urbanos.<\/span><\/p>\n<p style=\"text-align: justify;\"><span style=\"font-family: verdana, geneva, sans-serif;\">Desde el momento en que est\u00e1 escrito en la Constituci\u00f3n, senadores (c\u00e1mara de inicio de estas leyes) y diputados saben qu\u00e9 deben hacer. Sin embargo se distraen en implementar agendas for\u00e1neas.<\/span><\/p>\n<p style=\"text-align: justify;\"><span style=\"font-family: verdana, geneva, sans-serif;\">Retrucar\u00e1n que el Congreso ha delegado al Ejecutivo las facultades de endeudarnos, de vender tierras, de manipular el tipo de cambio o subir las retenciones por leyes ad hoc. Sin embargo los legisladores no pueden transferir su responsabilidad. La CN establece: \u00abArt\u00edculo 76.- Se proh\u00edbe la delegaci\u00f3n legislativa en el Poder Ejecutivo\u00bb.<\/span><\/p>\n<p style=\"text-align: justify;\"><span style=\"font-family: verdana, geneva, sans-serif;\">LOS ROLES<\/span><\/p>\n<p style=\"text-align: justify;\"><span style=\"font-family: verdana, geneva, sans-serif;\">La definici\u00f3n de patrimonio neto (de una persona, de una empresa, de un pa\u00eds) es todo aquello que se tiene menos todo lo que se debe. Lo m\u00ednimo que uno le pide a un gobernante es que no haga da\u00f1o. \u00abPrimum non nocere\u00bb. Queremos que nuestros gobernantes no nos generen da\u00f1o.<\/span><\/p>\n<p style=\"text-align: justify;\"><span style=\"font-family: verdana, geneva, sans-serif;\">A casi cuatro a\u00f1os de asumir Macri, el estado nacional (lo que le dimos a administrar), \u00bfest\u00e1 mejor o peor? \u00bfEl patrimonio neto del estado nacional subi\u00f3 o baj\u00f3? Una naci\u00f3n tiene capital monetario y simb\u00f3lico. En lo simb\u00f3lico, \u00bfsomos un mejor pa\u00eds con m\u00e1s o menos patrimonio intangible si destruimos el Tiro Federal o si se hunde el \u00fanico submarino que ten\u00edamos o estamos peor?<\/span><\/p>\n<p style=\"text-align: justify;\"><span style=\"font-family: verdana, geneva, sans-serif;\">Los ciudadanos, en nuestro patrimonio familiar, \u00bfsomos m\u00e1s ricos o m\u00e1s pobres? A algunos les habr\u00e1 ido bien, a otros regular y a otros mal. En la sumatoria de cada fortuna personal, \u00bfbaj\u00f3 o subi\u00f3 nuestro patrimonio neto consolidado?<\/span><\/p>\n<p style=\"text-align: justify;\"><span style=\"font-family: verdana, geneva, sans-serif;\">La riqueza no s\u00f3lo se genera trabajando. Se necesita un marco legal y paz. Nuestro lema es En Uni\u00f3n y Libertad. Juan Bautista Alberdi fatig\u00f3 explicando paso por paso por qu\u00e9 un marco legal era imprescindible para la generaci\u00f3n de riqueza.<\/span><\/p>\n<p style=\"text-align: justify;\"><span style=\"font-family: verdana, geneva, sans-serif;\">Si el Congreso no se ocupa de lo que se tiene que ocupar y el Ejecutivo hace lo que no debe, a nosotros s\u00f3lo nos espera el escal\u00f3n siguiente de pobreza. No es posible prosperar si no se respeta la Constituci\u00f3n.<\/span><br \/>\n<span style=\"font-family: verdana, geneva, sans-serif;\">A los miembros de la casta pol\u00edtica: tal vez hoy se sientan en la cima de la colina porque pasan el sushi por caja chica. Sin embargo, la Constituci\u00f3n es clara: si nos generan perjuicio, si da\u00f1an nuestro patrimonio, nuestra vida o nuestro honor, la c\u00e1rcel est\u00e1 a la vuelta de la esquina. Art\u00edculo 29 de la Constituci\u00f3n Nacional.<\/span><\/p>\n<p style=\"text-align: justify;\"><span style=\"font-family: verdana, geneva, sans-serif;\">1.\u00a0<a href=\"https:\/\/bit.ly\/2XDnsK0\">https:\/\/bit.ly\/2XDnsK0<\/a><\/span><\/p>\n<p style=\"text-align: justify;\"><span style=\"font-family: verdana, geneva, sans-serif;\">2.<a href=\"http:\/\/https\/\/bit.ly\/32lL5p8\">http:\/\/https:\/\/bit.ly\/32lL5p8<\/a><\/span><\/p>\n<p style=\"text-align: justify;\"><span style=\"font-family: verdana, geneva, sans-serif;\">3.<a href=\"http:\/\/https\/\/bit.ly\/2xLtxF2\">http:\/\/https:\/\/bit.ly\/2xLtxF2<\/a><\/span><\/p>\n<\/div>\n<div><\/div>\n<div class=\"description\" style=\"text-align: justify;\"><em><strong><span style=\"font-family: verdana, geneva, sans-serif; font-size: 10pt;\">* Licenciada de Econom\u00eda UBA, Master en Finanzas, Ucema. Posgrado Agronegocios, Agronom\u00eda UBA.<\/span><\/strong><\/em><\/div>\n<div style=\"text-align: justify;\"><strong><em><span style=\"font-family: verdana, geneva, sans-serif; font-size: 10pt;\">** Tomado de La Prensa, Argentina, http:\/\/www.laprensa.com.ar\/478565-Sera-imposible-prosperar-si-no-se-respeta-la-Constitucion.note.aspx<\/span><\/em><\/strong><\/div>\n","protected":false},"excerpt":{"rendered":"<p>Iris Speroni* El poder legislativo debe ejercer su rol y tomar las decisiones clave para el futuro de la Naci\u00f3n. El Congreso tiene entre sus facultades contraer deuda externa, reglar los derechos de importaci\u00f3n y exportaci\u00f3n, y generar los incentivos para poblar el pa\u00eds. &nbsp; Somos testigos de la campa\u00f1a electoral m\u00e1s cara de la &hellip; <a href=\"https:\/\/saeeg.org\/index.php\/2019\/07\/14\/sera-imposible-prosperar-si-se-respeta-la-constitucion\/\" class=\"more-link\">Seguir leyendo <span class=\"screen-reader-text\">Ser\u00e1 imposible prosperar si no se respeta la Constituci\u00f3n<\/span> <span class=\"meta-nav\">&rarr;<\/span><\/a><\/p>\n","protected":false},"author":2,"featured_media":0,"comment_status":"open","ping_status":"open","sticky":false,"template":"","format":"standard","meta":{"footnotes":""},"categories":[77,64],"tags":[92],"class_list":["post-597","post","type-post","status-publish","format-standard","hentry","category-argentina-2","category-economia","tag-deuda-externa-congreso-de-la-nacion-constitucion-nacional"],"_links":{"self":[{"href":"https:\/\/saeeg.org\/index.php\/wp-json\/wp\/v2\/posts\/597","targetHints":{"allow":["GET"]}}],"collection":[{"href":"https:\/\/saeeg.org\/index.php\/wp-json\/wp\/v2\/posts"}],"about":[{"href":"https:\/\/saeeg.org\/index.php\/wp-json\/wp\/v2\/types\/post"}],"author":[{"embeddable":true,"href":"https:\/\/saeeg.org\/index.php\/wp-json\/wp\/v2\/users\/2"}],"replies":[{"embeddable":true,"href":"https:\/\/saeeg.org\/index.php\/wp-json\/wp\/v2\/comments?post=597"}],"version-history":[{"count":0,"href":"https:\/\/saeeg.org\/index.php\/wp-json\/wp\/v2\/posts\/597\/revisions"}],"wp:attachment":[{"href":"https:\/\/saeeg.org\/index.php\/wp-json\/wp\/v2\/media?parent=597"}],"wp:term":[{"taxonomy":"category","embeddable":true,"href":"https:\/\/saeeg.org\/index.php\/wp-json\/wp\/v2\/categories?post=597"},{"taxonomy":"post_tag","embeddable":true,"href":"https:\/\/saeeg.org\/index.php\/wp-json\/wp\/v2\/tags?post=597"}],"curies":[{"name":"wp","href":"https:\/\/api.w.org\/{rel}","templated":true}]}}