{"id":646,"date":"2019-08-04T20:44:10","date_gmt":"2019-08-04T20:44:10","guid":{"rendered":"http:\/\/saeeg.org\/?p=646"},"modified":"2019-08-10T20:49:30","modified_gmt":"2019-08-10T20:49:30","slug":"el-eterno-retorno-del-generalista","status":"publish","type":"post","link":"https:\/\/saeeg.org\/index.php\/2019\/08\/04\/el-eterno-retorno-del-generalista\/","title":{"rendered":"EL ETERNO RETORNO DEL GENERALISTA"},"content":{"rendered":"<p style=\"text-align: center;\"><span style=\"font-family: verdana, geneva, sans-serif;\"><strong><em>Agust\u00edn Saavedra Weise*<\/em><\/strong><\/span><\/p>\n<p style=\"text-align: center;\"><a href=\"http:\/\/saeeg.org\/wp-content\/uploads\/2019\/08\/generalista-especialista.jpeg\"><img loading=\"lazy\" decoding=\"async\" class=\"aligncenter wp-image-647\" src=\"http:\/\/saeeg.org\/wp-content\/uploads\/2019\/08\/generalista-especialista-300x172.jpeg\" alt=\"\" width=\"470\" height=\"269\" srcset=\"https:\/\/saeeg.org\/wp-content\/uploads\/2019\/08\/generalista-especialista-300x172.jpeg 300w, https:\/\/saeeg.org\/wp-content\/uploads\/2019\/08\/generalista-especialista.jpeg 699w\" sizes=\"auto, (max-width: 470px) 100vw, 470px\" \/><\/a><\/p>\n<p style=\"text-align: justify;\"><span style=\"font-family: verdana, geneva, sans-serif;\">Algunos lectores deben recordar que en marzo escrib\u00ed una nota comentando c\u00f3mo lo tomaron a menos, en 1978, los estudiantes de Harvard al gran escritor ruso Alexandr Solzhenitsin \u2014premio nobel de literatura y en ese entonces exiliado del comunismo sovi\u00e9tico\u2014 una vez termin\u00f3 de pronunciar una conferencia de vastos alcances. Los j\u00f3venes tildaron su disertaci\u00f3n de \u201canticuada\u201d. Acostumbrados por la presi\u00f3n profesional de especializarse r\u00e1pidamente para ganar m\u00e1s dinero y ascender en sus respectivos campos de actividad, esos sin duda inteligentes j\u00f3venes, no captaron bien el mensaje de un personaje brillante de mente amplia.<\/span><\/p>\n<p style=\"text-align: justify;\"><span style=\"font-family: verdana, geneva, sans-serif;\">Desde mucho antes y hasta nuestros d\u00edas, la pugna entre generalistas y especialistas nunca se ha definido del todo con un \u201cknock out\u201d rotundo de uno a otro, pero es un hecho que en las \u00faltimas d\u00e9cadas los especialistas le han ganado de lejos a los generalistas, quienes entraron en un cono de sombra que se pens\u00f3 ser\u00eda definitivo. Pero no fue as\u00ed. Ahora somos testigos del eterno retorno de los generalistas, al mejor estilo de la teor\u00eda al respecto del fil\u00f3sofo Federico Nietzsche. Tal como ha venido ocurriendo c\u00edclicamente a lo largo de la historia, nuevamente aquellos con capacidad de interconectar calidades, cantidades y disciplinas varias, le est\u00e1n torciendo la mano a los archiespecializados profesionales, muy capaces ciertamente, pero que piensan, caminan y act\u00faan como caballos con anteojeras que solo miran lo que tienen por delante. No ven otra cosa que su propio camino y con ello pierden la visi\u00f3n grande, esa maravillosa posibilidad de interactuar y ejercer razonamientos m\u00faltiples.<\/span><\/p>\n<p style=\"text-align: justify;\"><span style=\"font-family: verdana, geneva, sans-serif;\">Seg\u00fan David Epstein, autor del libro <em>Range<\/em> (Alcance o Rango) \u00faltimamente de gran moda, los generalistas sobresalen en un mundo especializado; llevan la batuta en esta era de la quinta generaci\u00f3n de comunicaciones m\u00f3viles (5G), inteligencia artificial, auge cibern\u00e9tico y tecnolog\u00eda h\u00edper din\u00e1mica. Epstein se refiere a la necesidad de tener un \u201chombre del renacimiento\u201d, un ser que pueda verlo todo e imaginar m\u00faltiples cosas sin ce\u00f1irse a una sola idea fija. Por otro lado, la verdad es que ambas perspectivas \u2014la general y la especial\u2014 deben fusionarse y complementarse; de hecho as\u00ed sucede.<\/span><\/p>\n<p style=\"text-align: justify;\"><span style=\"font-family: verdana, geneva, sans-serif;\">Desde mi modesta perspectiva y sin desde\u00f1ar la enorme importancia que siempre tendr\u00e1 el especialista, saludo este eterno retorno del pensador en grande, el regreso de la figura metaf\u00f3rica del \u00e1guila que mira desde el cielo y escrudi\u00f1a los horizontes. Donde quiera que Solzhenitsin se encuentre debe sonre\u00edr al observar el \u201ccorsi-ricorsi\u201d c\u00edclico que nuevamente le otorga prioridad a quienes tienen pensamientos continentales, \u00fanica manera \u2014al fin y al cabo\u2014 de comprender la realidad totalizadora del agitado mundo en que hoy vivimos.<\/span><\/p>\n<p style=\"text-align: justify;\"><span style=\"font-family: verdana, geneva, sans-serif; font-size: 10pt;\"><strong><em>* Economista y Polit\u00f3logo. Miembro del CEID y de la SAEEG &#8211; <a href=\"http:\/\/www.agustinsaavedraweise.com\">www.agustinsaavedraweise.com<\/a><\/em><\/strong><\/span><\/p>\n<p style=\"text-align: justify;\"><span style=\"font-family: verdana, geneva, sans-serif; font-size: 10pt;\"><strong><em>Tomado de El Deber, Santa Cruz de la Sierra, Bolivia, https:\/\/www.eldeber.com.bo\/opinion\/El-eterno-retorno-del-generalista-20190803-9595.html<\/em><\/strong><\/span><\/p>\n<p><strong>\u00a0<\/strong><\/p>\n","protected":false},"excerpt":{"rendered":"<p>Agust\u00edn Saavedra Weise* Algunos lectores deben recordar que en marzo escrib\u00ed una nota comentando c\u00f3mo lo tomaron a menos, en 1978, los estudiantes de Harvard al gran escritor ruso Alexandr Solzhenitsin \u2014premio nobel de literatura y en ese entonces exiliado del comunismo sovi\u00e9tico\u2014 una vez termin\u00f3 de pronunciar una conferencia de vastos alcances. Los j\u00f3venes &hellip; <a href=\"https:\/\/saeeg.org\/index.php\/2019\/08\/04\/el-eterno-retorno-del-generalista\/\" class=\"more-link\">Seguir leyendo <span class=\"screen-reader-text\">EL ETERNO RETORNO DEL GENERALISTA<\/span> <span class=\"meta-nav\">&rarr;<\/span><\/a><\/p>\n","protected":false},"author":5,"featured_media":0,"comment_status":"open","ping_status":"open","sticky":false,"template":"","format":"standard","meta":{"footnotes":""},"categories":[63],"tags":[146,147,145,54,144],"class_list":["post-646","post","type-post","status-publish","format-standard","hentry","category-opinion","tag-especialista","tag-generalista","tag-knock-out","tag-pensamiento-estrategico","tag-solzhenitsin-nietzsche"],"_links":{"self":[{"href":"https:\/\/saeeg.org\/index.php\/wp-json\/wp\/v2\/posts\/646","targetHints":{"allow":["GET"]}}],"collection":[{"href":"https:\/\/saeeg.org\/index.php\/wp-json\/wp\/v2\/posts"}],"about":[{"href":"https:\/\/saeeg.org\/index.php\/wp-json\/wp\/v2\/types\/post"}],"author":[{"embeddable":true,"href":"https:\/\/saeeg.org\/index.php\/wp-json\/wp\/v2\/users\/5"}],"replies":[{"embeddable":true,"href":"https:\/\/saeeg.org\/index.php\/wp-json\/wp\/v2\/comments?post=646"}],"version-history":[{"count":0,"href":"https:\/\/saeeg.org\/index.php\/wp-json\/wp\/v2\/posts\/646\/revisions"}],"wp:attachment":[{"href":"https:\/\/saeeg.org\/index.php\/wp-json\/wp\/v2\/media?parent=646"}],"wp:term":[{"taxonomy":"category","embeddable":true,"href":"https:\/\/saeeg.org\/index.php\/wp-json\/wp\/v2\/categories?post=646"},{"taxonomy":"post_tag","embeddable":true,"href":"https:\/\/saeeg.org\/index.php\/wp-json\/wp\/v2\/tags?post=646"}],"curies":[{"name":"wp","href":"https:\/\/api.w.org\/{rel}","templated":true}]}}