{"id":7716,"date":"2023-07-02T22:54:00","date_gmt":"2023-07-03T01:54:00","guid":{"rendered":"https:\/\/saeeg.org\/?p=7716"},"modified":"2023-07-03T00:09:05","modified_gmt":"2023-07-03T03:09:05","slug":"orden-divino-tesoro","status":"publish","type":"post","link":"https:\/\/saeeg.org\/index.php\/2023\/07\/02\/orden-divino-tesoro\/","title":{"rendered":"ORDEN, DIVINO TESORO"},"content":{"rendered":"\n<p><\/p>\n\n\n\n<p><\/p>\n\n\n\n<p style=\"text-align: center;\"><span style=\"font-family: tahoma, arial, helvetica, sans-serif;\"><strong><em data-rich-text-format-boundary=\"true\">Iris Speroni*<\/em><\/strong><\/span><\/p>\n\n\n<div class=\"wp-block-image\">\n<figure class=\"aligncenter size-full\"><img loading=\"lazy\" decoding=\"async\" width=\"630\" height=\"502\" src=\"https:\/\/saeeg.org\/wp-content\/uploads\/2023\/07\/IRIS-SPERONI-ORDEN.png\" alt=\"\" class=\"wp-image-7717\" srcset=\"https:\/\/saeeg.org\/wp-content\/uploads\/2023\/07\/IRIS-SPERONI-ORDEN.png 630w, https:\/\/saeeg.org\/wp-content\/uploads\/2023\/07\/IRIS-SPERONI-ORDEN-300x239.png 300w\" sizes=\"auto, (max-width: 630px) 100vw, 630px\" \/><\/figure>\n<\/div>\n\n\n<figure class=\"wp-block-table\"><table><tbody><tr><td><strong><em>\u201cEl Jard\u00edn de las Delicias\u201d de El Bosco, detalle.<\/em><\/strong><\/td><\/tr><\/tbody><\/table><\/figure>\n\n\n\n<p style=\"text-align: center;\"><span style=\"font-family: tahoma, arial, helvetica, sans-serif; font-size: 18pt; color: #0000ff;\"><strong><em>En nuestro bendito pa\u00eds vivimos entre el caos y la anomia.\u00a0<\/em><\/strong><\/span><\/p>\n<p style=\"text-align: justify;\">\u00a0<\/p>\n<p style=\"text-align: justify;\"><span style=\"font-family: tahoma, arial, helvetica, sans-serif; font-size: 10pt;\"><strong><em>Lecturas previas:<\/em><\/strong><\/span><\/p>\n<p style=\"text-align: justify;\"><span style=\"font-family: tahoma, arial, helvetica, sans-serif; font-size: 10pt;\"><em>Equilibrio inestable<\/em><\/span><\/p>\n<p style=\"text-align: justify;\"><span style=\"font-family: tahoma, arial, helvetica, sans-serif; font-size: 10pt;\"><a href=\"https:\/\/draft.blogger.com\/u\/1\/blog\/post\/edit\/8741402008723821147\/3959353566480328388\"><em>http:\/\/restaurarg.blogspot.com\/2019\/12\/2020.html<\/em><\/a><\/span><\/p>\n<p style=\"text-align: justify;\"><span style=\"font-family: tahoma, arial, helvetica, sans-serif; font-size: 10pt;\"><em>M\u00e1s de lo mismo\u00a0<\/em><\/span><\/p>\n<p style=\"text-align: justify;\"><span style=\"font-family: tahoma, arial, helvetica, sans-serif; font-size: 10pt;\"><a href=\"https:\/\/draft.blogger.com\/u\/1\/blog\/post\/edit\/8741402008723821147\/3959353566480328388\"><em>http:\/\/restaurarg.blogspot.com\/2020\/08\/mas-de-lo-mismo.html<\/em><\/a><\/span><\/p>\n<p style=\"text-align: justify;\">\u00a0<\/p>\n<p style=\"text-align: justify;\"><span style=\"font-family: tahoma, arial, helvetica, sans-serif; font-size: 12pt;\">El caos y la anomia van desde cosas menores que s\u00f3lo causan inconvenientes y trastornos, a temas graves.<\/span><\/p>\n<p style=\"text-align: justify;\"><span style=\"font-family: tahoma, arial, helvetica, sans-serif; font-size: 12pt;\">A saber:<\/span><\/p>\n<p style=\"text-align: justify;\"><span style=\"font-family: tahoma, arial, helvetica, sans-serif; font-size: 12pt;\">Los delincuentes comunes tienen carta blanca para asaltar a un trabajador que espera el colectivo a las cinco de la ma\u00f1ana, o una se\u00f1ora que viene de hacer las compras; a robar una mochila, un celular, una moto, un autom\u00f3vil, un comercio minorista, ganado o una carga de cami\u00f3n. El Estado, como instituci\u00f3n, no persigue al delito com\u00fan.<\/span><\/p>\n<p style=\"text-align: justify;\"><span style=\"font-family: tahoma, arial, helvetica, sans-serif; font-size: 12pt;\">Las personas de a pie todos los d\u00edas viven con zozobra las m\u00e1s diversas situaciones: si habr\u00e1 transporte p\u00fablico al d\u00eda siguiente para ir a trabajar o, peor a\u00fan, para volver a la tarde a la casa. Si habr\u00e1 clases o no al d\u00eda siguiente y por lo tanto, con qui\u00e9n dejar a los ni\u00f1os. El Estado, a pesar de arrogarse la autoridad de aplicaci\u00f3n de control \u2014y a veces gesti\u00f3n\u2014 del transporte p\u00fablico (o de educaci\u00f3n), no cubre su obligaci\u00f3n.<\/span><\/p>\n<p style=\"text-align: justify;\"><span style=\"font-family: tahoma, arial, helvetica, sans-serif; font-size: 12pt;\">Acceder a la salud p\u00fablica en algunos lugares puede ser ca\u00f3tico. Las guardias de los hospitales est\u00e1n sobrepasadas, con reyertas permanentes (por el conflicto por mucha demanda y oferta insuficiente) entre los pacientes con el personal y entre s\u00ed. A lo que hay que agregar \u2014al menos en las grandes urbes\u2014 escenas de prepotencia por parte de drogones que exigen psicof\u00e1rmacos al personal. La polic\u00eda o est\u00e1 ausente o su presencia es a todas luces insuficiente, lo cual deja desprotegido al personal, al resto de los pacientes y a las instalaciones.<\/span><\/p>\n<p style=\"text-align: justify;\"><span style=\"font-family: tahoma, arial, helvetica, sans-serif; font-size: 12pt;\">Ingresar a algunas universidades p\u00fablicas \u2014no todas\u2014 es un viaje psicod\u00e9lico. Parecen las habitaciones de heroin\u00f3manos \u2014al menos como las describen en Hollywood\u2014 o las fotos del departamento de Charly en su peor momento. Graffitis, trapos colgados con leyendas que enuncian intereses y\/o demandas incomprensibles. No pareciera un \u00e1mbito propicio para el estudio. Lamentablemente las escuelas p\u00fablicas primarias y secundarias han adoptado esas modalidades en los \u00faltimos tiempos. Todas las superficies cubiertas con leyendas estramb\u00f3ticas \u2014ej. retrato de Mandela, banderas multicolores y rezos a la Pachamama\u2014 que, creo, deben distraer la atenci\u00f3n del alumnado. Digo yo, que de docencia y psicopedagog\u00eda no entiendo nada.<\/span><\/p>\n<p style=\"text-align: justify;\"><span style=\"font-family: tahoma, arial, helvetica, sans-serif; font-size: 12pt;\">Un escal\u00f3n abajo en este listado (a mi criterio), es la anomia en los lugares p\u00fablicos. Las disputas pol\u00edticas se dirimen por demostraciones de fuerza en la calle (no otra cosa es cortar una ruta o la 9 de julio); dando por redundante el sistema de representaci\u00f3n instituido (los cuerpos deliberativos definidos por la Constituci\u00f3n). Se extiende a lo m\u00e1s pedestre: sin que nos enter\u00e1ramos se suprimi\u00f3 la prohibici\u00f3n de defecar, orinar o copular en la v\u00eda p\u00fablica, no hace falta higienizarse para utilizar el transporte p\u00fablico y se ha degradado toda forma de convivencia.<\/span><\/p>\n<p style=\"text-align: justify;\"><span style=\"font-family: tahoma, arial, helvetica, sans-serif; font-size: 12pt;\">Pero el peor desorden es la ausencia de moneda. Nada tiene precio. Nadie sabe cu\u00e1nto va a valer el sueldo cuando se cobre [*]. Lo mismo corre para los honorarios, facturas o cualquier otra cuenta a cobrar. Tampoco uno sabe cu\u00e1nto pagar\u00e1 de luz el pr\u00f3ximo bimestre. Hasta el ABL cambia mensualmente por inflaci\u00f3n. En resumen, es imposible hacer la m\u00e1s m\u00ednima planificaci\u00f3n de la econom\u00eda familiar o de un comercio o de una industria o de una producci\u00f3n agropecuaria o de un servicio a brindar. Un horizonte de tres meses es una alquimia. El Estado no cumple con su obligaci\u00f3n de sostener el valor de una moneda de curso legal.<\/span><\/p>\n<p style=\"text-align: justify;\"><span style=\"font-family: tahoma, arial, helvetica, sans-serif; font-size: 12pt;\">Otro punto, que afecta a las empresas y a las econom\u00edas familiares por igual, es la tasa de inter\u00e9s. La misma est\u00e1 determinada unilateralmente por el BCRA. \u00c9sta constituye el piso m\u00ednimo de todas las tasas de inter\u00e9s en pesos en la econom\u00eda argentina. Si el BCRA fija una tasa de 80% anual para sus transacciones, todas las tasas de la econom\u00eda ser\u00e1n 80%+plus. Si la fija en 100%, no habr\u00e1 tasa en la econom\u00eda inferior a eso. Por lo tanto, todo particular que deba saldar sus deudas con la tarjeta de cr\u00e9dito o retraso de pago de servicios p\u00fablicos o impuestos, pagar\u00e1 lo que fije el BCRA m\u00e1s algo. En cuanto a los privados, les define el costo de descontar cuentas a cobrar (o cheques diferidos o pagar\u00e9s). A veces, deben venderlos por la mitad de su valor si quieren contar con la liquidez necesaria para hacer frente a sus obligaciones, por ejemplo, el adelanto de impuestos. En resumen, el Estado, v\u00eda el BCRA, les complica la vida a todos y pone en riesgo, eventualmente, la supervivencia de su explotaci\u00f3n. El Estado, o mejor dicho, los gobernantes que administran al Estado, no nos<em> aseguran los beneficios de la libertad<\/em>.<\/span><\/p>\n<p style=\"text-align: justify;\">\u00a0<\/p>\n<p style=\"text-align: justify;\"><span style=\"font-family: tahoma, arial, helvetica, sans-serif; font-size: 12pt;\"><strong>Fue el Estado<\/strong><\/span><\/p>\n<p style=\"text-align: justify;\"><span style=\"font-family: tahoma, arial, helvetica, sans-serif; font-size: 12pt;\">Es el Estado el que instala la anomia y el caos en la sociedad y no al rev\u00e9s.<\/span><\/p>\n<p style=\"text-align: justify;\"><span style=\"font-family: tahoma, arial, helvetica, sans-serif; font-size: 12pt;\">No es un pueblo descontrolado al cual los gobernantes no saben o pueden controlar, sino un pueblo razonablemente ordenado y coherente al cual el Estado boicotea, dinamita y bastardea permanentemente 7&#215;24.<\/span><\/p>\n<p style=\"text-align: justify;\"><span style=\"font-family: tahoma, arial, helvetica, sans-serif; font-size: 12pt;\">Una buena prueba fue la celebraci\u00f3n por el tercer campeonato del mundo de f\u00fatbol de varones. Millones de personas en la calle. Pudo ser una tragedia. Una puerta doce multiplicada por diez mil. Nada sucedi\u00f3. En parte porque la gente estaba feliz. Pero en parte porque somos personas intr\u00ednsecamente civilizadas y \u2014lo hemos demostrado a carta cabal\u2014 sabemos convivir. O supimos hacerlo esas cuantas horas.<\/span><\/p>\n<p style=\"text-align: justify;\"><span style=\"font-family: tahoma, arial, helvetica, sans-serif; font-size: 12pt;\">Esto se agrega a lo cotidiano. Todos los d\u00edas la gente va a trabajar (aun cuando no se sepa el valor de compra del sueldo a fin de mes). Los proveedores entregan la mercader\u00eda, a veces con precio abierto. Los profesionales ofrecen sus servicios \u2014aunque la factura sea pagada 60 d\u00edas despu\u00e9s, Dios sabe a qu\u00e9 valor\u2014. Los alumnos van todos los d\u00edas a la escuela. Existen fechas de ex\u00e1menes. Se dan turnos para VTV. Los panaderos hornean su pan y las medialunas. Todos hacemos nuestra parte.<\/span><\/p>\n<p style=\"text-align: justify;\"><span style=\"font-family: tahoma, arial, helvetica, sans-serif; font-size: 12pt;\">Millones de argentinos todos los santos d\u00edas hacemos nuestra parte.<\/span><\/p>\n<p style=\"text-align: justify;\"><span style=\"font-family: tahoma, arial, helvetica, sans-serif; font-size: 12pt;\">Los \u00fanicos que no hacen su parte son los gobernantes.<\/span><span style=\"font-family: tahoma, arial, helvetica, sans-serif; font-size: 12pt;\"><strong>\u00a0<\/strong><\/span><\/p>\n<h5 style=\"text-align: justify;\"><span style=\"font-family: tahoma, arial, helvetica, sans-serif; font-size: 14pt;\"><strong>Los gobernantes<\/strong><\/span><\/h5>\n<p style=\"text-align: justify;\"><span style=\"font-family: tahoma, arial, helvetica, sans-serif; font-size: 12pt;\">Los representantes del pueblo tienen bien marcada la cancha. Los l\u00edmites y las reglas de juego. Se les dice lo que deben hacer y juran hacerlo. \u00bfD\u00f3nde? \u00bfC\u00f3mo?<\/span><\/p>\n<p style=\"text-align: justify;\"><span style=\"font-family: tahoma, arial, helvetica, sans-serif; font-size: 12pt;\">La Constituci\u00f3n les dice sus obligaciones. La ceremonia de asunci\u00f3n no es para que les aplauda la familia. Es una formalidad donde juran respetar la constituci\u00f3n, ante testigos y en presencia de fedatario (escribano). Esto es, se hacen cargo de un contrato.<\/span><\/p>\n<p style=\"text-align: justify;\"><span style=\"font-family: tahoma, arial, helvetica, sans-serif; font-size: 12pt;\">\u00bfQu\u00e9 les ordena a hacer la constituci\u00f3n a nuestros queridos, bien amados gobernantes?<\/span><\/p>\n<p style=\"text-align: justify;\"><span style=\"font-family: tahoma, arial, helvetica, sans-serif; font-size: 12pt;\">\u201c<strong><em>Pre\u00e1mbulo\u2026afianzar la justicia, consolidar la paz interior<\/em><\/strong>\u201d. Esto implica ocuparse de los delincuentes comunes y evitar que nos masacren por goteo y en c\u00e1mara lenta, como sucede ahora. El <em>laissez faire, laissez passer<\/em> actual, aprovechar la excusa de la pandemia para liberar presos, no buscar a los pr\u00f3fugos y no voy a enumerar las acciones de funcionarios p\u00fablicos que conocemos de memoria, es un incumplimiento de esta cl\u00e1usula del contrato. \u00bfPor qu\u00e9 lo hacen? Los que est\u00e1n en el <em>m\u00e9tier<\/em> (fiscales, jueces, algunos polic\u00edas, empleados judiciales) probablemente lo hagan por plata. El resto de la dirigencia pol\u00edtica lo hace o bien porque el crimen les lleva su parte en efectivo una vez por semana o bien porque est\u00e1n demasiado ocupados robando en otra \u00e1rea de gobierno para meterle garra a esto. Quien se decida a cambiar las cosas, deber\u00e1 echar a (casi) todos los jueces y a (casi) todos los fiscales y vaciar (casi) todas las c\u00e1tedras de las facultades de derecho nacionales.<\/span><\/p>\n<p style=\"text-align: justify;\"><span style=\"font-family: tahoma, arial, helvetica, sans-serif; font-size: 12pt;\">Otra que H\u00e9rcules limpiando los establos.<\/span><\/p>\n<p style=\"text-align: justify;\"><span style=\"font-family: tahoma, arial, helvetica, sans-serif; font-size: 12pt;\">\u201c<strong><em>Pre\u00e1mbulo\u2026proveer a la defensa com\u00fan<\/em><\/strong>\u201d. Olv\u00eddense. Ni en la agenda est\u00e1. Le delegaron al Foreign Office la determinaci\u00f3n de los ascensos militares. No se gasta un peso ni en comprar una gomera. Un miembro jer\u00e1rquico de las FFAA con a\u00f1os de desempe\u00f1o y estudios gana mucho menos que un empleado administrativo raso de la ANSES. Por supuesto, no hay ni tanques, ni buques, ni aviones, ni municiones.<\/span><\/p>\n<p style=\"text-align: justify;\"><span style=\"font-family: tahoma, arial, helvetica, sans-serif; font-size: 12pt;\">\u201c<strong><em>Pre\u00e1mbulo\u2026promover el bienestar general<\/em><\/strong>\u201d. No hay bienestar si la jubilaci\u00f3n es miseria, si hay que esperar horas para ser atendido en una guardia, cuando la educaci\u00f3n es deficiente y el transporte p\u00fablico es err\u00e1tico, escaso, poco confortable y, a veces, peligroso.<\/span><\/p>\n<p style=\"text-align: justify;\"><span style=\"font-family: tahoma, arial, helvetica, sans-serif; font-size: 12pt;\">Pero lo peor de todo es la inestabilidad econ\u00f3mica. La destrucci\u00f3n de la moneda, el tipo de cambio manipulado, las altas tasas nominales de inter\u00e9s. Nada genera tanta angustia y zozobra en los corazones y en alma de todos los argentinos.<\/span><\/p>\n<p style=\"text-align: justify;\"><span style=\"font-family: tahoma, arial, helvetica, sans-serif; font-size: 12pt;\">Todos estos \u00edtems tambi\u00e9n forman parte del contrato que los funcionarios firman\/juran. El art. 75 de la Constituci\u00f3n, incs. 11 y 19, les exige a nuestros bien amados l\u00edderes:<\/span><\/p>\n<p style=\"text-align: justify;\"><span style=\"font-family: tahoma, arial, helvetica, sans-serif; font-size: 12pt;\">\u201c<em>11. Hacer sellar moneda, fijar su valor y el de las extranjeras\u2026 19. Proveer lo conducente a \u2026 la defensa del valor de la moneda\u2026<\/em>\u201d.<\/span><\/p>\n<p style=\"text-align: justify;\"><span style=\"font-family: tahoma, arial, helvetica, sans-serif; font-size: 12pt;\">Lo cual, a todas luces, no cumplen.<\/span><\/p>\n<p style=\"text-align: justify;\"><span style=\"font-family: tahoma, arial, helvetica, sans-serif; font-size: 12pt;\">La manipulaci\u00f3n del tipo de cambio por parte de las autoridades, su subvaluaci\u00f3n, hace que los bienes y servicios exportables reciban menos pesos que lo justo (lo que desestimula las exportaciones) y salga artificialmente barato importar (por eso los miles de millones de d\u00f3lares en chucher\u00edas que se traen de China). \u00bfPor qu\u00e9? Porque el Estado, con esta medida, desordena todos los precios de la econom\u00eda. Hace antiecon\u00f3mico explotar una finca de peras y manzanas o de vides (porque el propietario debe vender a mitad de su precio su cosecha) [**], pero tambi\u00e9n hace cuesta arriba competir con productos industriales cuando el importado se compra a mitad de precio.<\/span><\/p>\n<p style=\"text-align: justify;\"><span style=\"font-family: tahoma, arial, helvetica, sans-serif; font-size: 12pt;\">Todos estos efectos aunados generan destrucci\u00f3n de valor. Cierre de explotaciones, quiebras, desest\u00edmulos varios. P\u00e9rdida de riqueza, desocupaci\u00f3n, pobreza. Por todo esto, hace m\u00e1s de una d\u00e9cada que el PBI <em>per c\u00e1pita<\/em> decrece. Por todo esto, Argentina pierde palmo a palmo su lugar de potencia mundial desde hace d\u00e9cadas.<\/span><\/p>\n<h5 style=\"text-align: justify;\"><span style=\"font-family: tahoma, arial, helvetica, sans-serif; font-size: 14pt;\"><strong>El modelo<\/strong><\/span><\/h5>\n<p style=\"text-align: justify;\"><span style=\"font-family: tahoma, arial, helvetica, sans-serif; font-size: 12pt;\">Sin embargo \u00e9ste es el modelo econ\u00f3mico, pol\u00edtico, social y cultural del pa\u00eds. Podr\u00eda agregar m\u00e1s cosas, como que los gobiernos, en particular desde Macri a hoy, dejaron de festejar las fiestas patrias y se le falta el respeto lisa y llanamente a la religi\u00f3n oficial del Estado argentino, la cual se suplanta por paganismos varios. Pero es para otro d\u00eda. Me quedo en lo econ\u00f3mico.<\/span><\/p>\n<p style=\"text-align: justify;\"><span style=\"font-family: tahoma, arial, helvetica, sans-serif; font-size: 12pt;\">Este modelo \u2014LELIQs con intereses millonarios diarios, d\u00f3lar y todas las divisas subvaluadas, tasas de inter\u00e9s de tres d\u00edgitos\u2014, esto es el modelo. Es el sistema ca\u00f3tico con el cual el poder est\u00e1 c\u00f3modo.<\/span><\/p>\n<p style=\"text-align: justify;\"><span style=\"font-family: tahoma, arial, helvetica, sans-serif; font-size: 12pt;\">No es un modelo con problemas que anda mal. El modelo es \u00e9sto.<\/span><\/p>\n<p style=\"text-align: justify;\"><span style=\"font-family: tahoma, arial, helvetica, sans-serif; font-size: 12pt;\">Como las bacterias crecen cuando sube la temperatura (con ese proceso se hace el yogur o se leva la masa) de la misma manera quienes gobiernan se hacen m\u00e1s ricos con el caos; l\u00e9ase inflaci\u00f3n, distorsiones en los tipos de cambio y tasas de inter\u00e9s delirantes.<\/span><\/p>\n<h5 style=\"text-align: justify;\"><span style=\"font-family: tahoma, arial, helvetica, sans-serif; font-size: 14pt;\"><strong>El barril sin fondo<\/strong><\/span><\/h5>\n<p style=\"text-align: justify;\"><span style=\"font-family: tahoma, arial, helvetica, sans-serif; font-size: 12pt;\">Como el modelo es \u00e9ste, y con el mismo algunos pocos, justamente los que gobiernan, se hacen ricos, nadie propone cambiar. Nadie quiere, sabe o puede eliminar el sistema de Leliqs.<\/span><\/p>\n<p style=\"text-align: justify;\"><span style=\"font-family: tahoma, arial, helvetica, sans-serif; font-size: 12pt;\">Nadie quiere, sabe o puede acabar con el sistema desdoblado del mercado cambiario. Pueden preguntarle a cada uno de los candidatos.<\/span><\/p>\n<p style=\"text-align: justify;\"><span style=\"font-family: tahoma, arial, helvetica, sans-serif; font-size: 12pt;\">Nadie quiere acabar con el curro infinito de la deuda p\u00fablica.<\/span><\/p>\n<p style=\"text-align: justify;\"><span style=\"font-family: tahoma, arial, helvetica, sans-serif; font-size: 12pt;\">El tipo de cambio desdoblado (pagan la mitad a quienes exportan y se lo ceden a los amigos a mitad de precio) no lo van a cambiar. Quienes consiguen los d\u00f3lares a mitad de precio est\u00e1n ante el mejor negocio de sus vidas \u00bfqui\u00e9n no quiere comprar diez millones de d\u00f3lares al precio de cinco? No hay negocio sobre la tierra que se le compare. Ni robar las armas que EEUU manda a Ucrania y venderlas al mercado negro da m\u00e1s dinero que esto. Adem\u00e1s, no es un negocito de monedas. Se repartieron 88.446 millones de d\u00f3lares s\u00f3lo en 2022. Se repartieron hasta el fondo del tarro, al punto que meses despu\u00e9s no pueden hacer frente a las obligaciones del Estado. \u00a1Con todo el dinero que los argentinos les dieron en concepto de impuestos y confiscaci\u00f3n cambiaria!<\/span><\/p>\n<p style=\"text-align: justify;\"><span style=\"font-family: tahoma, arial, helvetica, sans-serif; font-size: 12pt;\">Mientras los productores de peras y manzanas de R\u00edo Negro o los madereros de Corrientes o los cultivadores de t\u00e9 de Misiones [***] no saquen el fac\u00f3n y degollen a medio directorio del BCRA, esto va a seguir sucediendo [****].<\/span><\/p>\n<p style=\"text-align: justify;\"><span style=\"font-family: tahoma, arial, helvetica, sans-serif; font-size: 12pt;\">\u00bfQu\u00e9 pas\u00f3 con ese dinero? \u00bfQu\u00e9 sucedi\u00f3 con los 88.446 millones de d\u00f3lares de exportaciones del 2022? \u00bfQu\u00e9 sucedi\u00f3 con los U$D 1.000 millones de exportaciones de man\u00ed del 2022?<\/span><\/p>\n<p style=\"text-align: justify;\"><span style=\"font-family: tahoma, arial, helvetica, sans-serif; font-size: 12pt;\">Se lo repartieron los amigos de De Mendiguren, quienes acceden a esos d\u00f3lares a mitad de precio. Los que anuncian inversiones en terminales automotrices inveros\u00edmiles, en la sapiencia de que el BCRA les vende esos cientos de millones de d\u00f3lares a mitad de precio. Invierto 20 millones, digo que sale 200 millones, compro 200 millones a mitad de precio. Gan\u00e9 80 millones de d\u00f3lares. Clinck, caja.<\/span><\/p>\n<p style=\"text-align: justify;\"><span style=\"font-family: tahoma, arial, helvetica, sans-serif; font-size: 12pt;\">Habr\u00e1 o no peaje en la secretar\u00eda que lo autorice, pero en el fondo, eso es irrelevante.<\/span><\/p>\n<p style=\"text-align: justify;\"><span style=\"font-family: tahoma, arial, helvetica, sans-serif; font-size: 12pt;\">El Estado funciona como una herramienta para quitarles dinero a unos argentinos y d\u00e1rsela a otros (y la mayor de las veces a extranjeros, como las terminales automotrices).<\/span><span style=\"font-family: tahoma, arial, helvetica, sans-serif; font-size: 12pt;\"><strong>\u00a0<\/strong><\/span><\/p>\n<h5 style=\"text-align: justify;\"><span style=\"font-family: tahoma, arial, helvetica, sans-serif; font-size: 14pt;\"><strong>Las pr\u00f3ximas elecciones<\/strong><\/span><\/h5>\n<p style=\"text-align: justify;\"><span style=\"font-family: tahoma, arial, helvetica, sans-serif; font-size: 12pt;\">Pareciera que la dirigencia empresarial y pol\u00edtica, que no se caracteriza ni por su altruismo, ni por sus deseos de grandeza, ni por el amor al pa\u00eds, ni por tener demasiadas luces, nos ofrece lo de siempre. El modelo BCRA+De Mendiguren.<\/span><\/p>\n<p style=\"text-align: justify;\"><span style=\"font-family: tahoma, arial, helvetica, sans-serif; font-size: 12pt;\">Por lo pronto a m\u00ed me importan pocas cosas para esta elecci\u00f3n:<\/span><\/p>\n<ol>\n<li style=\"list-style-type: none;\">\n<ol style=\"text-align: justify;\">\n<li><span style=\"font-family: tahoma, arial, helvetica, sans-serif; font-size: 12pt;\">entrar a los BRICS, y<\/span><\/li>\n<li><span style=\"font-family: tahoma, arial, helvetica, sans-serif; font-size: 12pt;\">esperar a que sobrevivamos a cuatro a\u00f1os de m\u00e1s de lo mismo.<\/span><\/li>\n<\/ol>\n<\/li>\n<\/ol>\n<p style=\"text-align: justify;\"><span style=\"font-family: tahoma, arial, helvetica, sans-serif; font-size: 12pt;\">Lo que a m\u00ed me importa:<\/span><\/p>\n<ol>\n<li style=\"list-style-type: none;\">\n<ol style=\"text-align: justify;\">\n<li><span style=\"font-family: tahoma, arial, helvetica, sans-serif; font-size: 12pt;\">acabar con el aborto,<\/span><\/li>\n<li><span style=\"font-family: tahoma, arial, helvetica, sans-serif; font-size: 12pt;\">acabar con el desatino de las LELIQs,<\/span><\/li>\n<li><span style=\"font-family: tahoma, arial, helvetica, sans-serif; font-size: 12pt;\">liberar el tipo de cambio,<\/span><\/li>\n<li><span style=\"font-family: tahoma, arial, helvetica, sans-serif; font-size: 12pt;\">comerciar libremente en cualquier divisa,<\/span><\/li>\n<li><span style=\"font-family: tahoma, arial, helvetica, sans-serif; font-size: 12pt;\">llegar al pleno empleo,<\/span><\/li>\n<li><span style=\"font-family: tahoma, arial, helvetica, sans-serif; font-size: 12pt;\">que todo el trabajo sea en blanco,<\/span><\/li>\n<li><span style=\"font-family: tahoma, arial, helvetica, sans-serif; font-size: 12pt;\">que el trabajo sea bien pago,<\/span><\/li>\n<li><span style=\"font-family: tahoma, arial, helvetica, sans-serif; font-size: 12pt;\">pertrechar a las FFAA,<\/span><\/li>\n<li><span style=\"font-family: tahoma, arial, helvetica, sans-serif; font-size: 12pt;\">llegar a U$D 300 mil millones de exportaciones.<\/span><\/li>\n<\/ol>\n<\/li>\n<\/ol>\n<p style=\"text-align: justify;\"><span style=\"font-family: tahoma, arial, helvetica, sans-serif; font-size: 12pt;\">Todo eso, ser\u00e1 para dentro de cuatro a\u00f1os, con suerte.<\/span><\/p>\n<p style=\"text-align: justify;\"><span style=\"font-family: tahoma, arial, helvetica, sans-serif; font-size: 12pt;\"><em>Otro s\u00ed digo:<\/em><\/span><\/p>\n\n\n<div class=\"wp-block-image\">\n<figure class=\"aligncenter size-full\"><img loading=\"lazy\" decoding=\"async\" width=\"950\" height=\"500\" src=\"https:\/\/saeeg.org\/wp-content\/uploads\/2023\/07\/IRIS-SPERONI-ORDEN-2.png\" alt=\"\" class=\"wp-image-7718\" srcset=\"https:\/\/saeeg.org\/wp-content\/uploads\/2023\/07\/IRIS-SPERONI-ORDEN-2.png 950w, https:\/\/saeeg.org\/wp-content\/uploads\/2023\/07\/IRIS-SPERONI-ORDEN-2-300x158.png 300w, https:\/\/saeeg.org\/wp-content\/uploads\/2023\/07\/IRIS-SPERONI-ORDEN-2-768x404.png 768w\" sizes=\"auto, (max-width: 950px) 100vw, 950px\" \/><\/figure>\n<\/div>\n\n\n<p><\/p>\n\n\n\n<h5 style=\"text-align: justify;\"><span style=\"font-family: tahoma, arial, helvetica, sans-serif;\"><strong>El Orden<\/strong><\/span><\/h5>\n<p style=\"text-align: justify;\"><span style=\"font-family: tahoma, arial, helvetica, sans-serif;\">Argentina creci\u00f3 y se constituy\u00f3 como una de las potencias mundiales entre 1880 y 1975. Casi cien a\u00f1os de paz. En un breve lapso termin\u00f3 la Guerra del Paraguay (que finaliz\u00f3 el per\u00edodo de guerras civiles), derrot\u00f3 al indio araucano en la Campa\u00f1a del Desierto y coron\u00f3 al dominar la \u00faltima sublevaci\u00f3n provincial cuando la Naci\u00f3n sofoc\u00f3 el levantamiento de Tejedor (provincia de Buenos Aires).<\/span><\/p>\n<p style=\"text-align: justify;\"><span style=\"font-family: tahoma, arial, helvetica, sans-serif;\">El indio, o mejor dicho los malones, eran promovidos por el gobierno chileno como forma de hostigar a la Argentina e impedir su crecimiento. Le daba armas y dineros a los araucanos, los cuales pasaban el verano con sus familias y el invierno maloneando, esto es robando ganado (vacuno y equino), quemando casas y robando mujeres y ni\u00f1os. Una guerra de guerrillas. Lo producido se lo vend\u00edan a la oligarqu\u00eda chilena la cual hac\u00eda ping\u00fces ganancias, incluida la venta de cueros a California por v\u00eda mar\u00edtima. El resultado aqu\u00ed era: a. p\u00e9rdida permanente de patrimonio \u2014los malones se llevaban todo el crecimiento de hacienda y hab\u00eda que empezar de cero\u2014, b. la hostilidad contra los asentamiento de poblaci\u00f3n al zaherir en los m\u00e1s d\u00e9biles, las mujeres y ni\u00f1os. Para las almas sensibles que defienden los malones: las mujeres eran vendidas a los prost\u00edbulos de Valpara\u00edso, y las m\u00e1s lindas, a los de California.<\/span><\/p>\n<p style=\"text-align: justify;\"><span style=\"font-family: tahoma, arial, helvetica, sans-serif;\">Esto es, el gobierno chileno, al usar como herramienta a varones corajudos de la Araucan\u00eda, terceriz\u00f3 frenar el avance del gobierno argentino sobre el territorio patag\u00f3nico, probablemente con la esperanza de poder hacerlo ellos en nuestro lugar.<\/span><\/p>\n<p style=\"text-align: justify;\"><span style=\"font-family: tahoma, arial, helvetica, sans-serif;\">La zozobra de la vida de las familias en zonas de frontera fue lo que motiv\u00f3 que gran parte del Ej\u00e9rcito de Roca estuviera integrado por indios argentinos, como parte del ej\u00e9rcito regular y con grado militar; porque era imposible crecer y prosperar cuando uno es el objeto de una guerra de guerrillas estimulada por un poder extranjero, como una pieza de ajedrez de las relaciones internacionales.<\/span><\/p>\n<p style=\"text-align: justify;\"><span style=\"font-family: tahoma, arial, helvetica, sans-serif;\">La Argentina no pudo contraatacar \u2014como forma de defensa efectiva\u2014 sino hasta que el ej\u00e9rcito chileno estuvo ocupado en La Guerra del Pac\u00edfico (1879-1884), cuando \u00e9ste no pudo brindarle el soporte a los guerreros araucanos, los cuales debieron replegarse en la Araucan\u00eda. Roca no masacr\u00f3 a nadie. Los corri\u00f3 y ellos se volvieron a sus casas, con sus mujeres y sus hijos. Lo \u00fanico que pas\u00f3 es que el soporte de esa guerra de guerrillas (las FFAA chilenas, el gobierno chileno y la oligarqu\u00eda chilena) estaba ocupado en el frente norte. Ganaron territorios a Bolivia y Per\u00fa; perdieron sus pretensiones sobre la Patagonia. Es conveniente tener todo esto en mente para las d\u00e9cadas que se vienen.<\/span><\/p>\n<p style=\"text-align: justify;\"><span style=\"font-family: tahoma, arial, helvetica, sans-serif;\">Cabe preguntarse por qu\u00e9 desde 1983, a partir de que perdimos la Guerra del Atl\u00e1ntico Sur y nuestro pa\u00eds est\u00e1 intervenido por los vencedores, es que se cambi\u00f3 el \u201crelato\u201d sobre lo sucedido en la Conquista del Desierto, y por qu\u00e9 a los ni\u00f1os, adolescentes y adultos j\u00f3venes universitarios no se les ense\u00f1a todo esto que est\u00e1 pulcramente documentado. Por qu\u00e9 no se ense\u00f1a la fuerte relaci\u00f3n entre los malones de araucanos y el gobierno chileno. Por qu\u00e9 se insiste en que los araucanos viv\u00edan en territorio patag\u00f3nico cuando toda la documentaci\u00f3n sostiene que la poblaci\u00f3n precolombina de la zona era toda tehuelche. Dicho no s\u00f3lo por exploradores espa\u00f1oles y portugueses sino por aventureros, viajeros y agentes de la Corona Inglesa. \u00bfPor qu\u00e9?<\/span><\/p>\n<p style=\"text-align: justify;\"><span style=\"font-family: tahoma, arial, helvetica, sans-serif;\">Tuvimos a\u00f1os de paz, crecimiento en riqueza, poblaci\u00f3n, cultura, hasta que nuevamente, potencias extranjeras se entrometieron para debilitarnos. Y no hay mejor forma de extenuar y menguar a un pueblo que generar conmoci\u00f3n interior. Con ese esp\u00edritu debemos evaluar los hechos de la d\u00e9cada del &#8217;70, los cuales derivaron en un gigantesco endeudamiento con Mart\u00ednez de Hoz, grillete que tenemos hasta hoy.<\/span><\/p>\n<p style=\"text-align: justify;\"><span style=\"font-family: tahoma, arial, helvetica, sans-serif;\">Hay que recuperar el pa\u00eds, darle paz y estabilidad al pueblo y sacarnos la deuda externa de encima.<\/span><\/p>\n<p style=\"text-align: justify;\"><span style=\"font-family: tahoma, arial, helvetica, sans-serif;\">Esperemos que quien asuma en diciembre nos deje algo de pa\u00eds (o al menos un pa\u00eds \u00edntegro territorialmente) en el 2029.<\/span><\/p>\n<p style=\"text-align: justify;\"><span style=\"font-family: tahoma, arial, helvetica, sans-serif;\">Un abrazo, querido lector.<\/span><\/p>\n<p style=\"text-align: justify;\">\u00a0<\/p>\n<p style=\"text-align: justify;\"><span style=\"font-family: tahoma, arial, helvetica, sans-serif; font-size: 10pt;\"><strong><em>* Licenciada de Econom\u00eda (UBA), Master en Finanzas (UCEMA), Posgrado Agronegocios, Agronom\u00eda (UBA).<\/em><\/strong><\/span><\/p>\n<p style=\"text-align: justify;\">\u00a0<\/p>\n<p style=\"text-align: justify;\"><span style=\"font-family: tahoma, arial, helvetica, sans-serif; font-size: 10pt;\"><strong>Notas<\/strong><\/span><\/p>\n<p style=\"text-align: justify;\"><span style=\"font-family: tahoma, arial, helvetica, sans-serif; font-size: 10pt;\">[*] Qu\u00e9 se va a poder comprar con lo que se cobre = cu\u00e1l va a ser el \u201cpoder de compra\u201d.<\/span><\/p>\n<p style=\"text-align: justify;\"><span style=\"font-family: tahoma, arial, helvetica, sans-serif; font-size: 10pt;\">[**] Por esta raz\u00f3n (el d\u00f3lar subvaluado) es que se redujo la superficie plantada de ar\u00e1ndanos, se han talado limoneros en Tucum\u00e1n y la superficie plantada con cerezos en Los Antiguos crece a velocidad de caracol.<\/span><\/p>\n<p style=\"text-align: justify;\"><span style=\"font-family: tahoma, arial, helvetica, sans-serif; font-size: 10pt;\">[***] El cluster manicero export\u00f3 en 2022 U$D 1.000.000.000.000. Esto es, el BCRA le rob\u00f3 a todos los productores, contratistas, transportistas, peones, del man\u00ed la suma de U$D 500 millones. Lo digo en criollo: les chorearon 500 palos verdes y aqu\u00ed no pas\u00f3 nada. No corre sangre por las calles, no sucede como en Brasil que aparece un funcionario muerto en la ba\u00f1era, nada. As\u00ed que lo van a seguir haciendo.<\/span><\/p>\n<p style=\"text-align: justify;\"><span style=\"font-family: tahoma, arial, helvetica, sans-serif; font-size: 10pt;\">[****] Ustedes deber\u00edan haber visto las audiencias de la comisi\u00f3n de agricultura de Diputados (Diputados TV) donde los productores t\u00edmidamente balbuceaban que ten\u00edan \u201cun problema\u201d con el tipo de cambio.<\/span><\/p>\n<p style=\"text-align: justify;\">\u00a0<\/p>\n<p style=\"text-align: justify;\"><span style=\"font-family: tahoma, arial, helvetica, sans-serif; font-size: 10pt;\"><strong>Lecturas relacionadas<\/strong><\/span><\/p>\n<p style=\"text-align: justify;\"><span style=\"font-family: tahoma, arial, helvetica, sans-serif; font-size: 10pt;\">Equilibrio inestable<\/span><\/p>\n<p style=\"text-align: justify;\"><span style=\"font-family: tahoma, arial, helvetica, sans-serif; font-size: 10pt;\"><a href=\"https:\/\/draft.blogger.com\/u\/1\/blog\/post\/edit\/8741402008723821147\/3959353566480328388\">http:\/\/restaurarg.blogspot.com\/2019\/12\/2020.html<\/a><\/span><\/p>\n<p style=\"text-align: justify;\"><span style=\"font-family: tahoma, arial, helvetica, sans-serif; font-size: 10pt;\">M\u00e1s de lo mismo<\/span><\/p>\n<p style=\"text-align: justify;\"><span style=\"font-family: tahoma, arial, helvetica, sans-serif; font-size: 10pt;\"><a href=\"https:\/\/draft.blogger.com\/u\/1\/blog\/post\/edit\/8741402008723821147\/3959353566480328388\">http:\/\/restaurarg.blogspot.com\/2020\/08\/mas-de-lo-mismo.html<\/a><\/span><\/p>\n<p style=\"text-align: justify;\"><span style=\"font-family: tahoma, arial, helvetica, sans-serif; font-size: 10pt;\"><strong>\u00a0<\/strong><\/span><\/p>\n<p style=\"text-align: justify;\"><span style=\"font-family: tahoma, arial, helvetica, sans-serif; font-size: 10pt;\"><strong><em>Art\u00edculo publicado el 24\/06\/2023 en Restaurar, <a href=\"http:\/\/restaurarg.blogspot.com\/2023\/06\/orden-divino-tesoro.html\">http:\/\/restaurarg.blogspot.com\/2023\/06\/orden-divino-tesoro.html<\/a>.<\/em><\/strong><\/span><\/p>\n","protected":false},"excerpt":{"rendered":"<p>Iris Speroni* \u201cEl Jard\u00edn de las Delicias\u201d de El Bosco, detalle. En nuestro bendito pa\u00eds vivimos entre el caos y la anomia.\u00a0 \u00a0 Lecturas previas: Equilibrio inestable http:\/\/restaurarg.blogspot.com\/2019\/12\/2020.html M\u00e1s de lo mismo\u00a0 http:\/\/restaurarg.blogspot.com\/2020\/08\/mas-de-lo-mismo.html \u00a0 El caos y la anomia van desde cosas menores que s\u00f3lo causan inconvenientes y trastornos, a temas graves. A saber: Los &hellip; <a href=\"https:\/\/saeeg.org\/index.php\/2023\/07\/02\/orden-divino-tesoro\/\" class=\"more-link\">Seguir leyendo <span class=\"screen-reader-text\">ORDEN, DIVINO TESORO<\/span> <span class=\"meta-nav\">&rarr;<\/span><\/a><\/p>\n","protected":false},"author":2,"featured_media":0,"comment_status":"open","ping_status":"closed","sticky":false,"template":"","format":"standard","meta":{"footnotes":""},"categories":[1849],"tags":[27,1236,156,320,1057,480],"class_list":["post-7716","post","type-post","status-publish","format-standard","hentry","category-argentina-3","tag-argentina","tag-banco-central-de-la-republica-argentina-bcra","tag-economia","tag-gobierno","tag-politicos","tag-sociedad"],"_links":{"self":[{"href":"https:\/\/saeeg.org\/index.php\/wp-json\/wp\/v2\/posts\/7716","targetHints":{"allow":["GET"]}}],"collection":[{"href":"https:\/\/saeeg.org\/index.php\/wp-json\/wp\/v2\/posts"}],"about":[{"href":"https:\/\/saeeg.org\/index.php\/wp-json\/wp\/v2\/types\/post"}],"author":[{"embeddable":true,"href":"https:\/\/saeeg.org\/index.php\/wp-json\/wp\/v2\/users\/2"}],"replies":[{"embeddable":true,"href":"https:\/\/saeeg.org\/index.php\/wp-json\/wp\/v2\/comments?post=7716"}],"version-history":[{"count":1,"href":"https:\/\/saeeg.org\/index.php\/wp-json\/wp\/v2\/posts\/7716\/revisions"}],"predecessor-version":[{"id":7719,"href":"https:\/\/saeeg.org\/index.php\/wp-json\/wp\/v2\/posts\/7716\/revisions\/7719"}],"wp:attachment":[{"href":"https:\/\/saeeg.org\/index.php\/wp-json\/wp\/v2\/media?parent=7716"}],"wp:term":[{"taxonomy":"category","embeddable":true,"href":"https:\/\/saeeg.org\/index.php\/wp-json\/wp\/v2\/categories?post=7716"},{"taxonomy":"post_tag","embeddable":true,"href":"https:\/\/saeeg.org\/index.php\/wp-json\/wp\/v2\/tags?post=7716"}],"curies":[{"name":"wp","href":"https:\/\/api.w.org\/{rel}","templated":true}]}}