{"id":8416,"date":"2023-12-09T21:46:00","date_gmt":"2023-12-10T00:46:00","guid":{"rendered":"https:\/\/saeeg.org\/?p=8416"},"modified":"2023-12-10T01:18:03","modified_gmt":"2023-12-10T04:18:03","slug":"censo-2022-o-el-indec-visita-a-alicia-en-el-pais-de-las-mararavillas","status":"publish","type":"post","link":"https:\/\/saeeg.org\/index.php\/2023\/12\/09\/censo-2022-o-el-indec-visita-a-alicia-en-el-pais-de-las-mararavillas\/","title":{"rendered":"CENSO 2022 O EL INDEC VISITA A ALICIA EN EL PA\u00cdS DE LAS MARARAVILLAS"},"content":{"rendered":"<p style=\"text-align: center;\"><span style=\"font-family: tahoma, arial, helvetica, sans-serif;\"><em><strong>Iris Speroni*<\/strong><\/em><\/span><\/p>\n\n<div class=\"wp-block-image\">\n<figure class=\"aligncenter size-full\"><img loading=\"lazy\" decoding=\"async\" width=\"1024\" height=\"1024\" src=\"https:\/\/saeeg.org\/wp-content\/uploads\/2023\/12\/IRIS-SPERONI-CENSO-2022-1.png\" alt=\"\" class=\"wp-image-8417\" srcset=\"https:\/\/saeeg.org\/wp-content\/uploads\/2023\/12\/IRIS-SPERONI-CENSO-2022-1.png 1024w, https:\/\/saeeg.org\/wp-content\/uploads\/2023\/12\/IRIS-SPERONI-CENSO-2022-1-300x300.png 300w, https:\/\/saeeg.org\/wp-content\/uploads\/2023\/12\/IRIS-SPERONI-CENSO-2022-1-150x150.png 150w, https:\/\/saeeg.org\/wp-content\/uploads\/2023\/12\/IRIS-SPERONI-CENSO-2022-1-768x768.png 768w\" sizes=\"auto, (max-width: 1024px) 100vw, 1024px\" \/><\/figure>\n<\/div>\n\n<p style=\"text-align: center;\"><span style=\"font-family: tahoma, arial, helvetica, sans-serif; font-size: 14pt; color: #ff6600;\"><strong><em>Existen casi 16 millones de hogares en Argentina (15.932.302). De ellos, el 66% vive en su propiedad.<\/em><\/strong><\/span><\/p>\n<p style=\"text-align: justify;\"><span style=\"font-family: tahoma, arial, helvetica, sans-serif;\"><strong>\u00a0<\/strong><\/span><\/p>\n<p style=\"text-align: justify;\"><span style=\"font-family: tahoma, arial, helvetica, sans-serif;\">Llama la atenci\u00f3n lo que los informes del Censo 2022 publicados por el INDEC dicen; y lo que no dicen.<\/span><\/p>\n<p style=\"text-align: justify;\"><span style=\"font-family: tahoma, arial, helvetica, sans-serif;\">No existe la informaci\u00f3n neutra.<\/span><\/p>\n<p style=\"text-align: justify;\"><span style=\"font-family: tahoma, arial, helvetica, sans-serif;\">A\u00fan, en conocimiento de esto, leerlos es ingresar a otro universo. Como Alicia en el Pa\u00eds de las Maravillas.<\/span><\/p>\n<p style=\"text-align: justify;\"><span style=\"font-family: tahoma, arial, helvetica, sans-serif;\">Tratar\u00e9 de compartir lo que hall\u00e9. Algunos n\u00fameros son escalofriantes. Otros, no son buenos. Otros, son mejores que en otros lados, mejor a\u00fan que en algunos pa\u00edses de Europa.<\/span><\/p>\n<p style=\"text-align: justify;\"><span style=\"font-family: tahoma, arial, helvetica, sans-serif;\">\u00bfQu\u00e9 cosas no vi? No quiere decir que en un futuro no lo publiquen. Ya hice la consulta por los canales correspondientes.<\/span><\/p>\n<p style=\"text-align: justify;\"><span style=\"font-family: tahoma, arial, helvetica, sans-serif;\">No consta la cantidad de extranjeros. No muestra la migraci\u00f3n interna. No hay \u00edndices de fecundidad ni cantidad de ni\u00f1os por hogar. Tampoco la situaci\u00f3n conyugal (un tema interesant\u00edsimo desde el siglo XIX a la fecha). Tampoco qui\u00e9n es el jefe de hogar. Escolaridad. Todos estos temas s\u00ed estuvieron incluidos y publicados en el censo anterior de 2010.<\/span><\/p>\n<p style=\"text-align: justify;\"><span style=\"font-family: tahoma, arial, helvetica, sans-serif;\">Ejemplo de datos Censo 2010 Migraciones:<\/span><\/p>\n\n<div class=\"wp-block-image\">\n<figure class=\"aligncenter size-large\"><img loading=\"lazy\" decoding=\"async\" width=\"1024\" height=\"612\" src=\"https:\/\/saeeg.org\/wp-content\/uploads\/2023\/12\/IRIS-SPERONI-CENSO-2022-2-1024x612.png\" alt=\"\" class=\"wp-image-8418\" srcset=\"https:\/\/saeeg.org\/wp-content\/uploads\/2023\/12\/IRIS-SPERONI-CENSO-2022-2-1024x612.png 1024w, https:\/\/saeeg.org\/wp-content\/uploads\/2023\/12\/IRIS-SPERONI-CENSO-2022-2-300x179.png 300w, https:\/\/saeeg.org\/wp-content\/uploads\/2023\/12\/IRIS-SPERONI-CENSO-2022-2-768x459.png 768w, https:\/\/saeeg.org\/wp-content\/uploads\/2023\/12\/IRIS-SPERONI-CENSO-2022-2.png 1170w\" sizes=\"auto, (max-width: 1024px) 100vw, 1024px\" \/><\/figure>\n<\/div>\n\n<p style=\"text-align: justify;\"><span style=\"font-family: tahoma, arial, helvetica, sans-serif;\"><em>Cuadro P5. Total del Pa\u00eds. Poblaci\u00f3n total por pa\u00eds de nacimiento seg\u00fan sexo y grupo de edad. A\u00f1o 2010.<\/em><\/span><\/p>\n<p style=\"text-align: justify;\"><span style=\"font-family: tahoma, arial, helvetica, sans-serif;\"><em>Cuadro P6. Total del Pa\u00eds. Poblaci\u00f3n total nacida en el extranjero por lugar de nacimiento seg\u00fan sexo y grupo de edad. A\u00f1o 2010.<\/em><\/span><\/p>\n<p style=\"text-align: justify;\"><span style=\"font-family: tahoma, arial, helvetica, sans-serif;\"><em>Cuadro P22. Total del Pa\u00eds. Poblaci\u00f3n en viviendas particulares nacida en el extranjero por lugar de nacimiento seg\u00fan a\u00f1o de llegada al pa\u00eds, en porcentaje. A\u00f1o 2010.<\/em><\/span><\/p>\n<p style=\"text-align: justify;\"><span style=\"font-family: tahoma, arial, helvetica, sans-serif;\"><em>Cuadro P34. Total del Pa\u00eds. Poblaci\u00f3n en viviendas particulares nacida en Argentina que reside en el pa\u00eds por provincia de residencia habitual, seg\u00fan provincia de nacimiento. A\u00f1o 2010.<\/em><\/span><\/p>\n<p style=\"text-align: justify;\"><span style=\"font-family: tahoma, arial, helvetica, sans-serif;\"><em>Cuadro P35. Total del Pa\u00eds. Poblaci\u00f3n de 3 a\u00f1os o m\u00e1s en viviendas particulares nacida en el extranjero por condici\u00f3n de asistencia escolar, seg\u00fan lugar de nacimiento y sexo. A\u00f1o 2010.<\/em><\/span><\/p>\n<p style=\"text-align: justify;\"><span style=\"font-family: tahoma, arial, helvetica, sans-serif;\"><em>Cuadro P33. Total del Pa\u00eds. Poblaci\u00f3n de 5 a\u00f1os y m\u00e1s en viviendas particulares por lugar de residencia en el 2005. A\u00f1o 2010.<\/em><\/span><\/p>\n<p style=\"text-align: justify;\"><span style=\"font-family: tahoma, arial, helvetica, sans-serif;\">Ejemplo de datos censo 2010 Fecundidad:<\/span><\/p>\n\n<div class=\"wp-block-image\">\n<figure class=\"aligncenter size-large\"><img loading=\"lazy\" decoding=\"async\" width=\"1024\" height=\"398\" src=\"https:\/\/saeeg.org\/wp-content\/uploads\/2023\/12\/IRIS-SPERONI-CENSO-2022-3-1024x398.png\" alt=\"\" class=\"wp-image-8419\" srcset=\"https:\/\/saeeg.org\/wp-content\/uploads\/2023\/12\/IRIS-SPERONI-CENSO-2022-3-1024x398.png 1024w, https:\/\/saeeg.org\/wp-content\/uploads\/2023\/12\/IRIS-SPERONI-CENSO-2022-3-300x117.png 300w, https:\/\/saeeg.org\/wp-content\/uploads\/2023\/12\/IRIS-SPERONI-CENSO-2022-3-768x299.png 768w, https:\/\/saeeg.org\/wp-content\/uploads\/2023\/12\/IRIS-SPERONI-CENSO-2022-3.png 1186w\" sizes=\"auto, (max-width: 1024px) 100vw, 1024px\" \/><\/figure>\n<\/div>\n\n<p style=\"text-align: justify;\"><span style=\"font-family: tahoma, arial, helvetica, sans-serif;\">\u00c9ste es un cuadro del Censo 2010 que me encanta \u00bfCu\u00e1ntos hijos tuvo cada mujer?<\/span><\/p>\n\n<div class=\"wp-block-image\">\n<figure class=\"aligncenter size-large\"><img loading=\"lazy\" decoding=\"async\" width=\"1024\" height=\"381\" src=\"https:\/\/saeeg.org\/wp-content\/uploads\/2023\/12\/IRIS-SPERONI-CENSO-2022-4-1024x381.png\" alt=\"\" class=\"wp-image-8420\" srcset=\"https:\/\/saeeg.org\/wp-content\/uploads\/2023\/12\/IRIS-SPERONI-CENSO-2022-4-1024x381.png 1024w, https:\/\/saeeg.org\/wp-content\/uploads\/2023\/12\/IRIS-SPERONI-CENSO-2022-4-300x111.png 300w, https:\/\/saeeg.org\/wp-content\/uploads\/2023\/12\/IRIS-SPERONI-CENSO-2022-4-768x285.png 768w, https:\/\/saeeg.org\/wp-content\/uploads\/2023\/12\/IRIS-SPERONI-CENSO-2022-4.png 1297w\" sizes=\"auto, (max-width: 1024px) 100vw, 1024px\" \/><\/figure>\n<\/div>\n\n<p style=\"text-align: justify;\"><span style=\"font-family: tahoma, arial, helvetica, sans-serif;\">Miren en el cuadro. Hay muy pocas mujeres entre 14 y 39 a\u00f1os que hayan tenido diez ni\u00f1os o m\u00e1s. Sin embargo, los n\u00fameros son muy superiores en mujeres de 40 a\u00f1os o m\u00e1s.<\/span><\/p>\n<p style=\"text-align: justify;\"><span style=\"font-family: tahoma, arial, helvetica, sans-serif;\">El 18% de las mujeres tuvieron cinco ni\u00f1os o m\u00e1s entre las que ten\u00edan entren 50 y 59 a\u00f1os (hoy mayores de 60). Era escaso en mujeres menores a 35 a\u00f1os (en 2010). Conclusi\u00f3n: la familia grande hoy es un hecho inusual, cuando era relativamente com\u00fan en la primera mitad del siglo XX.<\/span><\/p>\n<p style=\"text-align: justify;\"><span style=\"font-family: tahoma, arial, helvetica, sans-serif;\">Ya vimos de qu\u00e9 no se ocup\u00f3 o se ocup\u00f3 y todav\u00eda no public\u00f3.<\/span><\/p>\n<p style=\"text-align: justify;\"><span style=\"font-family: tahoma, arial, helvetica, sans-serif;\">\u00bfDe qu\u00e9 s\u00ed se ocup\u00f3?<\/span><\/p>\n<p style=\"text-align: justify;\"><span style=\"font-family: tahoma, arial, helvetica, sans-serif;\">De decir cu\u00e1ntos somos, de qu\u00e9 edad y por provincia.<\/span><\/p>\n<p style=\"text-align: justify;\"><span style=\"font-family: tahoma, arial, helvetica, sans-serif;\">Demuestra cabalmente que nacen menos ni\u00f1os.<\/span><\/p>\n<p style=\"text-align: justify;\"><span style=\"font-family: tahoma, arial, helvetica, sans-serif;\">Ya lo sab\u00edamos por las series de nacimientos que publica el ministerio de Salud y el INDEC o por distritos provinciales. Tal vez esta publicaci\u00f3n, donde se expone brutalmente la ca\u00edda de nacimientos en los \u00faltimos diez a\u00f1os, tiene por objeto rendir cuentas a los due\u00f1os del circo sobre un mandato bien cumplido: que no nazcan argentinos.<\/span><\/p>\n<p style=\"text-align: justify;\"><span style=\"font-family: tahoma, arial, helvetica, sans-serif;\">Como estamos hoy:<\/span><\/p>\n\n<div class=\"wp-block-image\">\n<figure class=\"aligncenter size-full\"><img loading=\"lazy\" decoding=\"async\" width=\"629\" height=\"585\" src=\"https:\/\/saeeg.org\/wp-content\/uploads\/2023\/12\/IRIS-SPERONI-CENSO-2022-5.png\" alt=\"\" class=\"wp-image-8421\" srcset=\"https:\/\/saeeg.org\/wp-content\/uploads\/2023\/12\/IRIS-SPERONI-CENSO-2022-5.png 629w, https:\/\/saeeg.org\/wp-content\/uploads\/2023\/12\/IRIS-SPERONI-CENSO-2022-5-300x279.png 300w\" sizes=\"auto, (max-width: 629px) 100vw, 629px\" \/><\/figure>\n<\/div>\n\n<p style=\"text-align: justify;\"><span style=\"font-family: tahoma, arial, helvetica, sans-serif;\">Como se fue muriendo el impulso vital de la Rep\u00fablica Argentina para ganar Th\u00e1natos.<\/span><\/p>\n<p style=\"text-align: justify;\"><span style=\"font-family: tahoma, arial, helvetica, sans-serif;\">Vitalidad vs Muerte.<\/span><\/p>\n<p style=\"text-align: justify;\"><span style=\"font-family: tahoma, arial, helvetica, sans-serif;\">Veamos en detalle los n\u00fameros de los ni\u00f1os.<\/span><\/p>\n<p style=\"text-align: justify;\"><span style=\"font-family: tahoma, arial, helvetica, sans-serif;\"><em>Elaboraci\u00f3n propia en base a datos del INDEC, Censo 2022, Cuadro Total Poblaci\u00f3n seg\u00fan edad.<\/em><\/span><\/p>\n<p style=\"text-align: justify;\"><span style=\"font-family: tahoma, arial, helvetica, sans-serif;\"><em>Total de poblaci\u00f3n 45.886.580<\/em><\/span><\/p>\n<p style=\"text-align: justify;\"><span style=\"font-family: tahoma, arial, helvetica, sans-serif;\"><em>Ni\u00f1os de 0 a 15 a\u00f1os:<\/em><\/span><\/p>\n<p style=\"text-align: justify;\"><span style=\"font-family: tahoma, arial, helvetica, sans-serif;\"><strong><em>Edad Poblaci\u00f3n<\/em><\/strong><\/span><\/p>\n<p style=\"text-align: justify;\"><span style=\"font-family: tahoma, arial, helvetica, sans-serif;\"><em>0\u00a0\u00a0\u00a0\u00a0\u00a0\u00a0\u00a0 \u00a0\u00a0\u00a0\u00a0\u00a0\u00a0\u00a0\u00a0\u00a0\u00a0\u00a0\u00a0\u00a0\u00a0\u00a0\u00a0\u00a0\u00a0 490.037\u00a0\u00a0\u00a0\u00a0\u00a0\u00a0 <\/em><\/span><\/p>\n<p style=\"text-align: justify;\"><span style=\"font-family: tahoma, arial, helvetica, sans-serif;\"><em>1\u00a0\u00a0\u00a0\u00a0\u00a0\u00a0\u00a0 \u00a0\u00a0\u00a0\u00a0\u00a0\u00a0\u00a0\u00a0\u00a0\u00a0\u00a0\u00a0\u00a0\u00a0\u00a0\u00a0\u00a0\u00a0 500.598\u00a0\u00a0\u00a0\u00a0\u00a0\u00a0 <\/em><\/span><\/p>\n<p style=\"text-align: justify;\"><span style=\"font-family: tahoma, arial, helvetica, sans-serif;\"><em>2\u00a0\u00a0\u00a0\u00a0\u00a0\u00a0\u00a0 \u00a0\u00a0\u00a0\u00a0\u00a0\u00a0\u00a0\u00a0\u00a0\u00a0\u00a0\u00a0\u00a0\u00a0\u00a0\u00a0\u00a0\u00a0 569.343\u00a0\u00a0\u00a0\u00a0\u00a0\u00a0 <\/em><\/span><\/p>\n<p style=\"text-align: justify;\"><span style=\"font-family: tahoma, arial, helvetica, sans-serif;\"><em>3\u00a0\u00a0\u00a0\u00a0\u00a0\u00a0\u00a0 \u00a0\u00a0\u00a0\u00a0\u00a0\u00a0\u00a0\u00a0\u00a0\u00a0\u00a0\u00a0\u00a0\u00a0\u00a0\u00a0\u00a0\u00a0 627.861\u00a0\u00a0\u00a0\u00a0\u00a0\u00a0 <\/em><\/span><\/p>\n<p style=\"text-align: justify;\"><span style=\"font-family: tahoma, arial, helvetica, sans-serif;\"><em>4\u00a0\u00a0\u00a0\u00a0\u00a0\u00a0\u00a0 \u00a0\u00a0\u00a0\u00a0\u00a0\u00a0\u00a0\u00a0\u00a0\u00a0\u00a0\u00a0\u00a0\u00a0\u00a0\u00a0\u00a0\u00a0 658.711\u00a0\u00a0\u00a0\u00a0\u00a0\u00a0 <\/em><\/span><\/p>\n<p style=\"text-align: justify;\"><span style=\"font-family: tahoma, arial, helvetica, sans-serif;\"><em>5\u00a0\u00a0\u00a0\u00a0\u00a0\u00a0\u00a0 \u00a0\u00a0\u00a0\u00a0\u00a0\u00a0\u00a0\u00a0\u00a0\u00a0\u00a0\u00a0\u00a0\u00a0\u00a0\u00a0\u00a0\u00a0 684.346\u00a0\u00a0\u00a0\u00a0\u00a0\u00a0 <\/em><\/span><\/p>\n<p style=\"text-align: justify;\"><span style=\"font-family: tahoma, arial, helvetica, sans-serif;\"><em>6\u00a0\u00a0\u00a0\u00a0\u00a0\u00a0\u00a0 \u00a0\u00a0\u00a0\u00a0\u00a0\u00a0\u00a0\u00a0\u00a0\u00a0\u00a0\u00a0\u00a0\u00a0\u00a0\u00a0\u00a0\u00a0 706.341\u00a0\u00a0\u00a0\u00a0\u00a0\u00a0 <\/em><\/span><\/p>\n<p style=\"text-align: justify;\"><span style=\"font-family: tahoma, arial, helvetica, sans-serif;\"><em>7\u00a0\u00a0\u00a0\u00a0\u00a0\u00a0\u00a0 \u00a0\u00a0\u00a0\u00a0\u00a0\u00a0\u00a0\u00a0\u00a0\u00a0\u00a0\u00a0\u00a0\u00a0\u00a0\u00a0\u00a0\u00a0 751.386\u00a0\u00a0\u00a0\u00a0\u00a0\u00a0 <\/em><\/span><\/p>\n<p style=\"text-align: justify;\"><span style=\"font-family: tahoma, arial, helvetica, sans-serif;\"><em>8\u00a0\u00a0\u00a0\u00a0\u00a0\u00a0\u00a0 \u00a0\u00a0\u00a0\u00a0\u00a0\u00a0\u00a0\u00a0\u00a0\u00a0\u00a0\u00a0\u00a0\u00a0\u00a0\u00a0\u00a0\u00a0 728.591\u00a0\u00a0\u00a0\u00a0\u00a0\u00a0 <\/em><\/span><\/p>\n<p style=\"text-align: justify;\"><span style=\"font-family: tahoma, arial, helvetica, sans-serif;\"><em>9\u00a0\u00a0\u00a0\u00a0\u00a0\u00a0\u00a0 \u00a0\u00a0\u00a0\u00a0\u00a0\u00a0\u00a0\u00a0\u00a0\u00a0\u00a0\u00a0\u00a0\u00a0\u00a0\u00a0\u00a0\u00a0 728.583<\/em><\/span><\/p>\n<p style=\"text-align: justify;\"><span style=\"font-family: tahoma, arial, helvetica, sans-serif;\"><em>10\u00a0\u00a0\u00a0\u00a0\u00a0 \u00a0\u00a0\u00a0\u00a0\u00a0\u00a0\u00a0\u00a0\u00a0\u00a0\u00a0\u00a0\u00a0\u00a0\u00a0\u00a0\u00a0\u00a0 717.132<\/em><\/span><\/p>\n<p style=\"text-align: justify;\"><span style=\"font-family: tahoma, arial, helvetica, sans-serif;\"><em>11\u00a0\u00a0\u00a0\u00a0\u00a0 \u00a0\u00a0\u00a0\u00a0\u00a0\u00a0\u00a0\u00a0\u00a0\u00a0\u00a0\u00a0\u00a0\u00a0\u00a0\u00a0\u00a0\u00a0 738.101\u00a0\u00a0\u00a0\u00a0\u00a0\u00a0 <\/em><\/span><\/p>\n<p style=\"text-align: justify;\"><span style=\"font-family: tahoma, arial, helvetica, sans-serif;\"><em>12\u00a0\u00a0\u00a0\u00a0\u00a0 \u00a0\u00a0\u00a0\u00a0\u00a0\u00a0\u00a0\u00a0\u00a0\u00a0\u00a0\u00a0\u00a0\u00a0\u00a0\u00a0\u00a0\u00a0 737.503<\/em><\/span><\/p>\n<p style=\"text-align: justify;\"><span style=\"font-family: tahoma, arial, helvetica, sans-serif;\"><em>13\u00a0\u00a0\u00a0\u00a0\u00a0 \u00a0\u00a0\u00a0\u00a0\u00a0\u00a0\u00a0\u00a0\u00a0\u00a0\u00a0\u00a0\u00a0\u00a0\u00a0\u00a0\u00a0\u00a0 729.889<\/em><\/span><\/p>\n<p style=\"text-align: justify;\"><span style=\"font-family: tahoma, arial, helvetica, sans-serif;\"><em>14\u00a0\u00a0\u00a0\u00a0\u00a0 \u00a0\u00a0\u00a0\u00a0\u00a0\u00a0\u00a0\u00a0\u00a0\u00a0\u00a0\u00a0\u00a0\u00a0\u00a0\u00a0\u00a0\u00a0 710.935<\/em><\/span><\/p>\n\n<div class=\"wp-block-image\">\n<figure class=\"aligncenter size-full\"><img loading=\"lazy\" decoding=\"async\" width=\"654\" height=\"870\" src=\"https:\/\/saeeg.org\/wp-content\/uploads\/2023\/12\/IRIS-SPERONI-CENSO-2022-6.png\" alt=\"\" class=\"wp-image-8422\" srcset=\"https:\/\/saeeg.org\/wp-content\/uploads\/2023\/12\/IRIS-SPERONI-CENSO-2022-6.png 654w, https:\/\/saeeg.org\/wp-content\/uploads\/2023\/12\/IRIS-SPERONI-CENSO-2022-6-226x300.png 226w\" sizes=\"auto, (max-width: 654px) 100vw, 654px\" \/><\/figure>\n<\/div>\n\n<p style=\"text-align: justify;\"><span style=\"font-family: tahoma, arial, helvetica, sans-serif;\">No todo es horrible.<\/span><\/p>\n<h5 style=\"text-align: justify;\"><span style=\"font-family: tahoma, arial, helvetica, sans-serif;\"><strong>Propiedad de la vivienda<\/strong><\/span><\/h5>\n<p style=\"text-align: justify;\"><span style=\"font-family: tahoma, arial, helvetica, sans-serif;\">Existen casi 16 millones de hogares en Argentina (15.932.302). De ellos, el 66% vive en su propiedad, con algunos picos interesantes, como el 83% en Santiago del Estero y el 78% en Catamarca. El 21% alquila, el 1% su vivienda fue otorgada por su empleador, 6% prestada y otro 6% tiene alguna otra modalidad (usurpaci\u00f3n, casa rodante, vivienda colectiva). Nuestros \u00edndices son infinitamente mejores que, por ejemplo,<a href=\"https:\/\/draft.blogger.com\/u\/1\/blog\/post\/edit\/8741402008723821147\/100995430106107810\"> Alemania<\/a>. Aun as\u00ed, esto hay que mejorarlo y mucho. Porque el despojo de la propiedad de la vivienda es el pr\u00f3ximo avance proyectado por el Nuevo Orden Mundial.<\/span><\/p>\n<h5 style=\"text-align: justify;\"><span style=\"font-family: tahoma, arial, helvetica, sans-serif;\"><strong>Alquileres<\/strong><\/span><\/h5>\n<p style=\"text-align: justify;\"><span style=\"font-family: tahoma, arial, helvetica, sans-serif;\">En s\u00f3lo tres distritos la cantidad de hogares que alquilan supera el 30% del total: Capital Federal, Tierra del Fuego y Santa Fe. Digo esto para que los legisladores se concentren en lo que importa y no le arruinen la vida a, por ejemplo, los santiague\u00f1os, donde menos del 7% alquila o los catamarque\u00f1os, chaque\u00f1os, juje\u00f1os y tucumanos, donde el guarismo ronda el 11%.<\/span><\/p>\n<h5 style=\"text-align: justify;\"><span style=\"font-family: tahoma, arial, helvetica, sans-serif;\"><strong>Propiedad de la vivienda<\/strong><\/span><\/h5>\n<p style=\"text-align: justify;\"><span style=\"font-family: tahoma, arial, helvetica, sans-serif;\">M\u00e1s complicado es el n\u00famero de gente que tiene escriturada la casa. Si bien el 66% de los hogares habitan vivienda propia, s\u00f3lo el 41% tiene la escritura. El resto posee documentaci\u00f3n precaria o ninguna. Quien realmente quiere ayudar a la poblaci\u00f3n y facilitarle la vida, debe auxiliar a regularizar la tenencia. Bajar los aranceles, simplificar los tr\u00e1mites, asesorar gratuitamente. En vivienda, focalizar\u00eda gran parte de las iniciativas a ese lado. Para esto no hay que construir nada, s\u00f3lo hacer tr\u00e1mites. El presidente responsable de facilitar el papel definitivo ser\u00e1 Gardel. Se trata de casi 4 millones de hogares. Que Javier Milei lo piense, si quiere ganar las elecciones de mitad de t\u00e9rmino.<\/span><\/p>\n<h5 style=\"text-align: justify;\"><span style=\"font-family: tahoma, arial, helvetica, sans-serif;\"><a href=\"https:\/\/draft.blogger.com\/u\/1\/blog\/post\/edit\/8741402008723821147\/100995430106107810\"><strong>Viviendas Colectivas<\/strong><\/a><\/span><\/h5>\n<p style=\"text-align: justify;\"><span style=\"font-family: tahoma, arial, helvetica, sans-serif;\">En 2022 hab\u00eda 11.920 en todo el pa\u00eds, que alojaban 267.793 personas. El 40% son presidiarios (107.179), en su mayor\u00eda varones. Reconozco que me sorprendi\u00f3 el n\u00famero (2,3% de la poblaci\u00f3n). En segundo lugar los geri\u00e1tricos, con el 30% (81.990). En colegios internados hay 7.725 ni\u00f1os, en cuarteles 6.799, en hogares de ni\u00f1os 6.652, en conventos 4.028 y en obradores 1.801. Poca gente en conventos, pocos hogares de ni\u00f1os y dado el desarrollo petrolero en Vaca Muerta, resulta exigua la cifra de trabajadores en campo. Lo de los cuarteles, mejor ni lo comento.<\/span><\/p>\n<h5 style=\"text-align: justify;\"><span style=\"font-family: tahoma, arial, helvetica, sans-serif;\"><strong>Viviendas para los hogares<\/strong><\/span><\/h5>\n<p style=\"text-align: justify;\"><span style=\"font-family: tahoma, arial, helvetica, sans-serif;\">En Argentina, en 2022 exist\u00edan 15.922.302 hogares. De estos 207.966 viven en una casilla, 183.653 alquilan pieza o est\u00e1n en un inquilinato, 39.387 en un local comercial no habilitado como vivienda y 10.817 en una casa rodante, barco o carpa. Es el universo a mejorar.<\/span><\/p>\n<h5 style=\"text-align: justify;\"><span style=\"font-family: tahoma, arial, helvetica, sans-serif;\"><strong>Agua y Gas<\/strong><\/span><\/h5>\n<p style=\"text-align: justify;\"><span style=\"font-family: tahoma, arial, helvetica, sans-serif;\">Nosotros somos (o \u00e9ramos en 2022) 45.618.787. De ellos, 42.403.818 obtienen agua potable con ca\u00f1er\u00eda interna de la casa (tanto de red p\u00fablica como con bomba de agua). Otros 2.705.832 tienen agua en su terreno pero no en su casa y 509.137 tiene que salir de su terreno para buscar agua.<\/span><\/p>\n<p style=\"text-align: justify;\"><span style=\"font-family: tahoma, arial, helvetica, sans-serif;\">El 94% de los hogares tiene un ba\u00f1o o letrina dentro de la vivienda, un 5% debe ir fuera de la vivienda para usar un ba\u00f1o o letrina y el 1% (127.931 hogares) no tienen ni ba\u00f1o ni letrina fuera o dentro de su vivienda.<\/span><\/p>\n<p style=\"text-align: justify;\"><span style=\"font-family: tahoma, arial, helvetica, sans-serif;\">El 53% de los hogares cocinan con gas de red, el 39% con gas de garrafa, 5% con electricidad, 2% con zeppelin y el resto con le\u00f1a u otros. La garrafa es cara y castiga a los m\u00e1s pobres. Si queremos mejorar el nivel de vida de la poblaci\u00f3n, debemos apuntar a incorporar la mayor cantidad de gente a la red para que use un combustible barato y limpio.<\/span><\/p>\n\n<div class=\"wp-block-image\">\n<figure class=\"aligncenter size-full\"><img loading=\"lazy\" decoding=\"async\" width=\"623\" height=\"188\" src=\"https:\/\/saeeg.org\/wp-content\/uploads\/2023\/12\/IRIS-SPERONI-CENSO-2022-6-C-1.png\" alt=\"\" class=\"wp-image-8427\" srcset=\"https:\/\/saeeg.org\/wp-content\/uploads\/2023\/12\/IRIS-SPERONI-CENSO-2022-6-C-1.png 623w, https:\/\/saeeg.org\/wp-content\/uploads\/2023\/12\/IRIS-SPERONI-CENSO-2022-6-C-1-300x91.png 300w\" sizes=\"auto, (max-width: 623px) 100vw, 623px\" \/><\/figure>\n<\/div>\n\n<p style=\"text-align: justify;\"><span style=\"font-family: tahoma, arial, helvetica, sans-serif;\">En Argentina existen casi 17,8 millones de viviendas y menos de 15,7 millones de hogares. \u00bfQu\u00e9 pasa con las restantes viviendas? 440.769 son destinadas a vacaciones o fin de semana o alg\u00fan otro uso temporal. 333.787 se usan como consultorio, oficina o comercio. 302.669 est\u00e1n en construcci\u00f3n. 380.317 est\u00e1n en proceso de ser alquiladas o vendidas. 254.521 estaban deshabitadas en el momento del censo pero habitualmente est\u00e1n ocupadas (?). 371.950 \u201cotra situaci\u00f3n\u201d.<\/span><\/p>\n<p style=\"text-align: justify;\"><span style=\"font-family: tahoma, arial, helvetica, sans-serif;\">Mi posici\u00f3n es que: hay viviendas, pero no donde la gente las quiere. Hay gran cantidad de viviendas abandonadas en el interior de PBA y en el resto del pa\u00eds. No se ocupan porque ah\u00ed no hay trabajo (no hay demanda para esas viviendas). Por otro lado la capital ha sufrido un aumento de la demanda, entre otras cosas como consecuencia del brutal aumento del empleo p\u00fablico tanto en el gobierno kirchnerista como el del PRO (nacional y municipal), lo que hace que numerosos empleados p\u00fablicos demanden una vivienda cerca de su trabajo, esto es, en Capital Federal.<\/span><\/p>\n<p style=\"text-align: justify;\"><span style=\"font-family: tahoma, arial, helvetica, sans-serif;\">Hay dos soluciones: aumentar la cantidad de departamentos en la capital. La soluci\u00f3n Macri-Rodr\u00edguez Larreta: nuevo c\u00f3digo edilicio. Otra es 1) bajar el empleo p\u00fablico, <strong>2) mudarlo a las provincias en todo lo posible<\/strong>. Repetir este proceso respecto a las capitales provinciales y los interiores provinciales. Eso permitir\u00e1 recuperar casas abandonadas o construir nuevas en lugares con menor costo del m2 de terreno. Es m\u00e1s barato un terreno en Goya, Corrientes que en Caballito, Capital Federal. Esto implica invertir en redes p\u00fablicas en lugar de usufructuar las existentes, como es el plan HRL.<\/span><\/p>\n<p style=\"text-align: justify;\"><span style=\"font-family: tahoma, arial, helvetica, sans-serif;\"><strong>Imaginen si se muda el ANSES fuera de la Capital Federal. Las oficinas administrativas a C\u00f3rdoba, a Cruz del Eje, por ejemplo, y todo el departamento de sistemas a San Luis. A Mercedes, por ejemplo. \u00bfCu\u00e1ntos departamentos de capital federal se liberar\u00edan? \u00bfEn cu\u00e1nto bajar\u00eda la demanda? \u00bfEn cu\u00e1nto subir\u00eda la oferta? \u00bfC\u00f3mo ser\u00eda si el procedimiento se repite para varias reparticiones? Queda claro que habr\u00eda que construir viviendas en Cruz del Eje y en Mercedes, caso contrario detonar\u00eda el mercado inmobiliario de ambas localidades. Pero siempre es m\u00e1s barato hacer viviendas ah\u00ed que en Palermo o Colegiales.<\/strong><\/span><\/p>\n<p style=\"text-align: justify;\"><span style=\"font-family: tahoma, arial, helvetica, sans-serif;\">Otro de los temas es que con la ca\u00edda del nivel de vida de la poblaci\u00f3n, que ya lleva 12 a\u00f1os, que afecta en particular a la gente grande, la situaci\u00f3n edilicia general del pa\u00eds se ha deteriorado. Me hace pensar un poco en los pa\u00edses sovi\u00e9ticos o Berl\u00edn Oriental cuando cay\u00f3 el Muro, con casas bell\u00edsimas de 1920, construidas con materiales nobles, totalmente venidas abajo. Por lo tanto, o bien se facilita que la gente preserve el patrimonio arquitect\u00f3nico del pa\u00eds (no s\u00f3lo hay casas hermosas en la capital sino en todo el interior) y permita a matrimonios j\u00f3venes vivir con estilo en casas de m\u00e1s de un siglo, o se las deja de considerar como viviendas \u201cdisponibles\u201d. Nunca va a faltar un funcionario (estilo Cabandi\u00e9) que proponga alg\u00fan \u201ccastigo\u201d a la vivienda desocupada cuando en realidad se trata de \u201cinhabitable\u201d.<\/span><\/p>\n<h5 style=\"text-align: justify;\"><span style=\"font-family: tahoma, arial, helvetica, sans-serif;\"><strong>Nacimientos<\/strong><\/span><\/h5>\n<p style=\"text-align: justify;\"><span style=\"font-family: tahoma, arial, helvetica, sans-serif;\">De todo, lo m\u00e1s triste. Los n\u00fameros los mostr\u00e9 al principio. Tenemos 2.846.550 ni\u00f1os de 0 a 4 a\u00f1os, y 3.599.247 de 5 a 9 a\u00f1os. M\u00e1s de 750 mil ni\u00f1os menos. Son 150.000 ni\u00f1os MENOS por a\u00f1o en promedio, con picos superiores a un cuarto de mill\u00f3n de ni\u00f1os. Si esto les parece malo, todav\u00eda no vieron lo peor.<\/span><\/p>\n<p style=\"text-align: justify;\"><span style=\"font-family: tahoma, arial, helvetica, sans-serif;\">Nada de esto es casual. Es algo promovido desde afuera e implementado por los interventores, los cuales, digamos, est\u00e1n en todos los partidos pol\u00edticos.<\/span><\/p>\n<p style=\"text-align: justify;\"><span style=\"font-family: tahoma, arial, helvetica, sans-serif;\">Recomiendo el libro GEOPOL\u00cdTICA Y ABORTO, de Jos\u00e9 Arturo Quarracino.<\/span><\/p>\n\n<div class=\"wp-block-image\">\n<figure class=\"aligncenter size-full is-resized\"><img loading=\"lazy\" decoding=\"async\" width=\"288\" height=\"386\" src=\"https:\/\/saeeg.org\/wp-content\/uploads\/2023\/12\/IRIS-SPERONI-CENSO-2022-7-1.png\" alt=\"\" class=\"wp-image-8428\" style=\"aspect-ratio:0.7461139896373057;width:446px;height:auto\" srcset=\"https:\/\/saeeg.org\/wp-content\/uploads\/2023\/12\/IRIS-SPERONI-CENSO-2022-7-1.png 288w, https:\/\/saeeg.org\/wp-content\/uploads\/2023\/12\/IRIS-SPERONI-CENSO-2022-7-1-224x300.png 224w\" sizes=\"auto, (max-width: 288px) 100vw, 288px\" \/><\/figure>\n<\/div>\n\n<p><span style=\"font-family: tahoma, arial, helvetica, sans-serif;\">Como broche final, dejo los nacimientos de la Capital Federal.<\/span><\/p>\n\n<div class=\"wp-block-image\">\n<figure class=\"aligncenter size-full\"><img loading=\"lazy\" decoding=\"async\" width=\"661\" height=\"281\" src=\"https:\/\/saeeg.org\/wp-content\/uploads\/2023\/12\/IRIS-SPERONI-CENSO-2022-8.png\" alt=\"\" class=\"wp-image-8429\" srcset=\"https:\/\/saeeg.org\/wp-content\/uploads\/2023\/12\/IRIS-SPERONI-CENSO-2022-8.png 661w, https:\/\/saeeg.org\/wp-content\/uploads\/2023\/12\/IRIS-SPERONI-CENSO-2022-8-300x128.png 300w\" sizes=\"auto, (max-width: 661px) 100vw, 661px\" \/><\/figure>\n<\/div>\n\n<p style=\"text-align: justify;\"><span style=\"font-family: tahoma, arial, helvetica, sans-serif;\">En 2021 nacieron en la capital 18.787 ni\u00f1os menos que una d\u00e9cada antes. Las mam\u00e1s son m\u00e1s viejas. La edad promedio de la madre primeriza subi\u00f3 dos a\u00f1os y medio y super\u00f3 los 30 a\u00f1os. La tasa bruta de reposici\u00f3n (cuantas hijas tiene cada madre) es inferior a 1; es el preanuncio de la quiebra.<\/span><\/p>\n<p style=\"text-align: justify;\"><span style=\"font-family: tahoma, arial, helvetica, sans-serif;\">Urge una pol\u00edtica de poblaci\u00f3n. Comenzar\u00eda por leer el Plan Trienal 1973-1976. El cap\u00edtulo sobre Poblaci\u00f3n son dos p\u00e1ginas, no le quema las pesta\u00f1as a nadie. La gente debe ganar bien, poder hacerse su casa y que no lo maten por un celular. Hay que acabar con esto que para comer hay que vivir cerca de Plaza de Mayo. Reinstalar el salario familiar, que dur\u00f3 en Argentina desde Per\u00f3n hasta Kirchner (que lo sac\u00f3). La estad\u00edstica sirve para planificar pol\u00edticas de Estado. No como hoy, para mostrarles a los patrones que cumplieron en eso de matar argentinos, como se hab\u00edan comprometido.<\/span><\/p>\n<p style=\"text-align: justify;\"><span style=\"font-family: tahoma, arial, helvetica, sans-serif;\">Urge tener un gobierno que ame al pa\u00eds, que ame a la poblaci\u00f3n. Que ame.<\/span><\/p>\n<p style=\"text-align: justify;\"><span style=\"font-family: tahoma, arial, helvetica, sans-serif;\"><strong><em>\u00a0<\/em><\/strong><\/span><\/p>\n<p style=\"text-align: justify;\"><span style=\"font-family: tahoma, arial, helvetica, sans-serif; font-size: 10pt;\"><strong><em>* Licenciada de Econom\u00eda (UBA), Master en Finanzas (UCEMA), Posgrado Agronegocios, Agronom\u00eda (UBA).<\/em><\/strong><\/span><\/p>\n<p style=\"text-align: justify;\">\u00a0<\/p>\n<p style=\"text-align: justify;\"><span style=\"font-family: tahoma, arial, helvetica, sans-serif; font-size: 10pt;\"><strong>Fuentes<\/strong><\/span><\/p>\n<p style=\"text-align: justify;\"><span style=\"font-family: tahoma, arial, helvetica, sans-serif; font-size: 10pt;\">INDEC.<\/span><\/p>\n<p style=\"text-align: justify;\"><span style=\"font-family: tahoma, arial, helvetica, sans-serif; font-size: 10pt;\">Censo 2022.<\/span><\/p>\n<p style=\"text-align: justify;\"><span style=\"font-family: tahoma, arial, helvetica, sans-serif; font-size: 10pt;\"><a href=\"https:\/\/draft.blogger.com\/u\/1\/blog\/post\/edit\/8741402008723821147\/100995430106107810\">Https:\/\/www.indec.gob.ar\/indec\/web\/Nivel4-Tema-2-41-165<\/a><\/span><\/p>\n<p style=\"text-align: justify;\"><span style=\"font-family: tahoma, arial, helvetica, sans-serif; font-size: 10pt;\">Censor 2010.<\/span><\/p>\n<p style=\"text-align: justify;\"><span style=\"font-family: tahoma, arial, helvetica, sans-serif; font-size: 10pt;\"><a href=\"https:\/\/draft.blogger.com\/u\/1\/blog\/post\/edit\/8741402008723821147\/100995430106107810\">Https:\/\/www.indec.gob.ar\/indec\/web\/Nivel4-Tema-2-41-135<\/a><\/span><\/p>\n<p style=\"text-align: justify;\"><span style=\"font-family: tahoma, arial, helvetica, sans-serif; font-size: 10pt;\">Censo 2022 viviendas colectivas.<\/span><\/p>\n<p style=\"text-align: justify;\"><span style=\"font-family: tahoma, arial, helvetica, sans-serif; font-size: 10pt;\"><a href=\"https:\/\/draft.blogger.com\/u\/1\/blog\/post\/edit\/8741402008723821147\/100995430106107810\">Https:\/\/www.indec.gob.ar\/ftp\/cuadros\/poblacion\/censo2022_viviendas_colectivas.pdf<\/a><\/span><\/p>\n<p style=\"text-align: justify;\">\u00a0<\/p>\n<p style=\"text-align: justify;\"><span style=\"font-family: tahoma, arial, helvetica, sans-serif; font-size: 10pt;\"><strong>Notas relacionadas<\/strong><\/span><\/p>\n<p style=\"text-align: justify;\"><span style=\"font-family: tahoma, arial, helvetica, sans-serif; font-size: 10pt;\">Alemania y la propiedad.<\/span><\/p>\n<p style=\"text-align: justify;\"><span style=\"font-family: tahoma, arial, helvetica, sans-serif; font-size: 10pt;\"><a href=\"https:\/\/draft.blogger.com\/u\/1\/blog\/post\/edit\/8741402008723821147\/100995430106107810\">Http:\/\/restaurarg.blogspot.com\/2022\/01\/alemania-y-la-propiedad.html<\/a><\/span><\/p>\n<p style=\"text-align: justify;\"><span style=\"font-family: tahoma, arial, helvetica, sans-serif; font-size: 10pt;\">A donde vayan los iremos a buscar<\/span><\/p>\n<p style=\"text-align: justify;\"><span style=\"font-family: tahoma, arial, helvetica, sans-serif; font-size: 10pt;\"><a href=\"https:\/\/draft.blogger.com\/u\/1\/blog\/post\/edit\/8741402008723821147\/100995430106107810\">Http:\/\/restaurarg.blogspot.com\/2020\/12\/a-donde-vayan-los-iremos-buscar.html<\/a><\/span><\/p>\n<p style=\"text-align: justify;\"><span style=\"font-family: tahoma, arial, helvetica, sans-serif; font-size: 10pt;\"><strong>\u00a0<\/strong><\/span><span style=\"font-family: tahoma, arial, helvetica, sans-serif; font-size: 10pt;\"><strong>\u00a0<\/strong><\/span><\/p>\n<p style=\"text-align: justify;\"><span style=\"font-family: tahoma, arial, helvetica, sans-serif; font-size: 10pt;\"><strong><em>Art\u00edculo publicado el 02\/12\/2023 en Restaurar, <a href=\"http:\/\/restaurarg.blogspot.com\/2023\/12\/censo-2022-o-el-indec-en-el-pais-de.html\">http:\/\/restaurarg.blogspot.com\/2023\/12\/censo-2022-o-el-indec-en-el-pais-de.html<\/a><\/em><\/strong><\/span><\/p>","protected":false},"excerpt":{"rendered":"<p>Iris Speroni* Existen casi 16 millones de hogares en Argentina (15.932.302). De ellos, el 66% vive en su propiedad. \u00a0 Llama la atenci\u00f3n lo que los informes del Censo 2022 publicados por el INDEC dicen; y lo que no dicen. No existe la informaci\u00f3n neutra. A\u00fan, en conocimiento de esto, leerlos es ingresar a otro &hellip; <a href=\"https:\/\/saeeg.org\/index.php\/2023\/12\/09\/censo-2022-o-el-indec-visita-a-alicia-en-el-pais-de-las-mararavillas\/\" class=\"more-link\">Seguir leyendo <span class=\"screen-reader-text\">CENSO 2022 O EL INDEC VISITA A ALICIA EN EL PA\u00cdS DE LAS MARARAVILLAS<\/span> <span class=\"meta-nav\">&rarr;<\/span><\/a><\/p>\n","protected":false},"author":2,"featured_media":0,"comment_status":"open","ping_status":"closed","sticky":false,"template":"","format":"standard","meta":{"footnotes":""},"categories":[1849],"tags":[27,2329,2325,2326,2328,1206,1317,2327,1675],"class_list":["post-8416","post","type-post","status-publish","format-standard","hentry","category-argentina-3","tag-argentina","tag-capital-federal","tag-censo-2022","tag-hogares","tag-nacimientos","tag-poblacion","tag-provincias","tag-servicios-publicos","tag-vivienda"],"_links":{"self":[{"href":"https:\/\/saeeg.org\/index.php\/wp-json\/wp\/v2\/posts\/8416","targetHints":{"allow":["GET"]}}],"collection":[{"href":"https:\/\/saeeg.org\/index.php\/wp-json\/wp\/v2\/posts"}],"about":[{"href":"https:\/\/saeeg.org\/index.php\/wp-json\/wp\/v2\/types\/post"}],"author":[{"embeddable":true,"href":"https:\/\/saeeg.org\/index.php\/wp-json\/wp\/v2\/users\/2"}],"replies":[{"embeddable":true,"href":"https:\/\/saeeg.org\/index.php\/wp-json\/wp\/v2\/comments?post=8416"}],"version-history":[{"count":1,"href":"https:\/\/saeeg.org\/index.php\/wp-json\/wp\/v2\/posts\/8416\/revisions"}],"predecessor-version":[{"id":8430,"href":"https:\/\/saeeg.org\/index.php\/wp-json\/wp\/v2\/posts\/8416\/revisions\/8430"}],"wp:attachment":[{"href":"https:\/\/saeeg.org\/index.php\/wp-json\/wp\/v2\/media?parent=8416"}],"wp:term":[{"taxonomy":"category","embeddable":true,"href":"https:\/\/saeeg.org\/index.php\/wp-json\/wp\/v2\/categories?post=8416"},{"taxonomy":"post_tag","embeddable":true,"href":"https:\/\/saeeg.org\/index.php\/wp-json\/wp\/v2\/tags?post=8416"}],"curies":[{"name":"wp","href":"https:\/\/api.w.org\/{rel}","templated":true}]}}