{"id":8487,"date":"2023-12-23T01:27:00","date_gmt":"2023-12-23T04:27:00","guid":{"rendered":"https:\/\/saeeg.org\/?p=8487"},"modified":"2023-12-29T01:32:46","modified_gmt":"2023-12-29T04:32:46","slug":"guayana-esequiba-incontrovertible-espacio-humano-de-nuestra-patria","status":"publish","type":"post","link":"https:\/\/saeeg.org\/index.php\/2023\/12\/23\/guayana-esequiba-incontrovertible-espacio-humano-de-nuestra-patria\/","title":{"rendered":"GUAYANA ESEQUIBA: INCONTROVERTIBLE ESPACIO HUMANO DE NUESTRA PATRIA"},"content":{"rendered":"\n<p><\/p>\n\n\n\n<p style=\"text-align: center;\"><span style=\"font-family: tahoma, arial, helvetica, sans-serif;\"><strong><em>Abraham G\u00f3mez R.*<\/em><\/strong><\/span><\/p>\n\n\n<div class=\"wp-block-image\">\n<figure class=\"aligncenter size-full is-resized\"><img loading=\"lazy\" decoding=\"async\" width=\"275\" height=\"183\" src=\"https:\/\/saeeg.org\/wp-content\/uploads\/2023\/12\/ABRAHAM-GOMEZ-GUAYANA-ESEQUIBA-INCONTROVERTIBLE-ESPACIO-HUMANO.png\" alt=\"\" class=\"wp-image-8488\" style=\"aspect-ratio:1.5027322404371584;width:443px;height:auto\"\/><\/figure>\n<\/div>\n\n\n<p style=\"text-align: justify;\"><span style=\"font-family: tahoma, arial, helvetica, sans-serif;\">Siempre nos ha parecido que caen en una seria contradicci\u00f3n quienes se dicen defensores de la Guayana Esequiba \u2015sobre todo\u2015 desde hace algunos meses para ac\u00e1; sin embargo, nunca los escuchamos argumentar razonada y propositivamente de la considerable poblaci\u00f3n que ocupa esa extensi\u00f3n territorial que nos fue arrebatado, vilmente, hace ya m\u00e1s de cien a\u00f1os.<\/span><\/p>\n<p style=\"text-align: justify;\"><span style=\"font-family: tahoma, arial, helvetica, sans-serif;\">Por propia experiencia \u2015producto de mis visititas a la zona\u2015 puedo mencionar que aflora una inmensa motivaci\u00f3n por parte de los esequibanos \u2015que viven en esa parte de Venezuela\u2015 para intercambiar ideas, experiencias y conocimientos hist\u00f3ricos con nosotros. Esos compatriotas tienen necesidad de saber, en esencia, c\u00f3mo se conformaron desde el punto de vista pol\u00edtico-administrativo.<\/span><\/p>\n<p style=\"text-align: justify;\"><span style=\"font-family: tahoma, arial, helvetica, sans-serif;\">Ellos desean concienciarse de qu\u00e9 fue lo que sucedi\u00f3 realmente. As\u00ed entonces, con tales fines, nos piden que les expliquemos en qu\u00e9 consiste un documento llamado \u201cLaudo de Par\u00eds\u201d y otro denominado Acuerdo de Ginebra.<\/span><\/p>\n<p style=\"text-align: justify;\"><span style=\"font-family: tahoma, arial, helvetica, sans-serif;\">Tambi\u00e9n hago expresa menci\u00f3n que los esequibanos que viven aqu\u00ed, entre nosotros: Tucupita, San F\u00e9lix, Tumeremo, Ciudad Bol\u00edvar, Puerto Ordaz, Barrancas del Orinoco, etc., a\u00fan conservan algunas tradiciones religiosas, medicinales; sus propias instrumentaciones en cuanto al cultivo de la tierra y producci\u00f3n pisc\u00edcola, sobre manufactureras en general; eficiencia en las actividades gastron\u00f3micas. Poseen sus intr\u00ednsecas metodolog\u00edas educativas.<\/span><\/p>\n<p style=\"text-align: justify;\"><span style=\"font-family: tahoma, arial, helvetica, sans-serif;\">Acaso no podemos nosotros aprovechar esos conocimientos al tiempo que, en tal dial\u00f3gica de saberes, los esequibanos reciban las necesarias asistencias para que refuercen el car\u00e1cter identitario de la venezolanidad con la finalidad de que ellos se conviertan en agentes transmisores y repliquen tales componentes patrios hacia sus familiares que a\u00fan viven en la Guayana Esequiba.<\/span><\/p>\n<p style=\"text-align: justify;\"><span style=\"font-family: tahoma, arial, helvetica, sans-serif;\">Hagamos propio y oportuno el conocido Principio: <em>\u201cLa identidad nacional no se impone ni se decreta, sino que se construye y se constituye progresivamente<\/em>\u201d. Este es el momento precisamente de imbuirnos en estas espec\u00edficas tareas de rec\u00edproco comportamiento e imbricaci\u00f3n humana.<\/span><\/p>\n<p style=\"text-align: justify;\"><span style=\"font-family: tahoma, arial, helvetica, sans-serif;\">Prestemos atenci\u00f3n a lo que, estrat\u00e9gicamente, han venido haciendo todos los gobiernos guyaneses, desde Forbes Burnham hasta el actual Irfaan Ali.<\/span><\/p>\n<p style=\"text-align: justify;\"><span style=\"font-family: tahoma, arial, helvetica, sans-serif;\">En sus respectivas gestiones han destinado presupuestos para acometer infraestructuras de escuelas, hospitales, hoteles, balnearios, medios de comunicaci\u00f3n audiovisuales, v\u00edas carreteras, pistas de aterrizajes, puestos militares etc.; adem\u00e1s, sensibilizan a ni\u00f1os y j\u00f3venes, con car\u00e1cter recurrente, en procesos de ideologizaci\u00f3n e identidad hacia esa naci\u00f3n.<\/span><\/p>\n<p style=\"text-align: justify;\"><span style=\"font-family: tahoma, arial, helvetica, sans-serif;\">Cantan el himno e izan la bandera guyanesa en los planteles escolares y dem\u00e1s instituciones p\u00fablicas.<\/span><\/p>\n<p style=\"text-align: justify;\"><span style=\"font-family: tahoma, arial, helvetica, sans-serif;\">Todas las fechas que ellos consideran patrias le confieren particular reforzamiento.<\/span><\/p>\n<p style=\"text-align: justify;\"><span style=\"font-family: tahoma, arial, helvetica, sans-serif;\">Si antes, en condici\u00f3n de naci\u00f3n pobr\u00edsima, se apoyaban en los aportes dadivosos suministrados por la Commonwealth, desde hace cinco a\u00f1os para ac\u00e1 \u2015con la Exxon a la cabeza de todo este enjambre esquilmador\u2015 no tienen reparos o limitaciones en los gastos e inversiones oficiales; por cuanto est\u00e1n percibiendo inmensos caudales de recursos dinerarios producto de la ilegal explotaci\u00f3n petrolera, maderera, energ\u00e9tica y minera en el \u00e1rea en conflicto y en la proyecci\u00f3n atl\u00e1ntica sin delimitar.<\/span><\/p>\n<p style=\"text-align: justify;\"><span style=\"font-family: tahoma, arial, helvetica, sans-serif;\">Cuando analizamos la Constituci\u00f3n de la Rep\u00fablica Cooperativa de Guyana de 1980, nos conseguimos con la auto asignaci\u00f3n y la distribuci\u00f3n pol\u00edtico-territorial que ellos han establecido, precisamente en la Guayana Esequiba, en flagrante violaci\u00f3n del Acuerdo de Ginebra del 17 de febrero de 1966; que determinantemente se\u00f1ala, en su art\u00edculo V, numeral (2):<\/span><\/p>\n<p style=\"text-align: justify;\"><span style=\"font-family: tahoma, arial, helvetica, sans-serif;\"><em>\u201cNing\u00fan acto o actividad que se lleve a cabo mientras se halle en vigencia este Acuerdo constituir\u00e1 fundamento para hacer valer, apoyar o negar una reclamaci\u00f3n de soberan\u00eda territorial en los Territorios de Venezuela o la Guayana Brit\u00e1nica, ni para crear derechos de soberan\u00eda en dichos territorios, excepto en cuanto tales actos o actividades sean resultado de cualquier convenio logrado por la Comisi\u00f3n Mixta y aceptado por escrito por el Gobierno de Venezuela y el Gobierno de Guyana. Ninguna nueva reclamaci\u00f3n o ampliaci\u00f3n de una reclamaci\u00f3n existente a soberan\u00eda territorial en dichos Territorios ser\u00e1 hecha valer mientras este Acuerdo est\u00e9 en vigencia, ni se har\u00e1 valer reclamaci\u00f3n alguna sino en la Comisi\u00f3n Mixta mientras tal Comisi\u00f3n exista\u201d.<\/em><\/span><\/p>\n<p style=\"text-align: justify;\"><span style=\"font-family: tahoma, arial, helvetica, sans-serif;\">Con la descarada entrega de concesiones \u2015inconsultas y unilaterales\u2015 a las empresas transnacionales pretenden, sibilinamente, \u201chacer valer o crear derechos de soberan\u00eda\u201d.<\/span><\/p>\n<p style=\"text-align: justify;\"><span style=\"font-family: tahoma, arial, helvetica, sans-serif;\">En el concierto de las relaciones internacionales, lamentablemente los pa\u00edses no tienen amigos sino intereses. Lo estamos percibiendo, en los \u00faltimos meses, precisamente; porque esta zona est\u00e1 siendo considerada de un extraordinario potencial por las reservas probadas y calidad de los recursos petrol\u00edferos, la ubicaci\u00f3n geoestrat\u00e9gica y su proyecci\u00f3n e interconexi\u00f3n con los pa\u00edses de Suram\u00e9rica.<\/span><\/p>\n<p style=\"text-align: justify;\"><span style=\"font-family: tahoma, arial, helvetica, sans-serif;\">Hay quienes se atreven a ser expl\u00edcitos en sus consideraciones \u2015no exentas de pol\u00e9micas\u2014 que las verdaderas fronteras son pol\u00edticas y econ\u00f3micas y no jur\u00eddicas.<\/span><\/p>\n<p style=\"text-align: justify;\"><span style=\"font-family: tahoma, arial, helvetica, sans-serif;\">La Guayana Esequiba constituye un territorio con incalculables riquezas mineras, h\u00eddricas, forestales, energ\u00e9ticas, edafol\u00f3gicas, gas\u00edferas, petroleras etc. Territorio much\u00edsimo m\u00e1s grande que algunos pa\u00edses europeos, asi\u00e1ticos y centroamericanos. Con extraordinario potencial de desarrollo sostenible.<\/span><\/p>\n<p style=\"text-align: justify;\"><span style=\"font-family: tahoma, arial, helvetica, sans-serif;\">Debemos reconocer que no s\u00f3lo EE.UU. tiene las manos metidas all\u00ed, a trav\u00e9s de la EXXON y la CGX, sino que tambi\u00e9n est\u00e1 operando la CNOOC de China, la SHELL de Holanda, la ANADARKO de Canad\u00e1. Son much\u00edsimas que saben, por exploraciones cient\u00edficas, lo que all\u00ed est\u00e1 en juego.<\/span><\/p>\n<p style=\"text-align: justify;\"><span style=\"font-family: tahoma, arial, helvetica, sans-serif;\">Seg\u00fan su Carta Magna, Guyana delimit\u00f3 toda la extensi\u00f3n correspondiente a nuestra Guayan Esequiba en las siguientes regiones: Guain\u00eda-Baruma; Poomeron-Supenam; Cuyun\u00ed-Mazaruni; Potaro-Siparuni; AltoT\u00fakutu- Alto Esequibo. En cada una de estas regiones eligen un gobernador que indistintamente del partido que sea PPP o del CNP, lo m\u00e1s importante es que responda a la programaci\u00f3n dise\u00f1ada y ejecutada a partir de directrices emanadas del nivel central, asegurando uniformidad de criterio para la conservaci\u00f3n identitaria en la zona.<\/span><\/p>\n<p style=\"text-align: justify;\"><span style=\"font-family: tahoma, arial, helvetica, sans-serif;\">Hasta donde la Fuerza de Defensa de Guyana (GDF) nos permiti\u00f3, recorrimos buena parte de esa inmensidad de territorio y nos conseguimos importantes ciudades, pueblos y asientos demogr\u00e1ficos de varios tipos y clases sociales, en cuyo registro censal, m\u00e1s reciente, arroja una poblaci\u00f3n que sobrepasa las 300.000 personas, incluyendo a las etnias Waiwai, Makushi, Arawakos, Akawayos, Saraos, Patamonas, Caribes, Waraos y Wapashi.<\/span><\/p>\n<p style=\"text-align: justify;\"><span style=\"font-family: tahoma, arial, helvetica, sans-serif;\">Agradezco, en lo personal que nuestro trabajo de indagaci\u00f3n acad\u00e9mica ha sido suficientemente ponderado y reconocido; lo cual constituye honda satisfacci\u00f3n por una lucha sostenida sin actitudes atrabiliarias o estrepitosas; por cuanto, requerimos juntar talentos y densidad en la formaci\u00f3n documental y doctrinaria para insistir en reclamar y defender en las instancias a que haya lugar lo que por honor y justicia siempre ha sido nuestro; que nos desgajaron, en un ardid tramposo, en una tratativa perversa mediante a\u00f1agazas jur\u00eddicas.<\/span><\/p>\n<p style=\"text-align: justify;\"><span style=\"font-family: tahoma, arial, helvetica, sans-serif;\"><strong><em>\u00a0<\/em><\/strong><\/span><\/p>\n<p style=\"text-align: justify;\"><span style=\"font-family: tahoma, arial, helvetica, sans-serif; font-size: 10pt;\"><strong><em>* Miembro de la Academia Venezolana de la Lengua. Asesor de la Fundaci\u00f3n Venezuela Esequiba. Miembro del Instituto de Estudios Fronterizos de Venezuela (IDEFV). Asesor de la Comisi\u00f3n por el Esequibo y la Soberan\u00eda Territorial. Consultor de la ONG Mi Mapa.<\/em><\/strong><\/span><\/p>\n","protected":false},"excerpt":{"rendered":"<p>Abraham G\u00f3mez R.* Siempre nos ha parecido que caen en una seria contradicci\u00f3n quienes se dicen defensores de la Guayana Esequiba \u2015sobre todo\u2015 desde hace algunos meses para ac\u00e1; sin embargo, nunca los escuchamos argumentar razonada y propositivamente de la considerable poblaci\u00f3n que ocupa esa extensi\u00f3n territorial que nos fue arrebatado, vilmente, hace ya m\u00e1s &hellip; <a href=\"https:\/\/saeeg.org\/index.php\/2023\/12\/23\/guayana-esequiba-incontrovertible-espacio-humano-de-nuestra-patria\/\" class=\"more-link\">Seguir leyendo <span class=\"screen-reader-text\">GUAYANA ESEQUIBA: INCONTROVERTIBLE ESPACIO HUMANO DE NUESTRA PATRIA<\/span> <span class=\"meta-nav\">&rarr;<\/span><\/a><\/p>\n","protected":false},"author":2,"featured_media":0,"comment_status":"open","ping_status":"closed","sticky":false,"template":"","format":"standard","meta":{"footnotes":""},"categories":[803],"tags":[2341,249,801,802,318,1206,832,929,480,314],"class_list":["post-8487","post","type-post","status-publish","format-standard","hentry","category-venezuela","tag-e","tag-empresas-petroleras","tag-esequibo","tag-guayana-esequiba","tag-petroleo","tag-poblacion","tag-recursos-energeticos","tag-republica-cooperativa-de-guyana","tag-sociedad","tag-venezuela"],"_links":{"self":[{"href":"https:\/\/saeeg.org\/index.php\/wp-json\/wp\/v2\/posts\/8487","targetHints":{"allow":["GET"]}}],"collection":[{"href":"https:\/\/saeeg.org\/index.php\/wp-json\/wp\/v2\/posts"}],"about":[{"href":"https:\/\/saeeg.org\/index.php\/wp-json\/wp\/v2\/types\/post"}],"author":[{"embeddable":true,"href":"https:\/\/saeeg.org\/index.php\/wp-json\/wp\/v2\/users\/2"}],"replies":[{"embeddable":true,"href":"https:\/\/saeeg.org\/index.php\/wp-json\/wp\/v2\/comments?post=8487"}],"version-history":[{"count":1,"href":"https:\/\/saeeg.org\/index.php\/wp-json\/wp\/v2\/posts\/8487\/revisions"}],"predecessor-version":[{"id":8489,"href":"https:\/\/saeeg.org\/index.php\/wp-json\/wp\/v2\/posts\/8487\/revisions\/8489"}],"wp:attachment":[{"href":"https:\/\/saeeg.org\/index.php\/wp-json\/wp\/v2\/media?parent=8487"}],"wp:term":[{"taxonomy":"category","embeddable":true,"href":"https:\/\/saeeg.org\/index.php\/wp-json\/wp\/v2\/categories?post=8487"},{"taxonomy":"post_tag","embeddable":true,"href":"https:\/\/saeeg.org\/index.php\/wp-json\/wp\/v2\/tags?post=8487"}],"curies":[{"name":"wp","href":"https:\/\/api.w.org\/{rel}","templated":true}]}}