{"id":8830,"date":"2024-05-30T23:50:54","date_gmt":"2024-05-31T02:50:54","guid":{"rendered":"https:\/\/saeeg.org\/?p=8830"},"modified":"2024-06-03T02:44:03","modified_gmt":"2024-06-03T05:44:03","slug":"presentacion-del-anuario-del-ceid-2023","status":"publish","type":"post","link":"https:\/\/saeeg.org\/index.php\/2024\/05\/30\/presentacion-del-anuario-del-ceid-2023\/","title":{"rendered":"PRESENTACI\u00d3N DEL ANUARIO DEL CEID 2023"},"content":{"rendered":"\n<p style=\"text-align: center;\"><span style=\"font-family: tahoma, arial, helvetica, sans-serif;\"><strong><em>Los Equipos del CEID y de la SAEEG<\/em><\/strong><\/span><\/p>\n\n\n<div class=\"wp-block-image\">\n<figure class=\"aligncenter size-full\"><img loading=\"lazy\" decoding=\"async\" width=\"398\" height=\"562\" src=\"https:\/\/saeeg.org\/wp-content\/uploads\/2024\/05\/MJR-ANUARIO-DEL-CEID-2023.png\" alt=\"\" class=\"wp-image-8831\" srcset=\"https:\/\/saeeg.org\/wp-content\/uploads\/2024\/05\/MJR-ANUARIO-DEL-CEID-2023.png 398w, https:\/\/saeeg.org\/wp-content\/uploads\/2024\/05\/MJR-ANUARIO-DEL-CEID-2023-212x300.png 212w\" sizes=\"auto, (max-width: 398px) 100vw, 398px\" \/><\/figure>\n<\/div>\n\n\n<p style=\"text-align: justify;\"><span style=\"font-family: tahoma, arial, helvetica, sans-serif;\">Quienes integramos el <em>Centro de Estudios Internacionales para el Desarrollo (CEID)<\/em> y la<em> Sociedad Argentina de Estudios Estrat\u00e9gicos y Globales (SAEGG) <\/em>tenemos el agrado de presentar el <strong><em>Anuario del CEID 2023<\/em><\/strong>, el que cont\u00f3 con la contribuci\u00f3n de diecinueve autores de Argentina, Bolivia, Cuba, Espa\u00f1a, Jordania, Per\u00fa y Venezuela.<\/span><\/p>\n<p style=\"text-align: justify;\"><span style=\"font-family: tahoma, arial, helvetica, sans-serif;\">El <strong><em>Anuario del CEID 2023<\/em><\/strong>, ahora bajo la direcci\u00f3n de la Dra. Isabel Stanganelli \u2015quien tambi\u00e9n tiene bajo su comando al CEID\u2015 aborda algunos de los tantos y tan importantes temas que acapararon la atenci\u00f3n internacional durante 2023. Los art\u00edculos abarcan diversas cuestiones que se encuentran en sus diferentes secciones geogr\u00e1ficas y tem\u00e1ticas.<\/span><\/p>\n<p style=\"text-align: justify;\"><span style=\"font-family: tahoma, arial, helvetica, sans-serif;\">Como lo ha expresado la Dra. Stanganelli, \u00abintentamos aportar con este Anuario elementos de an\u00e1lisis y reflexi\u00f3n con el objetivo de colaborar en el intercambio de ideas y, en lo posible, de propuestas\u00bb.<\/span><\/p>\n<p style=\"text-align: justify;\"><span style=\"font-family: tahoma, arial, helvetica, sans-serif;\">El <strong><em>Anuario del CEID 2023<\/em><\/strong>, como siempre se destaca en su tapa, constituye \u00abun an\u00e1lisis del mundo desde el sur\u00bb, una visi\u00f3n que procura favorecer la comprensi\u00f3n de un escenario mundial profundamente complejo.<\/span><\/p>\n<p style=\"text-align: justify;\"><span style=\"font-family: tahoma, arial, helvetica, sans-serif;\">Expresamos nuestro enorme agradecimiento a los prestigiosos investigadores que nos acompa\u00f1aron en esta versi\u00f3n de 2023:<\/span><\/p>\n<p style=\"text-align: justify;\"><span style=\"font-family: tahoma, arial, helvetica, sans-serif;\">Salam Al Rabadi (Jordania, Espa\u00f1a), C. Mar\u00eda Elena \u00c1lvarez Acosta (Cuba), Francisco Carranza Romero (Per\u00fa), Miguel \u00c1ngel C\u00faneo (Argentina &#8211; Espa\u00f1a), Sunamis Fabelo Concepci\u00f3n (Cuba), Daniel Gonz\u00e1lez Palau (Espa\u00f1a), Ruvislei Gonz\u00e1lez S\u00e1ez (Cuba), Yosl\u00e1n Silverio Gonz\u00e1lez (Cuba), Alberto Hutschenreuter (Argentina), Roberto Mansilla Blanco (Venezuela \u2013 Espa\u00f1a), Elio Perera Pena (Cuba), Octavia Quiroga Mendizabal (Bolivia), Marcelo Javier de los Reyes (Argentina), Xulio R\u00edos (Espa\u00f1a), L\u00eda Rodr\u00edguez de la Vega (Argentina), Gleydis Sanam\u00e9 Ch\u00e1vez (Cuba), Claudia S\u00e1nchez Sav\u00edn (Cuba), Juan Jos\u00e9 Santander (Argentina \u2013 Espa\u00f1a) e Isabel Stanganelli (Argentina \u2013 Espa\u00f1a).<\/span><\/p>\n<p style=\"text-align: justify;\"><span style=\"font-family: tahoma, arial, helvetica, sans-serif;\">Finalmente, deseamos informar que el <strong><em>Anuario del CEID 2023 <\/em><\/strong>puede ser descargado <strong>gratuitamente <\/strong>\u00a0desde la p\u00e1gina <a href=\"https:\/\/saeeg.org\/wp-content\/uploads\/2024\/05\/CEID-ANUARIO-2023.pdf\">https:\/\/saeeg.org\/wp-content\/uploads\/2024\/05\/CEID-ANUARIO-2023.pdf<\/a>.<\/span><\/p>\n<p style=\"text-align: justify;\"><span style=\"font-family: tahoma, arial, helvetica, sans-serif;\"><strong>Agradecemos su difusi\u00f3n.<\/strong><\/span><\/p>\n","protected":false},"excerpt":{"rendered":"<p>Los Equipos del CEID y de la SAEEG Quienes integramos el Centro de Estudios Internacionales para el Desarrollo (CEID) y la Sociedad Argentina de Estudios Estrat\u00e9gicos y Globales (SAEGG) tenemos el agrado de presentar el Anuario del CEID 2023, el que cont\u00f3 con la contribuci\u00f3n de diecinueve autores de Argentina, Bolivia, Cuba, Espa\u00f1a, Jordania, Per\u00fa &hellip; <a href=\"https:\/\/saeeg.org\/index.php\/2024\/05\/30\/presentacion-del-anuario-del-ceid-2023\/\" class=\"more-link\">Seguir leyendo <span class=\"screen-reader-text\">PRESENTACI\u00d3N DEL ANUARIO DEL CEID 2023<\/span> <span class=\"meta-nav\">&rarr;<\/span><\/a><\/p>\n","protected":false},"author":2,"featured_media":0,"comment_status":"open","ping_status":"closed","sticky":false,"template":"","format":"standard","meta":{"footnotes":""},"categories":[2418],"tags":[35,22,34,381,13,44,18,19,480],"class_list":["post-8830","post","type-post","status-publish","format-standard","hentry","category-anuario-del-ceid-2023","tag-africa","tag-america","tag-asia","tag-cultura","tag-europa","tag-geopolitica","tag-historia","tag-politica","tag-sociedad"],"_links":{"self":[{"href":"https:\/\/saeeg.org\/index.php\/wp-json\/wp\/v2\/posts\/8830","targetHints":{"allow":["GET"]}}],"collection":[{"href":"https:\/\/saeeg.org\/index.php\/wp-json\/wp\/v2\/posts"}],"about":[{"href":"https:\/\/saeeg.org\/index.php\/wp-json\/wp\/v2\/types\/post"}],"author":[{"embeddable":true,"href":"https:\/\/saeeg.org\/index.php\/wp-json\/wp\/v2\/users\/2"}],"replies":[{"embeddable":true,"href":"https:\/\/saeeg.org\/index.php\/wp-json\/wp\/v2\/comments?post=8830"}],"version-history":[{"count":3,"href":"https:\/\/saeeg.org\/index.php\/wp-json\/wp\/v2\/posts\/8830\/revisions"}],"predecessor-version":[{"id":8838,"href":"https:\/\/saeeg.org\/index.php\/wp-json\/wp\/v2\/posts\/8830\/revisions\/8838"}],"wp:attachment":[{"href":"https:\/\/saeeg.org\/index.php\/wp-json\/wp\/v2\/media?parent=8830"}],"wp:term":[{"taxonomy":"category","embeddable":true,"href":"https:\/\/saeeg.org\/index.php\/wp-json\/wp\/v2\/categories?post=8830"},{"taxonomy":"post_tag","embeddable":true,"href":"https:\/\/saeeg.org\/index.php\/wp-json\/wp\/v2\/tags?post=8830"}],"curies":[{"name":"wp","href":"https:\/\/api.w.org\/{rel}","templated":true}]}}