{"id":894,"date":"2019-11-06T06:39:11","date_gmt":"2019-11-06T06:39:11","guid":{"rendered":"http:\/\/saeeg.org\/?p=894"},"modified":"2019-11-07T07:10:13","modified_gmt":"2019-11-07T07:10:13","slug":"el-papel-derribo-el-muro-30-anos-del-derrumbe-del-muro-de-berlin","status":"publish","type":"post","link":"https:\/\/saeeg.org\/index.php\/2019\/11\/06\/el-papel-derribo-el-muro-30-anos-del-derrumbe-del-muro-de-berlin\/","title":{"rendered":"EL PAPEL QUE DERRIB\u00d3 EL MURO. A 30 A\u00d1OS DEL DERRUMBE DEL MURO DE BERL\u00cdN"},"content":{"rendered":"<p style=\"text-align: center;\"><span style=\"font-family: verdana, geneva, sans-serif;\"><strong><em>Marcelo Javier de los Reyes*<\/em><\/strong><\/span><\/p>\n<p style=\"text-align: center;\"><a href=\"http:\/\/saeeg.org\/wp-content\/uploads\/2019\/11\/berlin-wall-50727_640-Imagen-de-Peter-Dargatz-en-Pixabay.jpg\"><img loading=\"lazy\" decoding=\"async\" class=\"aligncenter wp-image-895\" src=\"http:\/\/saeeg.org\/wp-content\/uploads\/2019\/11\/berlin-wall-50727_640-Imagen-de-Peter-Dargatz-en-Pixabay-300x170.jpg\" alt=\"\" width=\"500\" height=\"284\" srcset=\"https:\/\/saeeg.org\/wp-content\/uploads\/2019\/11\/berlin-wall-50727_640-Imagen-de-Peter-Dargatz-en-Pixabay-300x170.jpg 300w, https:\/\/saeeg.org\/wp-content\/uploads\/2019\/11\/berlin-wall-50727_640-Imagen-de-Peter-Dargatz-en-Pixabay.jpg 640w\" sizes=\"auto, (max-width: 500px) 100vw, 500px\" \/><\/a><\/p>\n<p style=\"text-align: center;\"><span style=\"font-family: verdana, geneva, sans-serif; font-size: 10pt;\"><strong>Imagen de Peter Dargatz en Pixabay<\/strong><\/span><\/p>\n<p style=\"text-align: justify;\"><span style=\"font-family: verdana, geneva, sans-serif;\"><strong>Introducci\u00f3n<\/strong><\/span><\/p>\n<p style=\"text-align: justify;\"><span style=\"font-family: verdana, geneva, sans-serif;\">El derrumbe del Muro de Berl\u00edn fue un proceso que se debi\u00f3 a una suma de hechos que se iniciaron unos a\u00f1os antes de 1989, entre los que podr\u00edamos destacar las negociaciones entre Ronald Reagan y Mijail Gorbachov, el atentado contra el Papa Juan Pablo II, el movimiento Solidaridad en Polonia, la crisis del sistema en el bloque socialista, las elecciones libres del 4 de junio de 1989 en Polonia, la cat\u00e1strofe de Chernobyl, las reformas iniciadas por Yuri Andropov y las reformas implementadas por Mijail Gorbachov. Sin embargo, la suerte del muro dependi\u00f3 de un simple papel que cab\u00eda en un bolsillo.<\/span><\/p>\n<p style=\"text-align: justify;\"><span style=\"font-family: verdana, geneva, sans-serif;\">Ya antes del d\u00eda clave, que fue el 9 de noviembre de 1989, comenz\u00f3 a haber algunas situaciones que causaron preocupaci\u00f3n entre los jerarcas de los pa\u00edses del bloque comunista, como la huida de sus ciudadanos a trav\u00e9s de terceros pa\u00edses.<\/span><\/p>\n<p style=\"text-align: justify;\"><span style=\"font-family: verdana, geneva, sans-serif;\"><strong>El \u201cpicnic paneuropeo\u201d<\/strong><\/span><\/p>\n<p style=\"text-align: justify;\"><span style=\"font-family: verdana, geneva, sans-serif;\">El 19 de agosto de 1989 un grupo peque\u00f1o de disidentes h\u00fangaros y polic\u00edas austr\u00edacos hab\u00edan acordado que, de manera simb\u00f3lica, abrir\u00edan la puerta ese d\u00eda por unas horas para que pudieran ir de picnic juntos. Pero todo se convirti\u00f3 en un acto m\u00e1s que simb\u00f3lico: mientras que los h\u00fangaros ya pod\u00edan viajar libremente, unos 600 alemanes de la Rep\u00fablica Democr\u00e1tica Alemana (RDA) aprovecharon para poder huir al oeste. El episodio termin\u00f3 en la historia apodado como el \u201cpicnic paneuropeo\u201d<a href=\"#_edn1\" name=\"_ednref1\">[1]<\/a>. El hecho tuvo lugar en Sopron, ciudad h\u00fangara cercana a la frontera con Austria.<\/span><\/p>\n<p style=\"text-align: justify;\"><span style=\"font-family: verdana, geneva, sans-serif;\">Durante ese mes de agosto decenas de miles de alemanes del este ya se hab\u00edan establecido en Hungr\u00eda, viviendo en carpas en parques y en iglesias, a la espera del momento en que pudieran cruzar hacia el oeste<a href=\"#_edn2\" name=\"_ednref2\">[2]<\/a>. El 27 de junio de 1989 los ministros de Exteriores de Hungr\u00eda, Gyula Horn, y de Austria, Alois Mock \u2014a quien se considera que luego, en 1995, fue una pieza clave de la entrada de Austria en la Uni\u00f3n Europea<a href=\"#_edn3\" name=\"_ednref3\">[3]<\/a>\u2014, cortaron la valla fronteriza que separaba sus pa\u00edses, hecho que qued\u00f3 registrado en una foto que dio la vuelta al mundo a trav\u00e9s de los medios de comunicaci\u00f3n. Del mismo modo, se hab\u00eda difundido la noticia de que la frontera entre ambos pa\u00edses estar\u00eda simb\u00f3licamente abierta por unas horas el 19 de agosto. La noche del 18 de agosto, desconocidos repartieron miles de panfletos entre los alemanes de Budapest<a href=\"#_edn4\" name=\"_ednref4\">[4]<\/a>.<\/span><\/p>\n<p style=\"text-align: center;\"><a href=\"http:\/\/saeeg.org\/wp-content\/uploads\/2019\/11\/BERLIN-Alois-Mock-el-ministro-de-Relaciones-Exteriores-de-Austria-con-su-hom\u00f3logo-h\u00fangaro-Gyula-Horn.jpg\"><img loading=\"lazy\" decoding=\"async\" class=\"aligncenter wp-image-896\" src=\"http:\/\/saeeg.org\/wp-content\/uploads\/2019\/11\/BERLIN-Alois-Mock-el-ministro-de-Relaciones-Exteriores-de-Austria-con-su-hom\u00f3logo-h\u00fangaro-Gyula-Horn-300x188.jpg\" alt=\"\" width=\"500\" height=\"313\" srcset=\"https:\/\/saeeg.org\/wp-content\/uploads\/2019\/11\/BERLIN-Alois-Mock-el-ministro-de-Relaciones-Exteriores-de-Austria-con-su-hom\u00f3logo-h\u00fangaro-Gyula-Horn-300x188.jpg 300w, https:\/\/saeeg.org\/wp-content\/uploads\/2019\/11\/BERLIN-Alois-Mock-el-ministro-de-Relaciones-Exteriores-de-Austria-con-su-hom\u00f3logo-h\u00fangaro-Gyula-Horn.jpg 480w\" sizes=\"auto, (max-width: 500px) 100vw, 500px\" \/><\/a><\/p>\n<p style=\"text-align: center;\"><span style=\"font-size: 10pt; font-family: verdana, geneva, sans-serif;\"><strong>Alois Mock, el ministro de Relaciones Exteriores de Austria, con su hom\u00f3logo h\u00fangaro, Gyula Horn, cortando el cable que marcaba la frontera entre el Este y el Oeste en Sopron, Hungr\u00eda, el 27 de junio de 1989.\u00a0<\/strong><\/span><span style=\"font-size: 10pt; font-family: verdana, geneva, sans-serif;\"><strong>Cr\u00e9dito: <\/strong><strong>AP <\/strong><strong>Photo \/ Bernhard J Holzner<\/strong><\/span><\/p>\n<p style=\"text-align: justify;\"><span style=\"font-family: verdana, geneva, sans-serif;\">En el lugar hab\u00eda un port\u00f3n de madera que deb\u00eda ser abierto a las tres de la tarde para la delegaci\u00f3n oficial, custodiado por cinco soldados h\u00fangaros, uno de ellos el teniente coronel Arpad Bella, a cargo de la guardia. De repente, en lugar de la delegaci\u00f3n oficial cientos de alemanes de la RDA cruzaron la frontera y Bella dud\u00f3 en cumplir la orden de disparar.<\/span><\/p>\n<p style=\"text-align: justify;\"><span style=\"font-family: verdana, geneva, sans-serif;\">El entonces primer ministro de Hungr\u00eda, Miklos Nemeth, afirm\u00f3 que quer\u00edan tantear c\u00f3mo reaccionar\u00eda Mosc\u00fa a la huida de los alemanes del este, versi\u00f3n que parecer\u00eda ser apoyada por la inacci\u00f3n de quienes deb\u00edan haber bloqueado el acceso a la zona fronteriza<a href=\"#_edn5\" name=\"_ednref5\">[5]<\/a>.<\/span><\/p>\n<p style=\"text-align: justify;\"><span style=\"font-family: verdana, geneva, sans-serif;\">En septiembre de 1989 el gobierno comunista de Hungr\u00eda autoriz\u00f3 a que los ciudadanos de Alemania Oriental pasaran a Austria procurando la libertad y ese fue el momento en que los cimientos del muro comenzaron a corroerse.<\/span><\/p>\n<p style=\"text-align: justify;\"><span style=\"font-family: verdana, geneva, sans-serif;\">Los inequ\u00edvocos mensajes de Gorbachov a Honnecker sobre la negativa sovi\u00e9tica a apoyar una represi\u00f3n de las protestas en la RDA, precipitaron la destituci\u00f3n de Honnecker por un comunista reformista, Egon Krenz, quien fue designado secretario general. Markus Wolf, llamado \u201cMischa\u201d Wolf, quien durante treinta y dos a\u00f1os se desempe\u00f1\u00f3 como jefe del <em>Ministerium f\u00fcr Staatssicherheit<\/em> de la Rep\u00fablica Democr\u00e1tica de Alemania \u2014m\u00e1s conocido como <em>Stasi<\/em>\u2014 recuerda ese momento:<\/span><\/p>\n<p style=\"text-align: justify;\"><em>El 18 de octubre Honecker finalmente fue derrocado en el tradicional estilo de los gobernantes autoritarios que han perdido el respeto de su c\u00edrculo interior, y a quienes se pide que se marchen<\/em>.<a href=\"#_edn6\" name=\"_ednref6\">[6]<\/a><\/p>\n<p style=\"text-align: justify;\"><span style=\"font-family: verdana, geneva, sans-serif;\"><strong>Protestas y huidas<\/strong><\/span><\/p>\n<p style=\"text-align: justify;\"><span style=\"font-family: verdana, geneva, sans-serif;\">El 4 de noviembre se llev\u00f3 a cabo una manifestaci\u00f3n en la Alexanderplatz de Berl\u00edn Oriental con la intenci\u00f3n de promover un cambio pac\u00edfico, de la que Wolf particip\u00f3 invitado por la nieta del escritor Bertold Brecht, Johanna Schall, y de la que tambi\u00e9n participaron los escritores Christa Wolf, Stephan Heym y Heiner M\u00fcller, as\u00ed como los l\u00edderes del grupo de oposici\u00f3n <em>Neues Forum<\/em> (Foro Nuevo), B\u00e4rbel Bohley y Jens Reich. \u201cMischa\u201d Wolf pudo observar \u201cun mar de carteles de hechura casera que exig\u00edan el fin del dominio unipartidario\u201d, lo que le signific\u00f3 que el monopolio del <em>Sozialistische Einheitspartei Deutschlands<\/em> (SED, Partido Socialista Unificado) hab\u00eda llegado a su fin<a href=\"#_edn7\" name=\"_ednref7\">[7]<\/a>. Se trat\u00f3 de una marcha a la que concurrieron cientos de miles de ciudadanos, incluso algunas estimaciones calcularon la cifra en un mill\u00f3n. Fue el corolario de una serie de protestas que se estaban llevando a cabo en diversos puntos del territorio del pa\u00eds.<\/span><\/p>\n<p style=\"text-align: justify;\"><span style=\"font-family: verdana, geneva, sans-serif;\">Por ese entonces el gobierno de Checoslovaquia proceder\u00eda a cerrar su frontera con la RDA debido a que la gran cantidad de alemanes del este que escapaban a Occidente estaba desestabilizando el sistema<a href=\"#_edn8\" name=\"_ednref8\">[8]<\/a>. El \u00e9xodo masivo pondr\u00eda en peligro la existencia misma de la RDA y, adem\u00e1s, la huida de estos alemanes a trav\u00e9s de terceros pa\u00edses le estaba ocasionando una mala imagen a la Alemania comunista. Por esa \u00e9poca, muchos alemanes orientales concurr\u00edan de vacaciones a la paradis\u00edaca playa del Sol, en Bulgaria, sobre el mar Negro. All\u00ed iban de vacaciones ciudadanos de otros pa\u00edses del bloque comunista pero tambi\u00e9n alemanes de la Rep\u00fablica Federal Alemana (RFA). Los de la RDA iban a hospedajes o caba\u00f1as m\u00e1s modestas y ten\u00edan prohibido tomar contacto con los de la RFA. La <em>Stasi<\/em> estaba all\u00ed presente para observar sus actitudes. Algunos viajaban exclusivamente con la intenci\u00f3n de escapar a Turqu\u00eda a trav\u00e9s de Bulgaria, pero desconoc\u00edan la existencia del sistema fronterizo: hab\u00eda una franja de arena antes de llegar a una primera valla para que quedaran marcadas las pisadas y luego hab\u00eda otra valla a unos cuantos pasos de \u00e9sta. Guardias armados recorr\u00edan la franja entre ambas vallas y, sobre todo, cuando se activaban las alarmas silenciosas que conectaban las vallas con los puestos de seguridad.<\/span><\/p>\n<p style=\"text-align: justify;\"><span style=\"font-family: verdana, geneva, sans-serif;\">Como escribi\u00f3 el periodista J. M. Mart\u00ed Font en un art\u00edculo publicado en <em>El Pa\u00eds<\/em>, no se trat\u00f3 de una conspiraci\u00f3n de la CIA, de la KGB o de a Stasi \u2014las que tambi\u00e9n fueron sorprendidas\u2014 sino de una confusi\u00f3n que se origin\u00f3 cuando, a primera hora de la ma\u00f1ana del 9 de noviembre de 1989, tres altos cargos de los servicios aduaneros de la RDA \u2014el coronel Hans Joachim Kr\u00fcger, el coronel Udo Lemme y el general Gotthard Hubrich\u2014 se reunieron con el encargado de la Unidad de Control de Pasaportes, Gerhard Lauter, en su despacho de Berl\u00edn Oriental para redactar, por orden del ministro del Interior, Friedrich Dickel, una normativa de viajes que deb\u00eda permitir la salida legal a los ciudadanos que quer\u00edan abandonar el pa\u00eds de forma \u201cpermanente\u201d y que, hasta ese d\u00eda, lo hac\u00edan a trav\u00e9s de otros pa\u00edses socialistas<a href=\"#_edn9\" name=\"_ednref9\">[9]<\/a>.<\/span><\/p>\n<p style=\"text-align: justify;\"><span style=\"font-family: verdana, geneva, sans-serif;\">Se trataba de una toma de decisiones que era crucial para apaciguar los \u00e1nimos en la RDA y para garantizar su subsistencia.<\/span><\/p>\n<p style=\"text-align: justify;\"><span style=\"font-family: verdana, geneva, sans-serif;\">Todo esto ocurr\u00eda el mismo d\u00eda que el canciller de la RFA, Helmut Kohl, hab\u00eda llegado a Varsovia para una visita de seis d\u00edas que ten\u00eda por objetivo impulsar la reconciliaci\u00f3n con Polonia luego de la II Guerra Mundial. Polonia ya ten\u00eda su primer gobierno democr\u00e1tico con Tadeusz Mazowiecki y esa era una gran motivaci\u00f3n para el gobierno de Kohl, quien tambi\u00e9n ten\u00eda previsto reunirse con el l\u00edder de Solidaridad, Lech Wa\u0142\u0119sa.<\/span><\/p>\n<p style=\"text-align: justify;\"><span style=\"font-family: verdana, geneva, sans-serif;\"><strong>De c\u00f3mo un \u201cpapel\u201d derrumb\u00f3 el muro<\/strong><\/span><\/p>\n<p style=\"text-align: justify;\"><span style=\"font-family: verdana, geneva, sans-serif;\">En la reuni\u00f3n de la que particip\u00f3 el encargado de la Unidad de Control de Pasaportes, Gerhard Lauter, se elabor\u00f3 un documento que estipulaba que \u201cse podr\u00e1n realizar viajes privados al extranjero sin condici\u00f3n previa\u201d y se a\u00f1adi\u00f3 que \u201clas autorizaciones ser\u00e1n concedidas con rapidez y las denegaciones s\u00f3lo ser\u00e1n posibles en casos excepcionales\u201d. En torno del mediod\u00eda, el grupo de Lauter envi\u00f3 el documento a Egon Krenz, a la sede del Comit\u00e9 Central del SED, en donde se discut\u00eda el futuro de la RDA. Los presentes no prestan demasiada atenci\u00f3n al texto que, a primera vista, se parece a las reglas reveladas tres d\u00edas antes. Nadie, comenzando con Krenz, comprende el significado de las oraciones que se acaban de introducir en el documento. \u201c\u00bfEst\u00e1n de acuerdo los rusos?\u201d, preguntaron algunos miembros del Politbur\u00f3. S\u00ed, respondi\u00f3 Egon Krenz, el embajador Vyacheslav Kotchemassov acord\u00f3 por tel\u00e9fono<a href=\"#_edn10\" name=\"_ednref10\">[10]<\/a>.<\/span><\/p>\n<p style=\"text-align: justify;\"><span style=\"font-family: verdana, geneva, sans-serif;\">Por su parte, G\u00fcnter Schabowski primer secretario del Partido Comunista de la RDA (SED) y encargado de las relaciones del partido con los medios de comunicaci\u00f3n, cit\u00f3 a los periodistas para una conferencia de prensa esa misma noche.<\/span><\/p>\n<p style=\"text-align: justify;\"><span style=\"font-family: verdana, geneva, sans-serif;\">Schabowski no estuvo presente en la reuni\u00f3n Comit\u00e9 Central. Lleg\u00f3 muy tarde y Krenz le entreg\u00f3 una nota relacionada con los viajes para que la llevara a la conferencia de prensa, pero no le aclar\u00f3 que hab\u00eda \u201cun plazo de espera\u201d.<\/span><\/p>\n<p style=\"text-align: justify;\"><span style=\"font-family: verdana, geneva, sans-serif;\">A las 18:00 horas en punto, en Berl\u00edn Este, Schabowski comenz\u00f3 su conferencia de prensa a la que concurrieron corresponsales extranjeros como Tom Brokaw de la cadena <em>NBC News<\/em> de Estados Unidos y Riccardo Ehrman de la agencia italiana ANSA. Schabowski inici\u00f3 la conferencia hablando de cuestiones del Comit\u00e9 Central pero nada dijo acerca de la ley viajes. En medio de una presentaci\u00f3n aburrida en la que Schabowski no dec\u00eda nada de inter\u00e9s, Ehrman \u2014dada la dura reacci\u00f3n del gobierno ante las protestas, denegando visas y endureciendo la pol\u00edtica de viajes\u2014 le pregunt\u00f3: \u201c\u00bfNo cree que ha sido un gran error la Ley de Viajes que se present\u00f3 hace pocas semanas?\u201d.<\/span><\/p>\n<p style=\"text-align: center;\"><a href=\"http:\/\/saeeg.org\/wp-content\/uploads\/2019\/11\/BERLIN-CONFERENCIA-DE-PRENSA-DE-SCHABOWSKI-1.jpg\"><img loading=\"lazy\" decoding=\"async\" class=\"aligncenter wp-image-898\" src=\"http:\/\/saeeg.org\/wp-content\/uploads\/2019\/11\/BERLIN-CONFERENCIA-DE-PRENSA-DE-SCHABOWSKI-1-300x225.jpg\" alt=\"\" width=\"500\" height=\"375\" srcset=\"https:\/\/saeeg.org\/wp-content\/uploads\/2019\/11\/BERLIN-CONFERENCIA-DE-PRENSA-DE-SCHABOWSKI-1-300x225.jpg 300w, https:\/\/saeeg.org\/wp-content\/uploads\/2019\/11\/BERLIN-CONFERENCIA-DE-PRENSA-DE-SCHABOWSKI-1.jpg 480w\" sizes=\"auto, (max-width: 500px) 100vw, 500px\" \/><\/a><\/p>\n<p style=\"text-align: center;\"><span style=\"font-size: 10pt; font-family: verdana, geneva, sans-serif;\"><strong>G\u00fcnter Schabowski, estresado, en la conferencia de prensa en la tarde del 9 de noviembre de 1989. Foto: DPA<a href=\"#_edn11\" name=\"_ednref11\">[11]<\/a><\/strong><\/span><\/p>\n<p style=\"text-align: justify;\"><span style=\"font-family: verdana, geneva, sans-serif;\">Molesto, Schabowski le respondi\u00f3 <em>\u201cnosotros no cometemos errores\u201d.<\/em> Inmediatamente agreg\u00f3: <em>\u201cpero tengo algo que decir\u201d.<\/em> En ese momento sac\u00f3 un papel de su bolsillo y comenz\u00f3 a leer:<\/span><\/p>\n<p style=\"text-align: justify;\"><span style=\"font-family: verdana, geneva, sans-serif;\"><em>Los viajes privados al extranjero se pueden autorizar sin la presentaci\u00f3n de un justificante; motivo de viaje o lugar de residencia. Las autorizaciones ser\u00e1n emitidas sin demora. Se ha difundido una circular a este respecto. Los departamentos de la Polic\u00eda Popular responsables de los visados y del registro del domicilio han sido instruidos para autorizar sin retraso los permisos permanentes de viaje, sin que las condiciones actualmente en vigor deban cumplirse. Los viajes de duraci\u00f3n permanente pueden hacerse en todo puesto fronterizo con la RFA.<\/em><a href=\"#_edn12\" name=\"_ednref12\">[12]<\/a><\/span><\/p>\n<p style=\"text-align: justify;\"><span style=\"font-family: verdana, geneva, sans-serif;\">La siguiente pregunta l\u00f3gica era: \u201c\u00bfcu\u00e1ndo?\u201d. Schabowski respondi\u00f3: \u201cPues ya. Y es v\u00e1lido para todas las fronteras\u201d<a href=\"#_edn13\" name=\"_ednref13\">[13]<\/a>.<\/span><\/p>\n<p style=\"text-align: center;\"><a href=\"http:\/\/saeeg.org\/wp-content\/uploads\/2019\/11\/berlin-Schabowski-escribi\u00f3-un-memorando-para-la-conferencia-de-prensa.-Al-final-de-la-misma-es-Leer-el-texto-del-reglamento-de-viaje.jpg\"><img loading=\"lazy\" decoding=\"async\" class=\"aligncenter wp-image-899 size-large\" src=\"http:\/\/saeeg.org\/wp-content\/uploads\/2019\/11\/berlin-Schabowski-escribi\u00f3-un-memorando-para-la-conferencia-de-prensa.-Al-final-de-la-misma-es-Leer-el-texto-del-reglamento-de-viaje-737x1024.jpg\" alt=\"\" width=\"474\" height=\"659\" srcset=\"https:\/\/saeeg.org\/wp-content\/uploads\/2019\/11\/berlin-Schabowski-escribi\u00f3-un-memorando-para-la-conferencia-de-prensa.-Al-final-de-la-misma-es-Leer-el-texto-del-reglamento-de-viaje.jpg 737w, https:\/\/saeeg.org\/wp-content\/uploads\/2019\/11\/berlin-Schabowski-escribi\u00f3-un-memorando-para-la-conferencia-de-prensa.-Al-final-de-la-misma-es-Leer-el-texto-del-reglamento-de-viaje-216x300.jpg 216w\" sizes=\"auto, (max-width: 474px) 100vw, 474px\" \/><\/a><span style=\"font-family: verdana, geneva, sans-serif; font-size: 10pt;\"><strong>Schabowski escribi\u00f3 un memorando para la conferencia de prensa. Al final de la misma es: \u201cLeer el texto del reglamento de viaje\u201d. Foto: Archivo <em>Berliner Zeitung<a href=\"#_edn14\" name=\"_ednref14\">[14]<\/a><\/em><\/strong><\/span><\/p>\n<p style=\"text-align: justify;\"><span style=\"font-family: verdana, geneva, sans-serif;\">El grupo de Lauter hab\u00eda establecido un \u201cplazo de espera\u201d, por lo que las nuevas disposiciones solo se publicar\u00edan el 10 de noviembre, al d\u00eda siguiente. Schabowski desconoc\u00eda ese dato.<\/span><\/p>\n<p style=\"text-align: justify;\"><span style=\"font-family: verdana, geneva, sans-serif;\">Los corresponsales estadounidenses y brit\u00e1nicos consideraban que hab\u00eda habido un error de traducci\u00f3n pero confirmaron lo que Schabowski inform\u00f3 en la conferencia de prensa. A las 20:00 horas, el <em>Tagesschau<\/em>, el noticiero de la <em>ARD<\/em>, la primera cadena de la RFA, abri\u00f3 con el titular: <em>\u201cDDR \u00f6ffnet die Grenze\u201d<\/em>, \u201cLa RDA abre las fronteras\u201d<a href=\"#_edn15\" name=\"_ednref15\">[15]<\/a>.<\/span><\/p>\n<p style=\"text-align: center;\"><a href=\"http:\/\/saeeg.org\/wp-content\/uploads\/2019\/11\/BERLIN-PAPEL-TOM-BROKAW.jpg\"><img loading=\"lazy\" decoding=\"async\" class=\"aligncenter wp-image-900\" src=\"http:\/\/saeeg.org\/wp-content\/uploads\/2019\/11\/BERLIN-PAPEL-TOM-BROKAW-300x168.jpg\" alt=\"\" width=\"500\" height=\"280\" srcset=\"https:\/\/saeeg.org\/wp-content\/uploads\/2019\/11\/BERLIN-PAPEL-TOM-BROKAW-300x168.jpg 300w, https:\/\/saeeg.org\/wp-content\/uploads\/2019\/11\/BERLIN-PAPEL-TOM-BROKAW.jpg 760w\" sizes=\"auto, (max-width: 500px) 100vw, 500px\" \/><\/a><\/p>\n<p style=\"text-align: center;\"><span style=\"font-family: verdana, geneva, sans-serif; font-size: 10pt;\"><strong>Tom Brokaw, corresponsal de <em>NBC News<\/em><\/strong><\/span><\/p>\n<p style=\"text-align: justify;\"><span style=\"font-family: verdana, geneva, sans-serif;\">En la noche del 9 de noviembre, la poblaci\u00f3n, sin dudarlo, march\u00f3 hacia el muro. El teniente coronel Harald J\u00e4ger se encontraba a cargo del puesto fronterizo de Bornholmer Strasse, al frente de 52 hombres armados. Ante la multitud pac\u00edfica pero numerosa, J\u00e4ger llam\u00f3 para pedir instrucciones y advirti\u00f3 que no pod\u00eda enfrentar a esa muchedumbre. Para convencer a su interlocutor le hizo escuchar a trav\u00e9s del tel\u00e9fono el ruido que hac\u00eda la gente en torno del puesto fronterizo. J\u00e4ger se comunica con otros puestos y observa que la confusi\u00f3n era generalizada. Considera que para evitar una matanza debe dejar pasar a aquellos que lo requieran y, siguiendo las instrucciones, coloca un sello en la identidad del pasaporte fotogr\u00e1fico, lo que significa que quien cruzara la frontera no pod\u00eda ingresar nuevamente a la RDA. La medida no tuvo sentido. En minutos alemanes orientales y occidentales se hab\u00edan sumado al muro para festejar ante la asombrada mirada de los guardias de la RDA.<\/span><\/p>\n<p style=\"text-align: justify;\"><span style=\"font-family: verdana, geneva, sans-serif;\">Varios a\u00f1os despu\u00e9s, Lech Wa\u0142\u0119sa record\u00f3, en una entrevista, ese d\u00eda 9 de noviembre:<\/span><\/p>\n<p style=\"text-align: justify;\"><span style=\"font-family: verdana, geneva, sans-serif;\"><em>Ese d\u00eda lleg\u00f3 Helmut Kohl con una delegaci\u00f3n a Varsovia y deb\u00eda reunirse tambi\u00e9n conmigo, como jefe de los sindicatos. \u201cSe\u00f1ores\u201d, les dije a Kohl y a (el ministro de Exteriores alem\u00e1n) Hans-Dietrich Genscher, \u201cpronto caer\u00e1 el muro de Berl\u00edn, pronto la Uni\u00f3n Sovi\u00e9tica colapsar\u00e1. \u00bfEst\u00e1n ustedes, como principal potencia europea, preparados para ello?\u201d. Y vino la respuesta, creo que de Kohl. \u201cEstimado se\u00f1or Wa\u0142\u0119sa, nos encantar\u00eda tener esos problemas. Pero algo as\u00ed no lo vamos a ver. Hasta que algo as\u00ed ocurra, crecer\u00e1n \u00e1rboles sobre nuestras tumbas\u201d. Y esa misma tarde debieron cancelar la visita oficial a Varsovia, porque el muro de Berl\u00edn hab\u00eda ca\u00eddo.<\/em><a href=\"#_edn16\" name=\"_ednref16\">[16]<\/a><\/span><\/p>\n<p style=\"text-align: justify;\"><span style=\"font-family: verdana, geneva, sans-serif; font-size: 12pt;\"><strong>De un muro a otro<\/strong><\/span><\/p>\n<p style=\"text-align: justify;\"><span style=\"font-family: verdana, geneva, sans-serif; font-size: 12pt;\">La marcha de Alexanderplatz del 4 de noviembre de 1989, en la que la poblaci\u00f3n se moviliz\u00f3 para reclamar profundas reformas pol\u00edticas en la RDA, fue una de las m\u00e1s importantes en la historia de ese pa\u00eds y una de las principales causas que llevaron al fin de la Alemania Oriental y del derrumbe del Muro de Berl\u00edn el 9 de noviembre. Fue as\u00ed como ese hito hist\u00f3rico, advertido por Lech Wa\u0142\u0119sa a un incr\u00e9dulo Helmut Kohl, permiti\u00f3 que el 3 de octubre de 1990 se procediera a la reunificaci\u00f3n de Alemania.<\/span><\/p>\n<p style=\"text-align: justify;\"><span style=\"font-family: verdana, geneva, sans-serif; font-size: 12pt;\">En la actualidad, por aquella frontera por la que intentaban escapar algunos alemanes de la RDA, la que divide a Bulgaria de Turqu\u00eda, hoy existe una nueva valla construida por el gobierno de Sof\u00eda. El pa\u00eds m\u00e1s pobre de la Uni\u00f3n Europea levant\u00f3 una valla de tres metros de altura a lo largo de 33 kil\u00f3metros en la frontera con Turqu\u00eda, la que fue completada en 2014<a href=\"#_edn17\" name=\"_ednref17\">[17]<\/a>. El objetivo es frenar el flujo creciente de refugiados y migrantes.<\/span><\/p>\n<p style=\"text-align: center;\"><a href=\"http:\/\/saeeg.org\/wp-content\/uploads\/2019\/11\/VALLA-BULGARIA-TURQUIA-1.jpg\"><img loading=\"lazy\" decoding=\"async\" class=\"aligncenter wp-image-901\" src=\"http:\/\/saeeg.org\/wp-content\/uploads\/2019\/11\/VALLA-BULGARIA-TURQUIA-1-300x183.jpg\" alt=\"\" width=\"500\" height=\"305\" srcset=\"https:\/\/saeeg.org\/wp-content\/uploads\/2019\/11\/VALLA-BULGARIA-TURQUIA-1-300x183.jpg 300w, https:\/\/saeeg.org\/wp-content\/uploads\/2019\/11\/VALLA-BULGARIA-TURQUIA-1.jpg 576w\" sizes=\"auto, (max-width: 500px) 100vw, 500px\" \/><\/a><\/p>\n<p style=\"text-align: center;\"><span style=\"font-family: verdana, geneva, sans-serif; font-size: 10pt;\"><strong>Nikolay Doychinov<\/strong><strong> (<\/strong><strong>AFP)<\/strong><\/span><\/p>\n<p style=\"text-align: justify;\"><span style=\"font-family: verdana, geneva, sans-serif;\">Un a\u00f1o m\u00e1s tarde, el gobierno anunci\u00f3 que la extender\u00eda otros 130 kil\u00f3metros \u2014de los 240 que separan a Bulgaria de Turqu\u00eda\u2014 y posteriormente otros 60 kil\u00f3metros m\u00e1s.<\/span><\/p>\n<p style=\"text-align: justify;\"><span style=\"font-family: verdana, geneva, sans-serif;\">La frontera por la que en la \u00e9poca del Muro de Berl\u00edn se imped\u00eda que se escapasen los alemanes de la RDA, hoy tiene una valla para impedir que los migrantes ingresen a la Uni\u00f3n Europea. Como en aquel entonces, esta valla tambi\u00e9n produce muertes: las de aquellos que pierden su vida en el intento de llegar a Europa. Una de las tantas vallas y muros que siguen dividiendo regiones y hombres.<\/span><\/p>\n<p style=\"text-align: justify;\"><span style=\"font-family: verdana, geneva, sans-serif; font-size: 10pt;\"><strong><em>* Licenciado en Historia (UBA). Doctor en Relaciones Internacionales (AIU). Director de la SAEEG.<\/em><\/strong><\/span><\/p>\n<p><span style=\"font-family: verdana, geneva, sans-serif;\"><strong><em>\u00a92019-SAEEG\u00ae<\/em><\/strong><\/span><\/p>\n<p style=\"text-align: justify;\"><span style=\"font-family: verdana, geneva, sans-serif; font-size: 10pt;\"><strong>Referencias<\/strong><\/span><\/p>\n<p style=\"text-align: justify;\"><span style=\"font-family: verdana, geneva, sans-serif; font-size: 10pt;\">[1] Christian Erdei. \u201cEl picnic que cambi\u00f3 la historia de Europa\u201d. <em>Deutsche Welle<\/em>, 19\/08\/2009, &lt;http:\/\/www.dw-world.de\/dw\/article\/0,,4583480,00.html?maca=spa-rss-sp-all-1122-rdf&gt;, [consulta: 13\/04\/2016].<\/span><\/p>\n<p style=\"text-align: justify;\"><span style=\"font-family: verdana, geneva, sans-serif; font-size: 10pt;\"><a href=\"#_ednref1\" name=\"_edn1\"><\/a><\/span><\/p>\n<p><span style=\"font-family: verdana, geneva, sans-serif; font-size: 10pt;\">[2]<em> \u00cddem<\/em>.<\/span><\/p>\n<p style=\"text-align: justify;\"><span style=\"font-family: verdana, geneva, sans-serif; font-size: 10pt;\"><a href=\"#_ednref1\" name=\"_edn1\"><\/a><\/span><\/p>\n<p style=\"text-align: justify;\"><span style=\"font-family: verdana, geneva, sans-serif; font-size: 10pt;\">[3] \u201cAlois Mock, Austrian foreign minister at the fall of the Iron Curtain \u2013 obituary\u201d. <em>The Telegraph<\/em>, 11\/06\/2017, &lt;https:\/\/www.telegraph.co.uk\/obituaries\/2017\/06\/11\/alois-mock-austrian-foreign-minister-fall-iron-curtain-obituary\/&gt;, [consulta: 15\/09\/2018].<\/span><\/p>\n<p style=\"text-align: justify;\"><span style=\"font-family: verdana, geneva, sans-serif; font-size: 10pt;\"><a href=\"#_ednref1\" name=\"_edn1\"><\/a><\/span><\/p>\n<p style=\"text-align: justify;\"><span style=\"font-family: verdana, geneva, sans-serif; font-size: 10pt;\">[4] Enrique M\u00fcller. \u201cUn \u2018picnic\u2019 para la historia. Hungr\u00eda y Austria conmemoran la huida de 600 alemanes del este a trav\u00e9s de sus fronteras\u201d. <em>El Pa\u00eds <\/em>(Espa\u00f1a), 20\/08\/2014, &lt;https:\/\/elpais.com\/internacional\/2014\/08\/20\/actualidad\/1408529554_932738.html&gt;, [consulta: 15\/09\/2018].<\/span><\/p>\n<p style=\"text-align: justify;\"><span style=\"font-family: verdana, geneva, sans-serif; font-size: 10pt;\"><a href=\"#_ednref1\" name=\"_edn1\"><\/a><\/span><\/p>\n<p><span style=\"font-family: verdana, geneva, sans-serif; font-size: 10pt;\">[5] Christian Erdei. <em>Op. cit.<\/em><\/span><\/p>\n<p style=\"text-align: justify;\"><span style=\"font-family: verdana, geneva, sans-serif; font-size: 10pt;\"><a href=\"#_ednref1\" name=\"_edn1\"><\/a><\/span><\/p>\n<p style=\"text-align: justify;\"><span style=\"font-family: verdana, geneva, sans-serif; font-size: 10pt;\">[6] Markus Wolf. <em>El hombre sin rostro. La autobiograf\u00eda del gran maestro del espionaje comunista<\/em>. Buenos Aires: Javier Vergara, 1997, p. 362.<\/span><\/p>\n<p style=\"text-align: justify;\"><span style=\"font-family: verdana, geneva, sans-serif; font-size: 10pt;\"><a href=\"#_ednref1\" name=\"_edn1\"><\/a><\/span><\/p>\n<p><span style=\"font-family: verdana, geneva, sans-serif; font-size: 10pt;\">[7]<em> \u00cddem<\/em>.<\/span><\/p>\n<p style=\"text-align: justify;\"><span style=\"font-family: verdana, geneva, sans-serif; font-size: 10pt;\"><a href=\"#_ednref1\" name=\"_edn1\"><\/a><\/span><\/p>\n<p style=\"text-align: justify;\"><span style=\"font-family: verdana, geneva, sans-serif; font-size: 10pt;\">[8] J. M. Mart\u00ed Font. \u201cUna confusi\u00f3n abati\u00f3 el muro\u201d. El Pa\u00eds (Espa\u00f1a), 08\/11\/2009, &lt;https:\/\/elpais.com\/diario\/2009\/11\/08\/domingo\/1257655957_850215.html&gt;, [consulta: 10\/11\/2009].<\/span><\/p>\n<p style=\"text-align: justify;\"><span style=\"font-family: verdana, geneva, sans-serif; font-size: 10pt;\"><a href=\"#_ednref1\" name=\"_edn1\"><\/a><\/span><\/p>\n<p><span style=\"font-family: verdana, geneva, sans-serif; font-size: 10pt;\">[9]<em> \u00cddem<\/em>.<\/span><\/p>\n<p style=\"text-align: justify;\"><span style=\"font-family: verdana, geneva, sans-serif; font-size: 10pt;\"><a href=\"#_ednref1\" name=\"_edn1\"><\/a><\/span><\/p>\n<p style=\"text-align: justify;\"><span style=\"font-family: verdana, geneva, sans-serif; font-size: 10pt;\">[10] Cordt Schnibben. \u201cL\u2019ouverture du mur de Berlin? Un couac incroyable!\u201d. <em>Le Temps<\/em>, 08\/11\/2009, &lt;https:\/\/www.letemps.ch\/no-section\/louverture-mur-berlin-un-couac-incroyable&gt;, [consulta: 30\/10\/2019].<\/span><\/p>\n<p style=\"text-align: justify;\"><span style=\"font-family: verdana, geneva, sans-serif; font-size: 10pt;\"><a href=\"#_ednref1\" name=\"_edn1\"><\/a><\/span><\/p>\n<p style=\"text-align: justify;\"><span style=\"font-family: verdana, geneva, sans-serif; font-size: 10pt;\">[11] Michael Brettin. \u201cDer Tag, an dem die Mauer fiel\u201d. <em>Berliner Zeitung<\/em>, &lt;https:\/\/story.berliner-zeitung.de\/mauerfall\/&gt;, [consulta: 30\/10\/2019].<\/span><\/p>\n<p style=\"text-align: justify;\"><span style=\"font-family: verdana, geneva, sans-serif; font-size: 10pt;\"><a href=\"#_ednref1\" name=\"_edn1\"><\/a><\/span><\/p>\n<p style=\"text-align: justify;\"><span style=\"font-family: verdana, geneva, sans-serif; font-size: 10pt;\">[12] \u201cRiccardo Ehrman y la pregunta que dinamit\u00f3 el Muro de Berl\u00edn\u201d. <em>The History Channel Iberia<\/em>, 29\/10\/2019, &lt;https:\/\/canalhistoria.es\/blog\/riccardo-ehrman-pregunta-que-dinamito-muro-de-berlin\/&gt;, [consulta: 30\/10\/2019].<\/span><\/p>\n<p style=\"text-align: justify;\"><span style=\"font-family: verdana, geneva, sans-serif; font-size: 10pt;\"><a href=\"#_ednref1\" name=\"_edn1\"><\/a><\/span><\/p>\n<p><span style=\"font-family: verdana, geneva, sans-serif; font-size: 10pt;\">[13] <em>\u00cddem<\/em>.<\/span><\/p>\n<p style=\"text-align: justify;\"><span style=\"font-family: verdana, geneva, sans-serif; font-size: 10pt;\"><a href=\"#_ednref1\" name=\"_edn1\"><\/a><\/span><\/p>\n<p><span style=\"font-family: verdana, geneva, sans-serif; font-size: 10pt;\">[14] Michael Brettin. <em>Op. cit<\/em>.<\/span><\/p>\n<p style=\"text-align: justify;\"><span style=\"font-family: verdana, geneva, sans-serif; font-size: 10pt;\">[15] \u201cTagesschau vom 9. November 1989\u201d. <em>YouTube<\/em>, &lt;https:\/\/www.youtube.com\/ watch?v=llE7tCeNbro&gt;, [consulta: 13\/09\/2018].<\/span><\/p>\n<p style=\"text-align: justify;\"><span style=\"font-family: verdana, geneva, sans-serif; font-size: 10pt;\"><a href=\"#_ednref1\" name=\"_edn1\"><\/a><\/span><\/p>\n<p style=\"text-align: justify;\"><span style=\"font-family: verdana, geneva, sans-serif; font-size: 10pt;\"><a href=\"#_ednref1\" name=\"_edn1\"><\/a><\/span><\/p>\n<p style=\"text-align: justify;\"><span style=\"font-family: verdana, geneva, sans-serif; font-size: 10pt;\">[16] Magdalena Gw\u00f3zdz. \u201cLech Walesa: \u2018Kohl era un pol\u00edtico muy h\u00e1bil\u2019\u201d. <em>Deutsche Welle<\/em>, 01\/07\/2017, &lt;https:\/\/www.dw.com\/es\/lech-walesa-kohl-era-un-pol%C3%ADtico-muy-h%C3%A1bil\/a-39504615&gt;, [consulta: 13\/09\/2018].<\/span><\/p>\n<p style=\"text-align: justify;\"><span style=\"font-family: verdana, geneva, sans-serif; font-size: 10pt; color: #000000;\"><a style=\"color: #000000;\" href=\"#_ednref1\" name=\"_edn1\">[17] Andr\u00e9s Mourenza. \u201cLa frontera oriental de Europa entre Bulgaria y Turqu\u00eda\u201d. <em>El Pa\u00eds <\/em>(Espa\u00f1a), 25\/04\/2017, &lt;https:\/\/elpais.com\/internacional\/2017\/03\/16\/actualidad\/1489686063_777862.html&gt;, [consulta: 13\/09\/2018].<\/a><\/span><\/p>\n","protected":false},"excerpt":{"rendered":"<p>Marcelo Javier de los Reyes* Imagen de Peter Dargatz en Pixabay Introducci\u00f3n El derrumbe del Muro de Berl\u00edn fue un proceso que se debi\u00f3 a una suma de hechos que se iniciaron unos a\u00f1os antes de 1989, entre los que podr\u00edamos destacar las negociaciones entre Ronald Reagan y Mijail Gorbachov, el atentado contra el Papa &hellip; <a href=\"https:\/\/saeeg.org\/index.php\/2019\/11\/06\/el-papel-derribo-el-muro-30-anos-del-derrumbe-del-muro-de-berlin\/\" class=\"more-link\">Seguir leyendo <span class=\"screen-reader-text\">EL PAPEL QUE DERRIB\u00d3 EL MURO. A 30 A\u00d1OS DEL DERRUMBE DEL MURO DE BERL\u00cdN<\/span> <span class=\"meta-nav\">&rarr;<\/span><\/a><\/p>\n","protected":false},"author":4,"featured_media":0,"comment_status":"open","ping_status":"open","sticky":false,"template":"","format":"standard","meta":{"footnotes":""},"categories":[289],"tags":[291,293,290,292],"class_list":["post-894","post","type-post","status-publish","format-standard","hentry","category-alemania","tag-bulgaria","tag-migraciones","tag-muro-de-berlin","tag-turquia"],"_links":{"self":[{"href":"https:\/\/saeeg.org\/index.php\/wp-json\/wp\/v2\/posts\/894","targetHints":{"allow":["GET"]}}],"collection":[{"href":"https:\/\/saeeg.org\/index.php\/wp-json\/wp\/v2\/posts"}],"about":[{"href":"https:\/\/saeeg.org\/index.php\/wp-json\/wp\/v2\/types\/post"}],"author":[{"embeddable":true,"href":"https:\/\/saeeg.org\/index.php\/wp-json\/wp\/v2\/users\/4"}],"replies":[{"embeddable":true,"href":"https:\/\/saeeg.org\/index.php\/wp-json\/wp\/v2\/comments?post=894"}],"version-history":[{"count":0,"href":"https:\/\/saeeg.org\/index.php\/wp-json\/wp\/v2\/posts\/894\/revisions"}],"wp:attachment":[{"href":"https:\/\/saeeg.org\/index.php\/wp-json\/wp\/v2\/media?parent=894"}],"wp:term":[{"taxonomy":"category","embeddable":true,"href":"https:\/\/saeeg.org\/index.php\/wp-json\/wp\/v2\/categories?post=894"},{"taxonomy":"post_tag","embeddable":true,"href":"https:\/\/saeeg.org\/index.php\/wp-json\/wp\/v2\/tags?post=894"}],"curies":[{"name":"wp","href":"https:\/\/api.w.org\/{rel}","templated":true}]}}